{"id":5110,"date":"2026-01-29T18:54:12","date_gmt":"2026-01-29T18:54:12","guid":{"rendered":"https:\/\/bihavadis.com\/?p=5110"},"modified":"2026-01-29T18:54:12","modified_gmt":"2026-01-29T18:54:12","slug":"selcuklu-sanat-ve-tasarim-atolyesi-yeni-doneme-sizmali-ogrencilerle-merhaba-dedi","status":"publish","type":"post","link":"https:\/\/bihavadis.com\/index.php\/2026\/01\/29\/selcuklu-sanat-ve-tasarim-atolyesi-yeni-doneme-sizmali-ogrencilerle-merhaba-dedi\/","title":{"rendered":"Sel\u00e7uklu Sanat ve Tasar\u0131m At\u00f6lyesi Yeni D\u00f6neme S\u0131zmal\u0131 \u00d6\u011frencilerle Merhaba Dedi"},"content":{"rendered":"<p>Sel\u00e7uklu\u2019da \u00e7ocuklar\u0131n el becerisine katk\u0131 sunarak onlara yeni ufuklar a\u00e7an Sel\u00e7uklu Sanat ve Tasar\u0131m At\u00f6lyesi yeni d\u00f6nemde de sunaca\u011f\u0131 at\u00f6lye etkinlikleriyle e\u011fitime de\u011fer katacak. Bu y\u0131l \u00f6nemli bir fark\u0131ndal\u0131\u011fa daha imza atan Sanat ve Tasar\u0131m At\u00f6lyesi her \u00e7ar\u015famba g\u00fcn\u00fc at\u00f6lye faaliyetlerini farkl\u0131 bir k\u00f6y okulunda ger\u00e7ekle\u015ftirecek. Yeni d\u00f6nemin ilk etkinli\u011finin adresi S\u0131zma Mahallesi\u2019nde bulunan Sel\u00e7uklu Belediyesi S\u0131zma Alparslan \u0130lkokulu oldu. Okul bah\u00e7esine kurulan alanda e\u011fitmenler e\u015fli\u011finde at\u00f6lye etkinliklerine kat\u0131lan \u00f6\u011frenciler keyifli ve verimli bir zaman ge\u00e7irdi.<\/p>\n<p>Sel\u00e7uklu Belediyesi Sanat ve Tasar\u0131m At\u00f6lyesi,\u00a02024-2025\u00a0e\u011fitim y\u0131l\u0131n\u0131n 1. ara tatil d\u00f6nemine kadar sabah ve \u00f6\u011flen gruplar\u0131 olarak 4. s\u0131n\u0131flardan olu\u015fan Robotik Kodlama At\u00f6lyesi 3 s\u0131n\u0131f, Ah\u015fap At\u00f6lyesi 4 s\u0131n\u0131f, \u00c7ini ve Seramik At\u00f6lyesi 3 S\u0131n\u0131f, Ka\u011f\u0131t Katlama At\u00f6lyesi de 4 s\u0131n\u0131f olmak \u00fczere toplamda 14 s\u0131n\u0131f, 28 \u00f6\u011fretmen ve 873 \u00f6\u011frencinin kat\u0131l\u0131m\u0131yla d\u0131\u015f mahallelerde etkinlikler d\u00fczenleyecek.<\/p>\n<p><b>Ba\u015fkan Pekyat\u0131rmac\u0131; \u201cHaftada bir g\u00fcn at\u00f6lyelerimizi farkl\u0131 d\u0131\u015f mahallelerimizdeki okullar\u0131m\u0131zda kuraca\u011f\u0131z\u201d<\/b><\/p>\n<p>Sel\u00e7uklu Belediyesi olarak e\u011fitime her daim b\u00fcy\u00fck \u00f6nem verdiklerini ifade eden Sel\u00e7uklu Belediye Ba\u015fkan\u0131 Ahmet Pekyat\u0131rmac\u0131, \u201cOkul D\u0131\u015f\u0131 \u00d6\u011frenme Ortamlar\u0131 ile binlerce \u00f6\u011frencimizin e\u011fitim hayat\u0131na farkl\u0131 bir bak\u0131\u015f a\u00e7\u0131s\u0131 ile katk\u0131 sa\u011fl\u0131yoruz. Bunlardan biri de Sel\u00e7uklu Sanat ve Tasar\u0131m At\u00f6lyemiz. Her y\u0131l binlerce \u00e7ocu\u011fumuz, \u00f6rg\u00fcn e\u011fitimlerinin devam\u0131n\u0131 sa\u011flayacak \u015fekilde Milli E\u011fitim M\u00fcd\u00fcrl\u00fc\u011f\u00fcm\u00fcz\u00fcn koordinasyonu ile buraya gelerek merkezimizden yararlanabiliyor. At\u00f6lyemizde \u00e7ocuklar\u0131m\u0131z\u0131n da i\u00e7erisinde yer almaktan mutluluk duyduklar\u0131 \u00e7ok farkl\u0131 bir ortam var ve burada yer alan \u00e7e\u015fitli at\u00f6lyelerimizden her y\u0131l binlerce \u00f6\u011frencimiz faydalanma imkan\u0131 buluyor. Bu y\u0131l merkeze uzak mahallelerimizdeki \u00e7ocuklar\u0131m\u0131z\u0131n da bu e\u011fitimlerden yararlanmalar\u0131n\u0131 istedik ve farkl\u0131 bir uygulamay\u0131 hayata ge\u00e7irdik. Her hafta \u00e7ar\u015famba g\u00fcnleri at\u00f6lyelerimizi farkl\u0131 d\u0131\u015f mahallelerimizdeki okullar\u0131m\u0131zda kuraca\u011f\u0131z. Amac\u0131m\u0131z, burada e\u011fitim alan \u00e7ocuklar\u0131m\u0131z\u0131 da bu aktivitelerden en iyi \u015fekilde faydaland\u0131rmak. Sel\u00e7uklu Belediyesi olarak \u00e7ocuklar\u0131m\u0131z\u0131n gelece\u011fe donan\u0131ml\u0131 bir birey olarak haz\u0131rlanmalar\u0131 ad\u0131na onlar\u0131n her zaman destek\u00e7isi olmaya devam edece\u011fiz \u201d dedi.<\/p>\n<p>Kaynak: (BYZHA) Beyaz Haber Ajans\u0131<\/p>\n","protected":false},"excerpt":{"rendered":"<p>\u00b7Sel\u00e7uklu Belediyesi&#8217;nin Sel\u00e7uklu Sanat, E\u011fitim, Teknoloji ve At\u00f6lye Programlar\u0131 (SETAP) kapsam\u0131nda ger\u00e7ekle\u015ftirdi\u011fi Sanat ve Tasar\u0131m At\u00f6lyesi\u2019nde yeni d\u00f6nem e\u011fitimleri S\u0131zma Mahallesi\u2019ndeki \u00f6\u011frencilere y\u00f6nelik etkinliklerle ba\u015flad\u0131.<\/p>\n","protected":false},"author":1,"featured_media":5111,"comment_status":"open","ping_status":"open","sticky":false,"template":"","format":"standard","meta":{"footnotes":""},"categories":[7],"tags":[438,1076,233,1077,464],"class_list":["post-5110","post","type-post","status-publish","format-standard","has-post-thumbnail","hentry","category-egitim","tag-atolye","tag-atolyesi","tag-egitim","tag-selcuklu","tag-sinif"],"_links":{"self":[{"href":"https:\/\/bihavadis.com\/index.php\/wp-json\/wp\/v2\/posts\/5110","targetHints":{"allow":["GET"]}}],"collection":[{"href":"https:\/\/bihavadis.com\/index.php\/wp-json\/wp\/v2\/posts"}],"about":[{"href":"https:\/\/bihavadis.com\/index.php\/wp-json\/wp\/v2\/types\/post"}],"author":[{"embeddable":true,"href":"https:\/\/bihavadis.com\/index.php\/wp-json\/wp\/v2\/users\/1"}],"replies":[{"embeddable":true,"href":"https:\/\/bihavadis.com\/index.php\/wp-json\/wp\/v2\/comments?post=5110"}],"version-history":[{"count":1,"href":"https:\/\/bihavadis.com\/index.php\/wp-json\/wp\/v2\/posts\/5110\/revisions"}],"predecessor-version":[{"id":5112,"href":"https:\/\/bihavadis.com\/index.php\/wp-json\/wp\/v2\/posts\/5110\/revisions\/5112"}],"wp:featuredmedia":[{"embeddable":true,"href":"https:\/\/bihavadis.com\/index.php\/wp-json\/wp\/v2\/media\/5111"}],"wp:attachment":[{"href":"https:\/\/bihavadis.com\/index.php\/wp-json\/wp\/v2\/media?parent=5110"}],"wp:term":[{"taxonomy":"category","embeddable":true,"href":"https:\/\/bihavadis.com\/index.php\/wp-json\/wp\/v2\/categories?post=5110"},{"taxonomy":"post_tag","embeddable":true,"href":"https:\/\/bihavadis.com\/index.php\/wp-json\/wp\/v2\/tags?post=5110"}],"curies":[{"name":"wp","href":"https:\/\/api.w.org\/{rel}","templated":true}]}}