{"id":51151,"date":"2026-02-27T12:51:37","date_gmt":"2026-02-27T12:51:37","guid":{"rendered":"https:\/\/bihavadis.com\/?p=51151"},"modified":"2026-02-27T12:51:37","modified_gmt":"2026-02-27T12:51:37","slug":"7-il-icin-sari-alarm-aman-dikkat-9-kuvvetinde-geliyor","status":"publish","type":"post","link":"https:\/\/bihavadis.com\/index.php\/2026\/02\/27\/7-il-icin-sari-alarm-aman-dikkat-9-kuvvetinde-geliyor\/","title":{"rendered":"7 il i\u00e7in sar\u0131 alarm! Aman dikkat: 9 kuvvetinde geliyor"},"content":{"rendered":"<p>Meteoroloji Genel M\u00fcd\u00fcrl\u00fc\u011f\u00fc, \u0130zmir, Manisa, Ayd\u0131n, \u00c7anakkale, Bal\u0131kesir, Edirne ve Mu\u011fla i\u00e7in \u00e7ok kuvvetli sa\u011fanak ya\u011f\u0131\u015f ve 9 kuvvetinde f\u0131rt\u0131na uyar\u0131s\u0131nda bulundu. Yap\u0131lan a\u00e7\u0131klamada, 7 ilde sel ve olas\u0131 olumsuzluklara kar\u015f\u0131 tedbirli olunmas\u0131 istendi.<\/p>\n<p><b>METEOROLOJ\u0130DEN PE\u015e PE\u015eE UYARILAR<\/b><\/p>\n<p>MGM&#8217;nin de\u011ferlendirmelerine g\u00f6re T\u00fcrkiye, yeni bir ya\u011f\u0131\u015fl\u0131 hava sisteminin etkisi alt\u0131na giriyor. Bat\u0131 b\u00f6lgelerinden ba\u015flayacak ya\u011f\u0131\u015flar\u0131n cuma g\u00fcn\u00fc itibar\u0131yla \u00fclke geneline yay\u0131lmas\u0131 bekleniyor.<\/p>\n<p><b>KUVVETL\u0130 VE \u00c7OK KUVVETL\u0130 SA\u011eANAK BEKLEN\u0130YOR<\/b><\/p>\n<p>Bug\u00fcn \u00f6\u011fle saatlerinden sonra \u0130zmir, Manisa, Ayd\u0131n, Mu\u011fla, \u00c7anakkale \u00e7evreleri ile Bal\u0131kesir&#8217;in bat\u0131 kesimleri ve Edirne&#8217;nin g\u00fcneyinde kuvvetli, k\u0131y\u0131 il\u00e7elerde ise \u00e7ok kuvvetli sa\u011fanak ve g\u00f6k g\u00fcr\u00fclt\u00fcl\u00fc sa\u011fanak ya\u011f\u0131\u015f \u00f6ng\u00f6r\u00fcl\u00fcyor.<\/p>\n<p><b>7 KENT \u0130\u00c7\u0130N SARI KODLU ALARM<\/b><\/p>\n<p>Meteoroloji, s\u00f6z konusu iller i\u00e7in sar\u0131 kodlu uyar\u0131 yay\u0131mlad\u0131. A\u00e7\u0131klamada ani sel, su bask\u0131n\u0131, y\u0131ld\u0131r\u0131m, yerel dolu, k\u0131y\u0131 kesimlerde hortum, kuvvetli r\u00fczgar ve f\u0131rt\u0131na nedeniyle ula\u015f\u0131mda aksamalar ya\u015fanabilece\u011fi belirtilerek vatanda\u015flar\u0131n dikkatli olmas\u0131 istendi.<\/p>\n<p><b>R\u00dcZGAR 9 KUVVET\u0130NE \u00c7IKACAK<\/b><\/p>\n<p>Ege ve Akdeniz b\u00f6lgelerinde r\u00fczgar\u0131n g\u00fcn\u00fcn ilk saatlerinden itibaren 6 ila 8 kuvvetinde, yer yer 9 kuvvetinde f\u0131rt\u0131na \u015feklinde esmesi bekleniyor.<\/p>\n<p><b>YA\u011eI\u015eLAR T\u00dcM YURDA YAYILIYOR<\/b><\/p>\n<p>Bug\u00fcn Van \u00e7evreleri ile Hakkari&#8217;nin do\u011fu kesimlerinde kar ya\u011f\u0131\u015f\u0131 beklenirken, ya\u011f\u0131\u015flar\u0131n yar\u0131ndan itibaren t\u00fcm yurda yay\u0131laca\u011f\u0131 bildirildi. Tahminlere g\u00f6re bat\u0131 ve i\u00e7 b\u00f6lgelerde sa\u011fanak ya\u011fmur, do\u011fu illerinde ise kar etkili olacak.<\/p>\n<p><b>BAZI \u0130LLERDE BEKLENEN SICAKLIKLAR<\/b><\/p>\n<p>Meteoroloji verilerine g\u00f6re bug\u00fcn K\u0131rklareli&#8217;nde s\u0131cakl\u0131k 5 ila 10, \u0130stanbul&#8217;da 8 ila 12, Denizli&#8217;de 5 ila 17, \u0130zmir&#8217;de 11 ila 15, Adana&#8217;da 5 ila 19, Ankara&#8217;da 0 ila 12, Samsun&#8217;da 4 ila 16, Erzurum&#8217;da -13 ila 1, Malatya&#8217;da -2 ila 8, Kars&#8217;ta -18 ila -3, Diyarbak\u0131r&#8217;da -2 ila 10 ve Gaziantep&#8217;te 2 ila 11 derece aras\u0131nda seyredecek.<\/p>\n","protected":false},"excerpt":{"rendered":"<p>Meteoroloji \u0130zmir, Manisa, Ayd\u0131n, \u00c7anakkale, Bal\u0131kesir, Edirne ve Mu\u011fla i\u00e7in \u00e7ok kuvvetli sa\u011fanak ve 9 kuvvetinde f\u0131rt\u0131na uyar\u0131s\u0131 yay\u0131nlad\u0131. 7 \u015fehir i\u00e7in sel uyar\u0131s\u0131 yap\u0131l\u0131rken ya\u011f\u0131\u015flar\u0131n yar\u0131ndan itibaren t\u00fcm yurtta etkili olaca\u011f\u0131n\u0131 bildirdi.<\/p>\n","protected":false},"author":1,"featured_media":51152,"comment_status":"open","ping_status":"open","sticky":false,"template":"","format":"standard","meta":{"footnotes":""},"categories":[6],"tags":[3537,1849,1851,1165],"class_list":["post-51151","post","type-post","status-publish","format-standard","has-post-thumbnail","hentry","category-dunya","tag-ila","tag-kuvvetli","tag-saganak","tag-yagis"],"_links":{"self":[{"href":"https:\/\/bihavadis.com\/index.php\/wp-json\/wp\/v2\/posts\/51151","targetHints":{"allow":["GET"]}}],"collection":[{"href":"https:\/\/bihavadis.com\/index.php\/wp-json\/wp\/v2\/posts"}],"about":[{"href":"https:\/\/bihavadis.com\/index.php\/wp-json\/wp\/v2\/types\/post"}],"author":[{"embeddable":true,"href":"https:\/\/bihavadis.com\/index.php\/wp-json\/wp\/v2\/users\/1"}],"replies":[{"embeddable":true,"href":"https:\/\/bihavadis.com\/index.php\/wp-json\/wp\/v2\/comments?post=51151"}],"version-history":[{"count":1,"href":"https:\/\/bihavadis.com\/index.php\/wp-json\/wp\/v2\/posts\/51151\/revisions"}],"predecessor-version":[{"id":51153,"href":"https:\/\/bihavadis.com\/index.php\/wp-json\/wp\/v2\/posts\/51151\/revisions\/51153"}],"wp:featuredmedia":[{"embeddable":true,"href":"https:\/\/bihavadis.com\/index.php\/wp-json\/wp\/v2\/media\/51152"}],"wp:attachment":[{"href":"https:\/\/bihavadis.com\/index.php\/wp-json\/wp\/v2\/media?parent=51151"}],"wp:term":[{"taxonomy":"category","embeddable":true,"href":"https:\/\/bihavadis.com\/index.php\/wp-json\/wp\/v2\/categories?post=51151"},{"taxonomy":"post_tag","embeddable":true,"href":"https:\/\/bihavadis.com\/index.php\/wp-json\/wp\/v2\/tags?post=51151"}],"curies":[{"name":"wp","href":"https:\/\/api.w.org\/{rel}","templated":true}]}}