{"id":51186,"date":"2026-02-27T13:15:15","date_gmt":"2026-02-27T13:15:15","guid":{"rendered":"https:\/\/bihavadis.com\/?p=51186"},"modified":"2026-02-27T13:15:15","modified_gmt":"2026-02-27T13:15:15","slug":"aydinda-yaya-gecidinde-kaza-yasli-adam-yaralandi","status":"publish","type":"post","link":"https:\/\/bihavadis.com\/index.php\/2026\/02\/27\/aydinda-yaya-gecidinde-kaza-yasli-adam-yaralandi\/","title":{"rendered":"Ayd\u0131n\u2019da yaya ge\u00e7idinde kaza: Ya\u015fl\u0131 adam yaraland\u0131"},"content":{"rendered":"<p>Bug\u00fcn saat 11.00 s\u0131ralar\u0131nda Ayd\u0131n&#8217;\u0131n\u00a0Efeler il\u00e7esinde Hasan Efendi Mahallesi K\u0131z\u0131lay Caddesi \u00fczerinde, S.A. y\u00f6netimindeki 20 R 0479 plakal\u0131 Tofa\u015f marka otomobil, yaya ge\u00e7idinden yolun kar\u015f\u0131s\u0131na ge\u00e7meye \u00e7al\u0131\u015fan A.A.\u2019ya \u00e7arpt\u0131. \u00c7arpman\u0131n etkisiyle savrulan ya\u015fl\u0131 adam yere d\u00fc\u015ft\u00fc.<\/p>\n<p><strong>SA\u011eLIK DURUMU \u0130Y\u0130<\/strong><\/p>\n<p>Olay an\u0131nda b\u00f6lgeden ge\u00e7en bir ambulans ekibi yaral\u0131ya ilk m\u00fcdahaleyi ger\u00e7ekle\u015ftirdi. \u0130hbar \u00fczerine gelen ambulansla Ayd\u0131n Devlet Hastanesi\u2019ne kald\u0131r\u0131lan A.A.\u2019n\u0131n sa\u011fl\u0131k durumunun iyi oldu\u011fu \u00f6\u011frenildi.<\/p>\n<p>Kazayla ilgili polis ekipleri taraf\u0131ndan inceleme ba\u015flat\u0131ld\u0131.<\/p>\n<p><img decoding=\"async\" src=\"https:\/\/bihavadis.com\/wp-content\/uploads\/2026\/02\/aydinda-yaya-gecidinde-kaza-yasli-adam-yaralandi-0-aTqYMmbX.jpg\"\/><\/p>\n<p><img decoding=\"async\" src=\"https:\/\/bihavadis.com\/wp-content\/uploads\/2026\/02\/aydinda-yaya-gecidinde-kaza-yasli-adam-yaralandi-1-qrX6e6PL.jpg\"\/><\/p>\n<p><img decoding=\"async\" src=\"https:\/\/bihavadis.com\/wp-content\/uploads\/2026\/02\/aydinda-yaya-gecidinde-kaza-yasli-adam-yaralandi-2-5R1IthGd.jpg\"\/><\/p>\n<p><img decoding=\"async\" src=\"https:\/\/bihavadis.com\/wp-content\/uploads\/2026\/02\/aydinda-yaya-gecidinde-kaza-yasli-adam-yaralandi-3-RAqgjkVn.jpg\"\/><\/p>\n","protected":false},"excerpt":{"rendered":"<p>Efeler il\u00e7esinde yaya ge\u00e7idinden kar\u015f\u0131ya ge\u00e7meye \u00e7al\u0131\u015fan ya\u015fl\u0131 bir ki\u015fi, otomobilin \u00e7arpmas\u0131 sonucu yaraland\u0131.<\/p>\n","protected":false},"author":1,"featured_media":51187,"comment_status":"open","ping_status":"open","sticky":false,"template":"","format":"standard","meta":{"footnotes":""},"categories":[4,13],"tags":[],"class_list":["post-51186","post","type-post","status-publish","format-standard","has-post-thumbnail","hentry","category-gundem","category-son-dakika"],"_links":{"self":[{"href":"https:\/\/bihavadis.com\/index.php\/wp-json\/wp\/v2\/posts\/51186","targetHints":{"allow":["GET"]}}],"collection":[{"href":"https:\/\/bihavadis.com\/index.php\/wp-json\/wp\/v2\/posts"}],"about":[{"href":"https:\/\/bihavadis.com\/index.php\/wp-json\/wp\/v2\/types\/post"}],"author":[{"embeddable":true,"href":"https:\/\/bihavadis.com\/index.php\/wp-json\/wp\/v2\/users\/1"}],"replies":[{"embeddable":true,"href":"https:\/\/bihavadis.com\/index.php\/wp-json\/wp\/v2\/comments?post=51186"}],"version-history":[{"count":1,"href":"https:\/\/bihavadis.com\/index.php\/wp-json\/wp\/v2\/posts\/51186\/revisions"}],"predecessor-version":[{"id":51192,"href":"https:\/\/bihavadis.com\/index.php\/wp-json\/wp\/v2\/posts\/51186\/revisions\/51192"}],"wp:featuredmedia":[{"embeddable":true,"href":"https:\/\/bihavadis.com\/index.php\/wp-json\/wp\/v2\/media\/51187"}],"wp:attachment":[{"href":"https:\/\/bihavadis.com\/index.php\/wp-json\/wp\/v2\/media?parent=51186"}],"wp:term":[{"taxonomy":"category","embeddable":true,"href":"https:\/\/bihavadis.com\/index.php\/wp-json\/wp\/v2\/categories?post=51186"},{"taxonomy":"post_tag","embeddable":true,"href":"https:\/\/bihavadis.com\/index.php\/wp-json\/wp\/v2\/tags?post=51186"}],"curies":[{"name":"wp","href":"https:\/\/api.w.org\/{rel}","templated":true}]}}