{"id":51193,"date":"2026-02-27T13:18:37","date_gmt":"2026-02-27T13:18:37","guid":{"rendered":"https:\/\/bihavadis.com\/?p=51193"},"modified":"2026-02-27T13:18:37","modified_gmt":"2026-02-27T13:18:37","slug":"cumhurbaskani-basdanismani-saraldan-gulben-ergene-sert-tepki","status":"publish","type":"post","link":"https:\/\/bihavadis.com\/index.php\/2026\/02\/27\/cumhurbaskani-basdanismani-saraldan-gulben-ergene-sert-tepki\/","title":{"rendered":"Cumhurba\u015fkan\u0131 Ba\u015fdan\u0131\u015fman\u0131 Saral&#8217;dan G\u00fclben Ergen&#8217;e sert tepki"},"content":{"rendered":"<p>Cumhurba\u015fkan\u0131 Ba\u015fdan\u0131\u015fman\u0131 Oktay Saral, sanat\u00e7\u0131 G\u00fclben Ergen&#8217;in &#8220;Ailem&#8221; isimli projede yer almas\u0131n\u0131 sosyal medya hesab\u0131ndan yapt\u0131\u011f\u0131 payla\u015f\u0131mla sert ele\u015ftirdi. Saral, projeye dahil olan isimlerin ge\u00e7mi\u015f tutumlar\u0131 ve topluma verdikleri mesajlar\u0131n dikkate al\u0131nmas\u0131 gerekti\u011fini vurgulad\u0131.<\/p>\n<p>Saral, Ergen&#8217;i ele\u015ftiren bir payla\u015f\u0131m\u0131 al\u0131nt\u0131layarak yapt\u0131\u011f\u0131 de\u011ferlendirmede, aile temal\u0131 projelerde yer alacak isimlerin toplumsal kar\u015f\u0131l\u0131klar\u0131n\u0131n \u00f6nem ta\u015f\u0131d\u0131\u011f\u0131n\u0131 ifade etti.<\/p>\n<p><b>&#8220;HALK NEZD\u0130NDE TEPK\u0130 OLU\u015eUYOR&#8221; VURGUSU<\/b><\/p>\n<p>Payla\u015f\u0131m\u0131nda G\u00fclben Ergen&#8217;in kamuoyundaki duru\u015fu ile projenin i\u00e7eri\u011fi aras\u0131nda uyumsuzluk bulundu\u011funu savunan Saral, Ergen&#8217;in ge\u00e7mi\u015fteki a\u00e7\u0131klamalar\u0131 ve yakla\u015f\u0131mlar\u0131n\u0131n &#8220;Ailem&#8221; projesiyle \u00f6rt\u00fc\u015fmedi\u011fini dile getirdi. Saral, bu durumun toplumda soru i\u015faretleri yaratt\u0131\u011f\u0131n\u0131 ve kamuoyunda tepkiye neden oldu\u011funu ileri s\u00fcrd\u00fc.<\/p>\n<p><b>&#8220;POP\u00dcLERL\u0130K YETERL\u0130 KR\u0130TER DE\u011e\u0130L&#8221;<\/b><\/p>\n<p>Ailenin toplumun en hassas yap\u0131 ta\u015flar\u0131ndan biri oldu\u011funu belirten Saral, projelerde yer alan ki\u015filerin \u00f6rnek bir duru\u015f sergilemesi gerekti\u011fini s\u00f6yledi. Saral a\u00e7\u0131klamas\u0131n\u0131n tamam\u0131nda \u015fu ifadeleri kulland\u0131:<\/p>\n<p>&#8220;Ailem&#8221; gibi toplumun en hassas de\u011ferlerinden birini merkeze alan bir projede yer alan isimler, sadece sanat\u00e7\u0131 kimli\u011fiyle de\u011fil; ge\u00e7mi\u015f s\u00f6ylemleri, duru\u015flar\u0131 ve topluma verdikleri mesajlarla da de\u011ferlendirilir.<\/p>\n<p>G\u00fclben Ergen&#8217;in y\u0131llard\u0131r kamuoyunda tart\u0131\u015fma olu\u015fturan \u00e7\u0131k\u0131\u015flar\u0131 ve zaman zaman aile kavram\u0131na dair ortaya koydu\u011fu yakla\u015f\u0131mlar d\u00fc\u015f\u00fcn\u00fcld\u00fc\u011f\u00fcnde, b\u00f6ylesine de\u011fer temelli bir projede yer almas\u0131 elbette soru i\u015faretlerini beraberinde getirirken halk nezdinde de tepki uyand\u0131rmaktad\u0131r.<\/p>\n<p>Aile, bu milletin k\u0131rm\u0131z\u0131 \u00e7izgisidir! Bu \u00e7izginin temsil edildi\u011fi projelerde rol alan isimlerin; toplumun hassasiyetlerini g\u00f6zeten, \u00f6rnek te\u015fkil eden bir duru\u015f sergilemesi beklenir.<\/p>\n<p>Pop\u00fclerlik ya da ekran ba\u015far\u0131s\u0131, aile m\u00fcessesesinin temsilinde asla yeterli \u00f6l\u00e7\u00fc olamaz!<\/p>\n<p>Milletimiz, aileyi anlatan projelerde sadece oyunculuk de\u011fil; samimiyet, de\u011fer ba\u011fl\u0131l\u0131\u011f\u0131 ve toplumsal sorumluluk g\u00f6rmek ister.&#8221;<\/p>\n<div>\n<figure><img decoding=\"async\" src=\"https:\/\/bihavadis.com\/wp-content\/uploads\/2026\/02\/cumhurbaskani-basdanismani-saraldan-gulben-ergene-sert-tepki-0-MH1pgyRC.jpg\"\/><\/figure>\n<\/div>\n<p><b>&#8220;A\u0130LEM&#8221; D\u0130Z\u0130S\u0130 HAKKINDA<\/b><\/p>\n<p>Milli E\u011fitim Bakanl\u0131\u011f\u0131nca (MEB), okul ile aile i\u015fbirli\u011fini g\u00fc\u00e7lendirmek amac\u0131yla &#8220;Ailem&#8221; dizisi hayata ge\u00e7irildi. Proje kapsam\u0131nda, okul-aile i\u015f birli\u011fini g\u00fc\u00e7lendirmek; \u00f6\u011frencilerin, sosyal ve akademik y\u00f6nden b\u00fct\u00fcnsel e\u011fitimine daha fazla katk\u0131 sa\u011flamak amac\u0131yla velilere y\u00f6nelik 27 b\u00f6l\u00fcmden olu\u015fan dizi film \u00e7ekildi. &#8220;Velivizyon&#8221; ile, \u00f6\u011frencilerin zaman\u0131n\u0131n \u00e7o\u011fu okul d\u0131\u015f\u0131ndaki alanlarda ge\u00e7ti\u011fi ger\u00e7e\u011finden hareketle gelece\u011fin teminat\u0131 olan \u00e7ocuklar\u0131 en iyi \u015fekilde yeti\u015ftirmek ve gelece\u011fe haz\u0131rlamak i\u00e7in e\u011fitim \u00f6\u011fretimin en \u00f6nemli payda\u015flar\u0131ndan biri olan velilerin okulla azami i\u015f birli\u011finin sa\u011flanmas\u0131, \u00f6\u011fretmenin y\u00fck\u00fcn\u00fcn hafifletilmesi ve velilerin bilin\u00e7lendirilerek sorumluluk duygular\u0131n\u0131n art\u0131r\u0131lmas\u0131 hedefleniyor.<\/p>\n","protected":false},"excerpt":{"rendered":"<p>Cumhurba\u015fkan\u0131 Ba\u015fdan\u0131\u015fman\u0131 Oktay Saral sanat\u00e7\u0131 G\u00fclben Ergen&#8217;in &#8220;Ailem&#8221; isimli projede yer almas\u0131na sert tepki g\u00f6sterdi. Saral, Ergen&#8217;in bu projede yer almas\u0131n\u0131n toplum nezdinde tepki uyand\u0131rd\u0131\u011f\u0131n\u0131 ve aile kavram\u0131n\u0131n temsilinde pop\u00fclerli\u011fin yeterli olmad\u0131\u011f\u0131n\u0131 s\u00f6yledi.<\/p>\n","protected":false},"author":1,"featured_media":51194,"comment_status":"open","ping_status":"open","sticky":false,"template":"","format":"standard","meta":{"footnotes":""},"categories":[1],"tags":[250,382,395,237,4990],"class_list":["post-51193","post","type-post","status-publish","format-standard","has-post-thumbnail","hentry","category-uncategorized","tag-aile","tag-alan","tag-is","tag-proje","tag-saral"],"_links":{"self":[{"href":"https:\/\/bihavadis.com\/index.php\/wp-json\/wp\/v2\/posts\/51193","targetHints":{"allow":["GET"]}}],"collection":[{"href":"https:\/\/bihavadis.com\/index.php\/wp-json\/wp\/v2\/posts"}],"about":[{"href":"https:\/\/bihavadis.com\/index.php\/wp-json\/wp\/v2\/types\/post"}],"author":[{"embeddable":true,"href":"https:\/\/bihavadis.com\/index.php\/wp-json\/wp\/v2\/users\/1"}],"replies":[{"embeddable":true,"href":"https:\/\/bihavadis.com\/index.php\/wp-json\/wp\/v2\/comments?post=51193"}],"version-history":[{"count":1,"href":"https:\/\/bihavadis.com\/index.php\/wp-json\/wp\/v2\/posts\/51193\/revisions"}],"predecessor-version":[{"id":51196,"href":"https:\/\/bihavadis.com\/index.php\/wp-json\/wp\/v2\/posts\/51193\/revisions\/51196"}],"wp:featuredmedia":[{"embeddable":true,"href":"https:\/\/bihavadis.com\/index.php\/wp-json\/wp\/v2\/media\/51194"}],"wp:attachment":[{"href":"https:\/\/bihavadis.com\/index.php\/wp-json\/wp\/v2\/media?parent=51193"}],"wp:term":[{"taxonomy":"category","embeddable":true,"href":"https:\/\/bihavadis.com\/index.php\/wp-json\/wp\/v2\/categories?post=51193"},{"taxonomy":"post_tag","embeddable":true,"href":"https:\/\/bihavadis.com\/index.php\/wp-json\/wp\/v2\/tags?post=51193"}],"curies":[{"name":"wp","href":"https:\/\/api.w.org\/{rel}","templated":true}]}}