{"id":5131,"date":"2026-01-29T19:15:06","date_gmt":"2026-01-29T19:15:06","guid":{"rendered":"https:\/\/bihavadis.com\/?p=5131"},"modified":"2026-01-29T19:15:06","modified_gmt":"2026-01-29T19:15:06","slug":"baskanlardan-ege-icin-guc-birligi-cagrisi","status":"publish","type":"post","link":"https:\/\/bihavadis.com\/index.php\/2026\/01\/29\/baskanlardan-ege-icin-guc-birligi-cagrisi\/","title":{"rendered":"Ba\u015fkanlardan Ege i\u00e7in g\u00fc\u00e7 birli\u011fi \u00e7a\u011fr\u0131s\u0131"},"content":{"rendered":"<p>Manisa B\u00fcy\u00fck\u015fehir Belediye Ba\u015fkan\u0131 ve Ege Belediyeler Birli\u011fi Ba\u015fkan\u0131 Ferdi Zeyrek ve \u0130zmir B\u00fcy\u00fck\u015fehir Belediye Ba\u015fkan\u0131 Dr. Cemil Tugay, d\u00fczenlenen bas\u0131n toplant\u0131s\u0131 ile Ege Planlama Ajans\u0131\u2019n\u0131n k\u0131sa s\u00fcre i\u00e7inde \u00e7al\u0131\u015fmalara ba\u015flayaca\u011f\u0131n\u0131 duyurdu. Ba\u015fkan Tugay, b\u00f6lgenin sorunlar\u0131na \u00e7\u00f6z\u00fcm \u00fcretirken, gelece\u011fe d\u00f6n\u00fck \u00e7al\u0131\u015fmalar\u0131 da birlik ve b\u00fct\u00fcnl\u00fck i\u00e7inde y\u00fcr\u00fcteceklerini a\u00e7\u0131klad\u0131. Zeyrek ise, Ege Planlama Ajans\u0131&#8217;n\u0131n ana konusunun tek ba\u015f\u0131na bir\u00e7ok belediyenin alt\u0131ndan kalkamayaca\u011f\u0131 sorunlara \u00e7\u00f6z\u00fcm \u00fcretmek olaca\u011f\u0131n\u0131 s\u00f6yledi.<\/p>\n<p>Ege Belediyeler Birli\u011fi Ba\u015fkan\u0131 ve Manisa B\u00fcy\u00fck\u015fehir Belediye Ba\u015fkan\u0131 Ferdi Zeyrek, \u0130zmir&#8217;de birli\u011fin yapt\u0131\u011f\u0131 \u00e7al\u0131\u015fmalara ili\u015fkin bas\u0131n toplant\u0131s\u0131 d\u00fczenledi. Toplant\u0131da \u0130zmir B\u00fcy\u00fck\u015fehir Belediye Ba\u015fkan\u0131 Dr. Cemil Tugay ve Ege Belediyeler Birli\u011fi&#8217;ne ba\u011fl\u0131 belediye ba\u015fkanlar\u0131 yer ald\u0131. Ba\u015fkan Ferdi Zeyrek, Ege B\u00f6lgesi&#8217;ndeki belediyelerin ortak paydada bulu\u015faca\u011f\u0131 ve sorunlara ortak \u00e7\u00f6z\u00fcmlerin \u00fcretilece\u011fi Ege Planlama Ajans\u0131&#8217;na ili\u015fkin bilgilendirmede bulundu. Ba\u015fkan Tugay ise \u201cAmac\u0131m\u0131z ger\u00e7ekten b\u00f6lgemizin sorunlar\u0131na \u00e7\u00f6z\u00fcm \u00fcretti\u011fimiz ve gelece\u011fe b\u00f6lgeyi birlik b\u00fct\u00fcnl\u00fck i\u00e7inde haz\u0131rlad\u0131\u011f\u0131m\u0131z bir s\u00fcreci y\u00fcr\u00fctmek\u201d dedi.<\/p>\n<p><strong>\u201c\u0130ZPA \u00f6nc\u00fcl\u00fc\u011f\u00fcnde y\u00fcr\u00fct\u00fclecek\u201d<\/strong><\/p>\n<p>\u0130zmir K\u00f6rfezi ve Gediz Nehri ile ilgili a\u00e7\u0131klama yapan \u0130zmir B\u00fcy\u00fck\u015fehir Belediye Ba\u015fkan\u0131 Dr. Cemil Tugay, kurakl\u0131k nedeniyle havza bazl\u0131 su y\u00f6netimine ihtiya\u00e7 oldu\u011funu belirtti. Tugay, \u201cEge B\u00f6lgesi&#8217;nin t\u00fcm illeri karde\u015f illerdir. \u0130\u00e7 i\u00e7e ge\u00e7mi\u015f k\u00fclt\u00fcrel sosyal ya\u015fant\u0131lar\u0131 vard\u0131r. Sivil toplum kurulu\u015flar\u0131 da \u00e7ok yak\u0131nd\u0131r. Ancak sanayi planlamas\u0131, end\u00fcstri planlamas\u0131 yapmadan bu illeri birbirinden kopuk bir \u015fekilde bug\u00fcnlere getirdik. \u0130llerimizin birbiriyle yar\u0131\u015fan de\u011fil, destekleyen bir sanayi yap\u0131s\u0131 olmas\u0131 gerekti\u011fini d\u00fc\u015f\u00fcn\u00fcyorum. Tar\u0131mda da b\u00f6yle ama sanayide birbirini tamamlayan iller olmal\u0131 diye d\u00fc\u015f\u00fcn\u00fcyorum. Ege Belediyeler Birli\u011fi \u00e7at\u0131s\u0131 alt\u0131nda biz belediye ba\u015fkanlar\u0131na bunlar \u00fczerine \u00e7al\u0131\u015fmak d\u00fc\u015f\u00fcyor. Ege Planlama Ajans\u0131 yap\u0131s\u0131yla \u00e7al\u0131\u015faca\u011f\u0131z. Hay\u0131rl\u0131 olsun. Ge\u00e7en d\u00f6nem \u0130stanbul Planlama Ajans\u0131&#8217;n\u0131n \u00e7ok ba\u015far\u0131l\u0131 i\u015fler yapt\u0131\u011f\u0131n\u0131 g\u00f6rd\u00fc\u011f\u00fcm i\u00e7in \u0130zmir&#8217;de b\u00f6yle bir yap\u0131 kurduk, \u00e7al\u0131\u015f\u0131yor. \u0130zmir Planlama Ajans\u0131 (\u0130ZPA), \u00e7ok h\u0131zl\u0131 ve \u00f6nemli \u00e7al\u0131\u015fmalar y\u00fcr\u00fct\u00fcyor. Bundan sonra Ege Planlama Ajans\u0131 ile arkada\u015flar\u0131m\u0131z entegre olacak. Ege B\u00f6lgesi i\u00e7in de katk\u0131lar\u0131n\u0131 verecekler. \u0130zmir art\u0131k Ege B\u00f6lgesi&#8217;nin bir par\u00e7as\u0131 olarak da bu planlamada yerini alacak\u201d dedi.<\/p>\n<p><strong>\u201cKalk\u0131nma ve kriz y\u00f6netimi ile ilgili \u00e7al\u0131\u015facak\u201d<\/strong><\/p>\n<p>Ege Planlama Ajans\u0131\u2019n\u0131n b\u00f6lgenin kalk\u0131nmas\u0131, yeni yat\u0131r\u0131mlar\u0131n planlanmas\u0131, istihdam alanlar\u0131nda \u00f6nemli \u00e7al\u0131\u015fmalar y\u00fcr\u00fctece\u011fini aktaran Tugay, \u201cEge Planlama Ajans\u0131; temelde b\u00f6lgesel kalk\u0131nma ve kriz y\u00f6netimi ile ilgili \u00e7al\u0131\u015facak. Deprem gibi afetlerle ilgili haz\u0131rl\u0131klar\u0131 da katabiliriz. \u0130klimle ba\u011flant\u0131l\u0131 olarak, \u00fczerimize gelen su, g\u0131da ve enerji krizini de b\u00f6lgesel planlamam\u0131z laz\u0131m. \u00d6ncelikle kendisine yeten, daha sonra di\u011fer b\u00f6lgelere katk\u0131da bulunan b\u00f6lge olmay\u0131 hedefledi\u011fimiz d\u00fc\u015f\u00fcn\u00fclmeli. Sokak hayvanlar\u0131 ile ilgili politika geli\u015ftirirken b\u00f6lgesel bir yakla\u015f\u0131m geli\u015ftirilmesi gibi \u00e7al\u0131\u015fmalar\u0131m\u0131z da olacak. Veriler toplayaca\u011f\u0131z, analiz yapaca\u011f\u0131z. Bu mant\u0131kla T\u00fcrkiye\u2019nin y\u00f6netilece\u011fini d\u00fc\u015f\u00fcn\u00fcn. \u0130\u015fte o zaman bizim bu yapt\u0131\u011f\u0131m\u0131z \u00e7al\u0131\u015fma \u00e7ok de\u011ferli hale gelecek. \u00d6nemli sonu\u00e7lar\u0131 olacak\u201d diye konu\u015ftu.<\/p>\n<p><strong>\u201cSiyaset \u00fcst\u00fc bir konu olarak d\u00fc\u015f\u00fcnmek laz\u0131m\u201d<\/strong><\/p>\n<p>Ege Planlama Ajans\u0131&#8217;n\u0131n odalar, dernekler, sivil toplum kurulu\u015flar\u0131, \u00fcniversiteler taraf\u0131ndan memnuniyetle kar\u015f\u0131land\u0131\u011f\u0131n\u0131 belirten Tugay, \u201cBunu siyaset \u00fcst\u00fc bir konu olarak d\u00fc\u015f\u00fcnmek laz\u0131m. Amac\u0131m\u0131z ger\u00e7ekten b\u00f6lgemizin sorunlar\u0131na \u00e7\u00f6z\u00fcm \u00fcretti\u011fimiz ve gelece\u011fe b\u00f6lgeyi birlik b\u00fct\u00fcnl\u00fck i\u00e7inde haz\u0131rlad\u0131\u011f\u0131m\u0131z bir s\u00fcreci y\u00fcr\u00fctmek\u201d \u015feklinde konu\u015ftu. Tugay ayr\u0131ca, Ege Planlama Ajans\u0131n\u0131n \u00e7al\u0131\u015fma alanlar\u0131ndan birinin de ak\u0131ll\u0131 \u015fehirler oldu\u011funu s\u00f6yledi.<\/p>\n<p><strong>Zeyrek: El ele verirsek hayal etti\u011fimiz mavi Gediz\u2019e, y\u00fcz\u00fclebilir K\u00f6rfez\u2019e ula\u015f\u0131r\u0131z<\/strong><\/p>\n<p>Tasarruf tedbirleri sonras\u0131nda belediyelerin sadece maa\u015f \u00f6der duruma geldi\u011fini s\u00f6yleyen Ege Belediyeler Birli\u011fi Ba\u015fkan\u0131 ve Manisa B\u00fcy\u00fck\u015fehir Belediye Ba\u015fkan\u0131 Ferdi Zeyrek, birlik beraberlik mesaj\u0131 verdi. Zeyrek, \u201cBug\u00fcn \u0130zmir bal\u0131k \u00f6l\u00fcmleriyle, bal\u0131k kokusuyla m\u00fccadele ediyor. Sanmay\u0131n ki sadece \u0130zmir m\u00fccadele ediyor. Ge\u00e7en hafta Manisa\u2019n\u0131n Turgutlu il\u00e7esinde ayn\u0131 sorunlar\u0131 bizler de ya\u015fad\u0131k. Biyogaz tesislerinin oraya b\u0131rakt\u0131\u011f\u0131 bize g\u00f6re at\u0131k, onlara g\u00f6re s\u0131v\u0131 g\u00fcbre Gediz&#8217;de bal\u0131k \u00f6l\u00fcmlerine sebebiyet verdi. Topraklar\u0131 ekilemez hale getirdi. \u0130lk defa olmad\u0131 ama biz bir \u015fey yapmazsak son da olmayacak. \u0130zmir K\u00f6rfezi&#8217;ni kirleten en b\u00fcy\u00fck nedenlerden biri de Gediz Nehri&#8217;dir. Bu birlik \u00e7at\u0131s\u0131nda bizim ortak projelerle el ele hareket etmemiz gerekiyor. Birlikte hareket edersek, kimseyi kay\u0131rmadan e\u015fit, adil \u015fekilde denetim yaparsak hayal etti\u011fimiz mavi Gediz&#8217;e de y\u00fcz\u00fclebilir K\u00f6rfez\u2019e de ula\u015fabiliriz\u201d dedi.<\/p>\n<p><strong>\u201cGediz&#8217;i kurtaramad\u0131\u011f\u0131m\u0131z s\u00fcrece bu bal\u0131k \u00f6l\u00fcmleri devam edecek\u201d<\/strong><\/p>\n<p>Ege Planlama Ajans\u0131&#8217;na dair a\u00e7\u0131klamalarda bulunan Zeyrek, \u201cEge Planlama Ajans\u0131&#8217;n\u0131n altyap\u0131s\u0131nda sorunlar\u0131n \u00e7\u00f6z\u00fcm\u00fc, ortak envanter payla\u015f\u0131m\u0131, ortak insan kayna\u011f\u0131 payla\u015f\u0131m\u0131 olacak. \u00d6n\u00fcm\u00fczdeki g\u00fcnlerde ger\u00e7ekten \u00e7ok ciddi at\u0131l\u0131mlar ve projeler ortaya koyaca\u011f\u0131z. Bu planlama ajans\u0131 \u00e7at\u0131s\u0131 alt\u0131nda bu sorunlara e\u011filmek istiyoruz. Ege Planlama Ajans\u0131&#8217;n\u0131n ana konusu; tek ba\u015f\u0131na bir\u00e7ok belediyemizin alt\u0131ndan kalkamayaca\u011f\u0131 sorunlar. Bug\u00fcn Ba\u015fkan\u0131m\u0131z Cemil Tugay t\u00fcm ekipleriyle K\u00f6rfez\u2019i temizleyebilir ama Gediz&#8217;i kurtaramad\u0131\u011f\u0131m\u0131z s\u00fcrece bu bal\u0131k \u00f6l\u00fcmleri devam edecek\u201d diye konu\u015ftu.<\/p>\n<p><strong>\u0130ki \u015fehir aras\u0131nda toplu ta\u015f\u0131ma<\/strong><\/p>\n<p>\u0130zmir B\u00fcy\u00fck\u015fehir Belediye Ba\u015fkan\u0131 Dr. Cemil Tugay ve Ege Belediyeler Birli\u011fi Ba\u015fkan\u0131 &#8211;\u00a0 Manisa B\u00fcy\u00fck\u015fehir Belediye Ba\u015fkan\u0131 Ferdi Zeyrek, \u0130zmir ile Manisa&#8217;n\u0131n toplu ta\u015f\u0131ma ile birbirine ba\u011flanmas\u0131 konusunda da g\u00f6r\u00fc\u015f al\u0131\u015fveri\u015finde bulundu. Tugay, iki kent aras\u0131nda rayl\u0131 sistem konusunun g\u00f6r\u00fc\u015f\u00fclebilece\u011fini ifade etti. Tugay ve Zeyrek, iki \u015fehrin toplu ta\u015f\u0131mayla bulu\u015fmas\u0131n\u0131n istihdama da katk\u0131 sa\u011flayaca\u011f\u0131n\u0131 kaydetti.<\/p>\n<p>Kaynak: (BYZHA) Beyaz Haber Ajans\u0131<\/p>\n","protected":false},"excerpt":{"rendered":"<p>Manisa B\u00fcy\u00fck\u015fehir Belediye Ba\u015fkan\u0131 ve Ege Belediyeler Birli\u011fi Ba\u015fkan\u0131 Ferdi Zeyrek ve \u0130zmir B\u00fcy\u00fck\u015fehir Belediye Ba\u015fkan\u0131 Dr. Cemil Tugay, d\u00fczenlenen bas\u0131n toplant\u0131s\u0131 ile Ege Planlama Ajans\u0131\u2019n\u0131n k\u0131sa s\u00fcre i\u00e7inde \u00e7al\u0131\u015fmalara ba\u015flayaca\u011f\u0131n\u0131 duyurdu<\/p>\n","protected":false},"author":1,"featured_media":5132,"comment_status":"open","ping_status":"open","sticky":false,"template":"","format":"standard","meta":{"footnotes":""},"categories":[4],"tags":[1086,372,510,1087,978],"class_list":["post-5131","post","type-post","status-publish","format-standard","has-post-thumbnail","hentry","category-gundem","tag-ajansi","tag-belediye","tag-bolge","tag-buyuksehir-belediye-baskani","tag-izmir"],"_links":{"self":[{"href":"https:\/\/bihavadis.com\/index.php\/wp-json\/wp\/v2\/posts\/5131","targetHints":{"allow":["GET"]}}],"collection":[{"href":"https:\/\/bihavadis.com\/index.php\/wp-json\/wp\/v2\/posts"}],"about":[{"href":"https:\/\/bihavadis.com\/index.php\/wp-json\/wp\/v2\/types\/post"}],"author":[{"embeddable":true,"href":"https:\/\/bihavadis.com\/index.php\/wp-json\/wp\/v2\/users\/1"}],"replies":[{"embeddable":true,"href":"https:\/\/bihavadis.com\/index.php\/wp-json\/wp\/v2\/comments?post=5131"}],"version-history":[{"count":1,"href":"https:\/\/bihavadis.com\/index.php\/wp-json\/wp\/v2\/posts\/5131\/revisions"}],"predecessor-version":[{"id":5133,"href":"https:\/\/bihavadis.com\/index.php\/wp-json\/wp\/v2\/posts\/5131\/revisions\/5133"}],"wp:featuredmedia":[{"embeddable":true,"href":"https:\/\/bihavadis.com\/index.php\/wp-json\/wp\/v2\/media\/5132"}],"wp:attachment":[{"href":"https:\/\/bihavadis.com\/index.php\/wp-json\/wp\/v2\/media?parent=5131"}],"wp:term":[{"taxonomy":"category","embeddable":true,"href":"https:\/\/bihavadis.com\/index.php\/wp-json\/wp\/v2\/categories?post=5131"},{"taxonomy":"post_tag","embeddable":true,"href":"https:\/\/bihavadis.com\/index.php\/wp-json\/wp\/v2\/tags?post=5131"}],"curies":[{"name":"wp","href":"https:\/\/api.w.org\/{rel}","templated":true}]}}