{"id":5134,"date":"2026-01-29T19:18:07","date_gmt":"2026-01-29T19:18:07","guid":{"rendered":"https:\/\/bihavadis.com\/?p=5134"},"modified":"2026-01-29T19:18:07","modified_gmt":"2026-01-29T19:18:07","slug":"tbb-ve-ibb-baskani-ekrem-imamoglu-alman-sosyal-demokrat-partisi-genel-baskani-lars-klingbeili-agirladi","status":"publish","type":"post","link":"https:\/\/bihavadis.com\/index.php\/2026\/01\/29\/tbb-ve-ibb-baskani-ekrem-imamoglu-alman-sosyal-demokrat-partisi-genel-baskani-lars-klingbeili-agirladi\/","title":{"rendered":"TBB ve \u0130BB Ba\u015fkan\u0131 Ekrem \u0130mamo\u011flu, Alman Sosyal Demokrat Partisi Genel Ba\u015fkan\u0131 Lars Klingbeil&#8217;i a\u011f\u0131rlad\u0131"},"content":{"rendered":"<p><strong>CHP Genel Ba\u015fkan\u0131 \u00d6zg\u00fcr \u00d6zel ve SPD Genel Ba\u015fkan\u0131 Klingbeil aras\u0131nda imzalanan siyasi i\u015f birli\u011fi mutabakat metnini de\u011ferli buldu\u011funu vurgulayan \u0130mamo\u011flu, \u201cT\u00fcrkiye&#8217;nin Avrupa Birli\u011fi&#8217;ne tam \u00fcyelik perspektifiyle kat\u0131l\u0131m m\u00fczakerelerine en g\u00fc\u00e7l\u00fc \u015fekilde ba\u015flamas\u0131na destek verdi\u011fimizi de ifade etmek istiyorum. Bu y\u00f6n\u00fcyle ben, sizlerle s\u0131k s\u0131k bir araya gelmeyi, sadece Almanya de\u011fil, Avrupa&#8217;da da sosyal demokrat anlay\u0131\u015f\u0131n bireyleriyle bir araya gelmeyi, demokrat anlay\u0131\u015f\u0131n sahibi, hukukun \u00fcst\u00fcnl\u00fc\u011f\u00fcne inanan insanlarla bir araya gelmeyi ve bunun ger\u00e7ekten d\u00fcnyan\u0131n bar\u0131\u015f\u0131na ve huzuruna da katk\u0131 sunaca\u011f\u0131n\u0131 bilerek \u00f6nemsiyorum\u201d dedi. Klingbeil de \u201cT\u00fcrkiye ve Almanya aras\u0131nda, ama \u00f6zellikle de iki karde\u015f parti aras\u0131ndaki diyalogumuzu, i\u015f birli\u011fimizi yeni bir seviyeye ta\u015f\u0131mak istiyoruz. CHP ve SPD olarak, \u00f6zellikle demokratikle\u015fme konusunda itici g\u00fc\u00e7 niteli\u011finde, ayn\u0131 yolda, ayn\u0131 perspektifler geli\u015ftirerek bakabilece\u011fimize inan\u0131yoruz\u201d ifadelerini kulland\u0131.\u00a0<\/strong><\/p>\n<p>\u00a0<\/p>\n<p>T\u00fcrkiye Belediyeler Birli\u011fi (TBB) ve \u0130stanbul B\u00fcy\u00fck\u015fehir Belediye (\u0130BB) Ba\u015fkan\u0131 Ekrem \u0130mamo\u011flu, Alman Sosyal Demokrat Partisi (SPD) Genel Ba\u015fkan\u0131 Lars Klingbeil\u2019i a\u011f\u0131rlad\u0131. Klingbeil\u2019i \u0130SK\u0130 Genel M\u00fcd\u00fcrl\u00fc\u011f\u00fc\u2019ndeki makam odas\u0131nda a\u011f\u0131rlayan \u0130mamo\u011flu, \u201cG\u00fcnde 3 milyon 300 bin metrek\u00fcp civar\u0131nda su veriyoruz \u0130stanbul halk\u0131na bu kurum vas\u0131tas\u0131yla. Do\u011fudan 250 kilometre, bat\u0131dan da yakla\u015f\u0131k 150 kilometreden su hatlar\u0131m\u0131z ve borular\u0131m\u0131z da \u0130stanbul&#8217;un merkezine su ta\u015f\u0131yarak, yakla\u015f\u0131k 10-11 barajdan \u0130stanbul&#8217;a su koordine eden bu b\u00fcy\u00fck \u015firketimizi buradan y\u00f6netiyoruz. Dolay\u0131s\u0131yla hem temiz su sa\u011flama hem de at\u0131k suyu da at\u0131\u011f\u0131 da temizleyerek, tekrar \u0130stanbul&#8217;un s\u00fcrd\u00fcr\u00fclebilirli\u011fine b\u00fcy\u00fck katk\u0131 sunan \u0130SK\u0130 \u015firketimizdeyiz\u201d dedi. D\u00fcnyan\u0131n en \u00f6nemli sorunlar\u0131ndan birinin iklim de\u011fi\u015fikli\u011fi meselesi oldu\u011funa dikkat \u00e7eken \u0130mamo\u011flu, \u201cBu konuya biz de \u00e7ok b\u00fcy\u00fck yat\u0131r\u0131m yap\u0131yoruz 5,5 y\u0131ld\u0131r olan g\u00f6revimiz d\u00f6neminde\u201d \u015feklinde konu\u015ftu.<\/p>\n<p><strong>\u201cT\u00dcRK\u0130YE VE ALMANYA \u0130L\u0130\u015eK\u0130LER\u0130N\u0130N STAT\u00dcS\u00dc \u00c7OK AZ \u0130K\u0130 \u00dcLKEDE VAR\u201d<\/strong><\/p>\n<p>\u201c\u0130stanbul&#8217;da sosyal demokrat bir belediye ba\u015fkan\u0131 olarak ve TBB\u2019nin de ba\u015fkan\u0131 olarak, yine Almanya&#8217;n\u0131n tarihi, sosyal demokrat genel ba\u015fkan\u0131n\u0131 a\u011f\u0131rlamak, heyetiyle, ger\u00e7ekten benim i\u00e7in de \u00e7ok b\u00fcy\u00fck onur ve keyif\u201d diyen \u0130mamo\u011flu, \u015funlar\u0131 s\u00f6yledi:<\/p>\n<p>\u201cAlmanya ve T\u00fcrkiye, y\u00fczy\u0131llar\u0131 a\u015fan dostluk ili\u015fkisinde, \u00f6zellikle 1960\u2019lar\u0131n ba\u015f\u0131nda ba\u015flayan i\u015f g\u00fcc\u00fc g\u00f6\u00e7\u00fcyle beraber, \u00e7ok daha i\u00e7ten i\u00e7e bir ili\u015fkiyi ya\u015famas\u0131n\u0131 hep beraber g\u00f6rd\u00fck ve ya\u015fad\u0131k iki \u00fclke olarak. Art\u0131k d\u00fcnyada, T\u00fcrkiye ve Almanya ili\u015fkilerinin stat\u00fcs\u00fc, \u00e7ok az iki \u00fclkede vard\u0131r diye d\u00fc\u015f\u00fcn\u00fcyorum. \u00c7\u00fcnk\u00fc, \u00e7ok i\u00e7 i\u00e7e ge\u00e7mi\u015f, \u00e7ok de\u011ferli ili\u015fkileri ta\u015f\u0131yor iki \u00fclke. Farkl\u0131 rakamlar s\u00f6yleniyor ama 3,5 milyon civar\u0131nda insan\u0131m\u0131z\u0131n art\u0131k Almanya&#8217;n\u0131n bir insan\u0131, vatanda\u015f\u0131 olarak, orada mutlu olacak, orada huzurlu olacak, orada \u00fcretecek, orada ya\u015fayacak bir pozisyonda olmas\u0131 elbette bizi sadece oradaki 3,5 milyon T\u00fcrk vatanda\u015f\u0131n\u0131n mutlulu\u011fu de\u011fil, asl\u0131nda b\u00fct\u00fcn Almanya&#8217;n\u0131n mutlulu\u011funun veya iyi bir huzur i\u00e7erisinde ya\u015fayan \u00fclke olmas\u0131 \u00e7er\u00e7evesinde de ilgilendiriyor. \u00c7\u00fcnk\u00fc, kader birli\u011finin i\u00e7erisinde olan art\u0131k insanlar. Onlar da Almanya&#8217;n\u0131n birer vatanda\u015f\u0131.\u201d<\/p>\n<p><strong>\u201cKARDE\u015e \u015eEH\u0130RLER\u0130 \u0130STANBUL&#8217;DA BULU\u015eTURMAK ARZUSUNDAYIZ\u201d<\/strong><\/p>\n<p>\u201cBir ba\u015fka y\u00f6n\u00fcyle de ele ald\u0131\u011f\u0131m\u0131z bir ili\u015fkimizi a\u00e7mak isterim. Karde\u015f \u015fehirleri \u0130stanbul&#8217;da bulu\u015fturmak arzusunday\u0131z. Bu konuda son ziyaretimizde yapt\u0131\u011f\u0131m\u0131z toplant\u0131larda, b\u00f6yle bir karar ald\u0131k ve bunun \u00e7al\u0131\u015fmas\u0131n\u0131 y\u00fcr\u00fct\u00fcyoruz. Bir k\u00fc\u00e7\u00fck takvim de\u011fi\u015fikli\u011fiyle birlikte, yak\u0131n zamanda takvimi netle\u015fecek ve \u0130stanbul&#8217;da T\u00fcrk-Almanya karde\u015f \u015fehirle bulu\u015fmas\u0131n\u0131 sa\u011flayaca\u011f\u0131z. \u0130n\u015fallah inan\u0131yorum ki bu diyalog ve i\u015f birli\u011fi bulu\u015fmas\u0131, \u00e7ok tarihi bir olu\u015fmaya d\u00f6n\u00fc\u015fecek. Ben \u015funu \u00e7ok \u00f6nemsiyorum ve buna g\u00fc\u00e7l\u00fc bir haz\u0131rl\u0131k yapmak istiyorum. \u0130ki \u00fclkenin ili\u015fkisi \u00fczerinden \u015fehirlerin ili\u015fkilerini yorumlamak, sadece orada ya\u015fayan yurtta\u015flar de\u011fil, T\u00fcrkiye-Almanya ili\u015fkileri ve T\u00fcrkiye-Avrupa Birli\u011fi ili\u015fkilerini konu\u015fmak ve birbirini destekleyen bir duyguyla da gelece\u011fe \u00e7ok medeni \u00e7er\u00e7evede, hukukun \u00fcst\u00fcnl\u00fc\u011f\u00fc \u00e7er\u00e7evesinde, e\u015fitlik \u00e7er\u00e7evesinde ve demokrat bir d\u00fcnya var etme noktas\u0131nda nas\u0131l m\u00fc\u015fterek ad\u0131mlar at\u0131labilir, perspektifiyle bakan bir bulu\u015fma olsun istiyorum.\u201d<\/p>\n<p><strong>\u201cGENEL BA\u015eKANIMIZLA \u0130MZALADI\u011eINIZ ORTAK MUTABAKAT METN\u0130N\u0130 \u00c7OK DE\u011eERL\u0130 BULUYORUM\u201d<\/strong><\/p>\n<p>\u201cAvrupa&#8217;da, \u00f6zellikle son d\u00f6nemde a\u015f\u0131r\u0131 sa\u011f\u0131n ve pop\u00fclist siyasetin y\u00fckseli\u015f d\u00f6neminin tam da g\u00fcndemi y\u00fcksek seviyede varken, d\u00fcn partimizle, Genel Ba\u015fkan\u0131m\u0131zla imzalad\u0131\u011f\u0131n\u0131z ortak mutabakat metnini \u00e7ok de\u011ferli buluyorum. Biz, az \u00f6nce s\u00f6yledi\u011fim o prensipler \u00e7er\u00e7evesinde, T\u00fcrkiye&#8217;nin Avrupa Birli\u011fi&#8217;ne tam \u00fcyelik perspektifiyle kat\u0131l\u0131m m\u00fczakerelerine en g\u00fc\u00e7l\u00fc \u015fekilde ba\u015flamas\u0131na destek verdi\u011fimizi de ifade etmek istiyorum. Bu y\u00f6n\u00fcyle ben, sizlerle s\u0131k s\u0131k bir araya gelmeyi, sadece Almanya de\u011fil, Avrupa&#8217;da da sosyal demokrat anlay\u0131\u015f\u0131n bireyleriyle bir araya gelmeyi, demokrat anlay\u0131\u015f\u0131n sahibi, hukukun \u00fcst\u00fcnl\u00fc\u011f\u00fcne inanan insanlarla bir araya gelmeyi ve bunun ger\u00e7ekten d\u00fcnyan\u0131n bar\u0131\u015f\u0131na ve huzuruna da katk\u0131 sunaca\u011f\u0131n\u0131 bilerek \u00f6nemsiyorum. Ve buna daima devam edece\u011fimi de bilmenizi isterim.\u201d<\/p>\n<p><strong>KL\u0130NGBE\u0130L: \u201cCHP \u0130LE DOSTLU\u011eUMUZU DER\u0130NLE\u015eT\u0130RMEYE KARAR VERD\u0130K\u201d<\/strong><\/p>\n<p>SPG Genel Ba\u015fkan\u0131 Ba\u015fkan\u0131 Klingbeil de konu\u015fmas\u0131nda \u00f6zetle, \u201c3 g\u00fcnd\u00fcr T\u00fcrkiye\u2019deyiz. Ankara\u2019da, \u0130stanbul\u2019da g\u00f6r\u00fc\u015fmeler yapt\u0131k. Biz, SPD olarak, CHP ile dostlu\u011fumuzu derinle\u015ftirmeye karar verdik. Bunun i\u00e7in de siyasi i\u015f birli\u011fi mutabakat\u0131n\u0131 imzalayarak, T\u00fcrkiye ve Almanya aras\u0131nda, ama \u00f6zellikle de iki karde\u015f parti aras\u0131ndaki diyalogumuzu, i\u015f birli\u011fimizi yeni bir seviyeye ta\u015f\u0131mak istiyoruz. CHP ve SPD olarak, \u00f6zellikle demokratikle\u015fme konusunda itici g\u00fc\u00e7 niteli\u011finde, ayn\u0131 yolda, ayn\u0131 perspektifler geli\u015ftirerek bakabilece\u011fimize inan\u0131yoruz\u201d ifadelerini kulland\u0131.<\/p>\n<p>Kaynak: (BYZHA) Beyaz Haber Ajans\u0131<\/p>\n","protected":false},"excerpt":{"rendered":"<p>CHP Genel Ba\u015fkan\u0131 \u00d6zg\u00fcr \u00d6zel ve SPD Genel Ba\u015fkan\u0131 Klingbeil aras\u0131nda imzalanan siyasi i\u015f birli\u011fi mutabakat metnini de\u011ferli buldu\u011funu vurgulayan \u0130mamo\u011flu, \u201cT\u00fcrkiye&#8217;nin Avrupa Birli\u011fi&#8217;ne tam \u00fcyelik perspektifiyle kat\u0131l\u0131m m\u00fczakerelerine en g\u00fc\u00e7l\u00fc \u015fekilde ba\u015flamas\u0131na destek verdi\u011fimizi de ifade etmek istiyorum.<\/p>\n","protected":false},"author":1,"featured_media":5135,"comment_status":"open","ping_status":"open","sticky":false,"template":"","format":"standard","meta":{"footnotes":""},"categories":[4],"tags":[1088,1090,1089,538,197],"class_list":["post-5134","post","type-post","status-publish","format-standard","has-post-thumbnail","hentry","category-gundem","tag-almanya","tag-avrupa","tag-genel-baskani","tag-istanbul","tag-turkiye"],"_links":{"self":[{"href":"https:\/\/bihavadis.com\/index.php\/wp-json\/wp\/v2\/posts\/5134","targetHints":{"allow":["GET"]}}],"collection":[{"href":"https:\/\/bihavadis.com\/index.php\/wp-json\/wp\/v2\/posts"}],"about":[{"href":"https:\/\/bihavadis.com\/index.php\/wp-json\/wp\/v2\/types\/post"}],"author":[{"embeddable":true,"href":"https:\/\/bihavadis.com\/index.php\/wp-json\/wp\/v2\/users\/1"}],"replies":[{"embeddable":true,"href":"https:\/\/bihavadis.com\/index.php\/wp-json\/wp\/v2\/comments?post=5134"}],"version-history":[{"count":1,"href":"https:\/\/bihavadis.com\/index.php\/wp-json\/wp\/v2\/posts\/5134\/revisions"}],"predecessor-version":[{"id":5136,"href":"https:\/\/bihavadis.com\/index.php\/wp-json\/wp\/v2\/posts\/5134\/revisions\/5136"}],"wp:featuredmedia":[{"embeddable":true,"href":"https:\/\/bihavadis.com\/index.php\/wp-json\/wp\/v2\/media\/5135"}],"wp:attachment":[{"href":"https:\/\/bihavadis.com\/index.php\/wp-json\/wp\/v2\/media?parent=5134"}],"wp:term":[{"taxonomy":"category","embeddable":true,"href":"https:\/\/bihavadis.com\/index.php\/wp-json\/wp\/v2\/categories?post=5134"},{"taxonomy":"post_tag","embeddable":true,"href":"https:\/\/bihavadis.com\/index.php\/wp-json\/wp\/v2\/tags?post=5134"}],"curies":[{"name":"wp","href":"https:\/\/api.w.org\/{rel}","templated":true}]}}