{"id":51345,"date":"2026-02-27T14:57:07","date_gmt":"2026-02-27T14:57:07","guid":{"rendered":"https:\/\/bihavadis.com\/?p=51345"},"modified":"2026-02-27T14:57:07","modified_gmt":"2026-02-27T14:57:07","slug":"kktc-meclisinde-siyah-ortu-krizi","status":"publish","type":"post","link":"https:\/\/bihavadis.com\/index.php\/2026\/02\/27\/kktc-meclisinde-siyah-ortu-krizi\/","title":{"rendered":"KKTC Meclisi\u2019nde siyah \u00f6rt\u00fc krizi"},"content":{"rendered":"<p>KKTC Cumhuriyet Meclisi Genel Kurulu, pazartesi g\u00fcn\u00fc saat 18.15\u2019te ba\u015flayan ve yakla\u015f\u0131k 19 saat s\u00fcren oturumda, T\u00fcrkiye Cumhuriyeti H\u00fck\u00fcmeti ile KKTC H\u00fck\u00fcmeti aras\u0131nda imzalanan fiber optik altyap\u0131n\u0131n geli\u015ftirilmesine y\u00f6nelik i\u015f birli\u011fi protokol\u00fcn\u00fcn onaylanmas\u0131na ili\u015fkin yasa tasar\u0131s\u0131n\u0131 ele ald\u0131.<\/p>\n<p>Meclis Ba\u015fkan\u0131 Ziya \u00d6zt\u00fcrkler ba\u015fkanl\u0131\u011f\u0131nda toplanan Genel Kurul\u2019da, muhalefet ve ba\u011f\u0131ms\u0131z milletvekilleri genel oylamaya ge\u00e7ilmemesi i\u00e7in k\u00fcrs\u00fcde uzun konu\u015fmalar yapt\u0131.<\/p>\n<p><strong>CUMHURBA\u015eKANLI\u011eINA VEKALET S\u00dcREC\u0130<\/strong><\/p>\n<p>Oturumun ilerleyen saatlerinde, KKTC Cumhurba\u015fkan\u0131 Tufan Erh\u00fcrman\u2019\u0131n yurt d\u0131\u015f\u0131 program\u0131 nedeniyle adadan ayr\u0131lmas\u0131 \u00fczerine anayasal d\u00fczenleme gere\u011fi Cumhurba\u015fkanl\u0131\u011f\u0131 makam\u0131na Meclis Ba\u015fkan\u0131 \u00d6zt\u00fcrkler vek\u00e2let etmeye ba\u015flad\u0131. Bu geli\u015fme, zaten y\u00fcksek olan tansiyonun daha da artmas\u0131na neden oldu.<\/p>\n<p><img decoding=\"async\" src=\"https:\/\/bihavadis.com\/wp-content\/uploads\/2026\/02\/kktc-meclisinde-siyah-ortu-krizi-0-QijyS39m.jpg\"\/><\/p>\n<p><strong>K\u00dcRS\u00dcYE S\u0130YAH \u00d6RT\u00dc ASTI<\/strong><\/p>\n<p>Gerilimin y\u00fckseldi\u011fi dakikalarda Cumhuriyet\u00e7i T\u00fcrk Partisi Milletvekili Erkut \u015eahali, konu\u015fmas\u0131na ba\u015flamadan \u00f6nce Meclis k\u00fcrs\u00fcs\u00fcne siyah \u00f6rt\u00fc ast\u0131. Eylemin \u0130\u00e7 T\u00fcz\u00fck\u2019e ayk\u0131r\u0131 oldu\u011funu bildi\u011fini ifade eden \u015eahali, <b><em>\u201cGere\u011fi her neyse yap\u0131n\u0131z\u201d <\/em><\/b>s\u00f6zleriyle tepkisini dile getirdi.<\/p>\n<p><strong>\u0130\u00c7 T\u00dcZ\u00dcK TARTI\u015eMASI<\/strong><\/p>\n<p>Oturuma ba\u015fkanl\u0131k eden Meclis Ba\u015fkan Vekili Fazilet \u00d6zdenefe ise s\u00f6z konusu eylemin Meclis \u0130\u00e7 T\u00fcz\u00fc\u011f\u00fc\u2019ne ayk\u0131r\u0131 oldu\u011funu belirterek, \u00e7al\u0131\u015fmalar\u0131n bu \u015fekilde s\u00fcrd\u00fcr\u00fclemeyece\u011fini ifade etti. Ya\u015fanan tart\u0131\u015fmalar\u0131n ard\u0131ndan birle\u015fim kapat\u0131ld\u0131.<\/p>\n<p>Fiber optik altyap\u0131 protokol\u00fcne ili\u015fkin g\u00f6r\u00fc\u015fmelerin \u00f6n\u00fcm\u00fczdeki g\u00fcnlerde yeniden Genel Kurul g\u00fcndemine gelmesi bekleniyor.<\/p>\n<p><img decoding=\"async\" src=\"https:\/\/bihavadis.com\/wp-content\/uploads\/2026\/02\/kktc-meclisinde-siyah-ortu-krizi-1-NeTdluSI.jpg\"\/><\/p>\n","protected":false},"excerpt":{"rendered":"<p>KKTC&#8217;de T\u00fcrkiye ile imzalanan fiber optik altyap\u0131 protokol\u00fcn\u00fcn g\u00f6r\u00fc\u015f\u00fcld\u00fc\u011f\u00fc oturumda, CTP Milletvekili Erkut \u015eahali\u2019nin k\u00fcrs\u00fcye siyah \u00f6rt\u00fc asmas\u0131 \u00fczerine Genel Kurul\u2019da gerilim artt\u0131.<\/p>\n","protected":false},"author":1,"featured_media":51346,"comment_status":"open","ping_status":"open","sticky":false,"template":"","format":"standard","meta":{"footnotes":""},"categories":[9,4,12],"tags":[516,397],"class_list":["post-51345","post","type-post","status-publish","format-standard","has-post-thumbnail","hentry","category-genel","category-gundem","category-siyaset","tag-baskan","tag-meclis"],"_links":{"self":[{"href":"https:\/\/bihavadis.com\/index.php\/wp-json\/wp\/v2\/posts\/51345","targetHints":{"allow":["GET"]}}],"collection":[{"href":"https:\/\/bihavadis.com\/index.php\/wp-json\/wp\/v2\/posts"}],"about":[{"href":"https:\/\/bihavadis.com\/index.php\/wp-json\/wp\/v2\/types\/post"}],"author":[{"embeddable":true,"href":"https:\/\/bihavadis.com\/index.php\/wp-json\/wp\/v2\/users\/1"}],"replies":[{"embeddable":true,"href":"https:\/\/bihavadis.com\/index.php\/wp-json\/wp\/v2\/comments?post=51345"}],"version-history":[{"count":1,"href":"https:\/\/bihavadis.com\/index.php\/wp-json\/wp\/v2\/posts\/51345\/revisions"}],"predecessor-version":[{"id":51349,"href":"https:\/\/bihavadis.com\/index.php\/wp-json\/wp\/v2\/posts\/51345\/revisions\/51349"}],"wp:featuredmedia":[{"embeddable":true,"href":"https:\/\/bihavadis.com\/index.php\/wp-json\/wp\/v2\/media\/51346"}],"wp:attachment":[{"href":"https:\/\/bihavadis.com\/index.php\/wp-json\/wp\/v2\/media?parent=51345"}],"wp:term":[{"taxonomy":"category","embeddable":true,"href":"https:\/\/bihavadis.com\/index.php\/wp-json\/wp\/v2\/categories?post=51345"},{"taxonomy":"post_tag","embeddable":true,"href":"https:\/\/bihavadis.com\/index.php\/wp-json\/wp\/v2\/tags?post=51345"}],"curies":[{"name":"wp","href":"https:\/\/api.w.org\/{rel}","templated":true}]}}