{"id":51406,"date":"2026-02-27T15:36:09","date_gmt":"2026-02-27T15:36:09","guid":{"rendered":"https:\/\/bihavadis.com\/?p=51406"},"modified":"2026-02-27T15:36:09","modified_gmt":"2026-02-27T15:36:09","slug":"samsunda-19-yasindaki-genc-20-bin-lira-icin-katledildi","status":"publish","type":"post","link":"https:\/\/bihavadis.com\/index.php\/2026\/02\/27\/samsunda-19-yasindaki-genc-20-bin-lira-icin-katledildi\/","title":{"rendered":"Samsun&#8217;da 19 ya\u015f\u0131ndaki gen\u00e7 20 bin lira i\u00e7in katledildi"},"content":{"rendered":"<p>Samsun&#8217;un \u0130lkad\u0131m il\u00e7esinde korkun\u00e7 cinayet&#8230;\u00a0<\/p>\n<p>Samsun Kadifekale Mahallesi Y\u0131ld\u0131zeli Sokak\u2019ta motosikletli ve kar maskeli 2 \u015f\u00fcpheli, Emirhan M\u0131r\u0131k ve karde\u015fi Yi\u011fit M\u0131r\u0131k&#8217;\u0131n bulundu\u011fu hafif ticari araca tabanca ve t\u00fcfekle ate\u015f a\u00e7t\u0131.<\/p>\n<p><strong>Y\u0130\u011e\u0130T KURTARILAMADI<\/strong><\/p>\n<p>\u00c7evredekilerin ihbar\u0131yla b\u00f6lgeye polis ve sa\u011fl\u0131k ekipleri sevk edildi.<\/p>\n<p>Yaral\u0131lar, ambulanslarla \u00e7evredeki hastanelere kald\u0131r\u0131ld\u0131. Yi\u011fit M\u0131r\u0131k kurtar\u0131lamad\u0131, Emirhan M\u0131r\u0131k&#8217;\u0131n tedavisinin ise s\u00fcrd\u00fc\u011f\u00fc bildirildi.<\/p>\n<p><img decoding=\"async\" src=\"https:\/\/bihavadis.com\/wp-content\/uploads\/2026\/02\/samsunda-19-yasindaki-genc-20-bin-lira-icin-katledildi-0-5iWGTSRS.jpg\"\/><\/p>\n<p><strong>\u015e\u00dcPHEL\u0130LER TESP\u0130T ED\u0130LD\u0130<\/strong><\/p>\n<p>A.G., su\u00e7 aletiyle Canik il\u00e7esinde, M.K. ise \u0130lkad\u0131m il\u00e7esinde g\u00f6zalt\u0131na al\u0131nd\u0131.<\/p>\n<p><img decoding=\"async\" src=\"https:\/\/bihavadis.com\/wp-content\/uploads\/2026\/02\/samsunda-19-yasindaki-genc-20-bin-lira-icin-katledildi-1-g55QP2Em.jpg\"\/><\/p>\n<p><strong>20 B\u0130N L\u0130RA \u0130\u00c7\u0130N \u00d6LD\u00dcRD\u00dcLER<\/strong><\/p>\n<p>Emniyetteki i\u015flemleri tamamlanan \u015f\u00fcpheliler, bug\u00fcn adliyeye sevk edildi. \u015e\u00fcphelilerin, 20 bin liral\u0131k alacaklar\u0131 sebebiyle husumetli olduklar\u0131 ve bu sebeple cinayeti i\u015flediklerini itiraf etti\u011fi belirtildi.\u00a0<\/p>\n<p><img decoding=\"async\" src=\"https:\/\/bihavadis.com\/wp-content\/uploads\/2026\/02\/samsunda-19-yasindaki-genc-20-bin-lira-icin-katledildi-2-R36UAxFW.jpg\"\/><\/p>\n","protected":false},"excerpt":{"rendered":"<p>Hafif ticari araca tabanca ve t\u00fcfekle sald\u0131r\u0131p, Yi\u011fit M\u0131r\u0131k\u2019\u0131 \u00f6ld\u00fcren ve a\u011fabeyi Emirhan M\u0131r\u0131k\u2019\u0131 yaralayan 2 \u015f\u00fcpheli, adliyeye sevk edildi. Hayat\u0131n\u0131 kaybeden Yi\u011fit&#8217;le ilgili ise ac\u0131 bir detay ortaya \u00e7\u0131kt\u0131.<\/p>\n","protected":false},"author":1,"featured_media":51407,"comment_status":"open","ping_status":"open","sticky":false,"template":"","format":"standard","meta":{"footnotes":""},"categories":[4,13],"tags":[],"class_list":["post-51406","post","type-post","status-publish","format-standard","has-post-thumbnail","hentry","category-gundem","category-son-dakika"],"_links":{"self":[{"href":"https:\/\/bihavadis.com\/index.php\/wp-json\/wp\/v2\/posts\/51406","targetHints":{"allow":["GET"]}}],"collection":[{"href":"https:\/\/bihavadis.com\/index.php\/wp-json\/wp\/v2\/posts"}],"about":[{"href":"https:\/\/bihavadis.com\/index.php\/wp-json\/wp\/v2\/types\/post"}],"author":[{"embeddable":true,"href":"https:\/\/bihavadis.com\/index.php\/wp-json\/wp\/v2\/users\/1"}],"replies":[{"embeddable":true,"href":"https:\/\/bihavadis.com\/index.php\/wp-json\/wp\/v2\/comments?post=51406"}],"version-history":[{"count":1,"href":"https:\/\/bihavadis.com\/index.php\/wp-json\/wp\/v2\/posts\/51406\/revisions"}],"predecessor-version":[{"id":51411,"href":"https:\/\/bihavadis.com\/index.php\/wp-json\/wp\/v2\/posts\/51406\/revisions\/51411"}],"wp:featuredmedia":[{"embeddable":true,"href":"https:\/\/bihavadis.com\/index.php\/wp-json\/wp\/v2\/media\/51407"}],"wp:attachment":[{"href":"https:\/\/bihavadis.com\/index.php\/wp-json\/wp\/v2\/media?parent=51406"}],"wp:term":[{"taxonomy":"category","embeddable":true,"href":"https:\/\/bihavadis.com\/index.php\/wp-json\/wp\/v2\/categories?post=51406"},{"taxonomy":"post_tag","embeddable":true,"href":"https:\/\/bihavadis.com\/index.php\/wp-json\/wp\/v2\/tags?post=51406"}],"curies":[{"name":"wp","href":"https:\/\/api.w.org\/{rel}","templated":true}]}}