{"id":5146,"date":"2026-01-29T19:30:06","date_gmt":"2026-01-29T19:30:06","guid":{"rendered":"https:\/\/bihavadis.com\/?p=5146"},"modified":"2026-01-29T19:30:06","modified_gmt":"2026-01-29T19:30:06","slug":"baskan-cercioglu-tum-buyuklerimizin-dunya-yaslilar-gunu-kutlu-olsun","status":"publish","type":"post","link":"https:\/\/bihavadis.com\/index.php\/2026\/01\/29\/baskan-cercioglu-tum-buyuklerimizin-dunya-yaslilar-gunu-kutlu-olsun\/","title":{"rendered":"Ba\u015fkan \u00c7er\u00e7io\u011flu: T\u00fcm B\u00fcy\u00fcklerimizin D\u00fcnya Ya\u015fl\u0131lar G\u00fcn\u00fc Kutlu Olsun"},"content":{"rendered":"<p>Renkli g\u00f6r\u00fcnt\u00fclere sahne olan etkinlikte B\u00fcy\u00fck\u015fehir Belediyesi Huzurevi sakinleri g\u00f6n\u00fcllerince e\u011flendi. D\u00fczenlenen mangal partisi ile ba\u015flayan etkinlikler B\u00fcy\u00fck\u015fehir Belediyesi Konservatuar\u0131&#8217;n\u0131n sevilen \u015fark\u0131lar\u0131 seslendirmesiyle devam etti. Huzurevi sakinleri \u015fark\u0131lara alk\u0131\u015flar\u0131yla e\u015flik etti, dans ederek 1 Ekim D\u00fcnya Ya\u015fl\u0131lar G\u00fcn\u00fc&#8217;n\u00fc kutlad\u0131. G\u00fczel bir g\u00fcn ge\u00e7irdiklerini belirten vatanda\u015flar, kendilerini etkinlikler ile bulu\u015fturan Ayd\u0131n B\u00fcy\u00fck\u015fehir Belediye Ba\u015fkan\u0131 \u00d6zlem \u00c7er\u00e7io\u011flu&#8217;na te\u015fekk\u00fcr etti.<\/p>\n<p><b>Ba\u015fkan \u00c7er\u00e7io\u011flu: T\u00fcm vatanda\u015flar\u0131m\u0131z\u0131n yan\u0131nda olmaya devam edece\u011fiz<\/b><br \/>Ba\u015fkan \u00c7er\u00e7io\u011flu, D\u00fcnya Ya\u015fl\u0131lar G\u00fcn\u00fc&#8217;n\u00fc kutlayarak her ya\u015ftan vatanda\u015f\u0131n yan\u0131nda olmaya devam edeceklerini belirtti. Ba\u015fkan \u00c7er\u00e7io\u011flu,\u00a0<b>&#8220;T\u00fcm B\u00fcy\u00fcklerimizin 1 Ekim D\u00fcnya Ya\u015fl\u0131lar G\u00fcn\u00fc&#8217;n\u00fc en i\u00e7ten dileklerim ile kutluyorum. Bizler Ayd\u0131n B\u00fcy\u00fck\u015fehir Belediyesi olarak her ya\u015ftan hem\u015fehrimizin yan\u0131nda ve hizmetinde olmaya devam edece\u011fiz&#8221;<\/b>\u00a0ifadelerini kulland\u0131<br \/>Kaynak: (BYZHA) Beyaz Haber Ajans\u0131<\/p>\n","protected":false},"excerpt":{"rendered":"<p>Renkli g\u00f6r\u00fcnt\u00fclere sahne olan etkinlikte B\u00fcy\u00fck\u015fehir Belediyesi Huzurevi sakinleri g\u00f6n\u00fcllerince e\u011flendi.<\/p>\n","protected":false},"author":1,"featured_media":5147,"comment_status":"open","ping_status":"open","sticky":false,"template":"","format":"standard","meta":{"footnotes":""},"categories":[4],"tags":[],"class_list":["post-5146","post","type-post","status-publish","format-standard","has-post-thumbnail","hentry","category-gundem"],"_links":{"self":[{"href":"https:\/\/bihavadis.com\/index.php\/wp-json\/wp\/v2\/posts\/5146","targetHints":{"allow":["GET"]}}],"collection":[{"href":"https:\/\/bihavadis.com\/index.php\/wp-json\/wp\/v2\/posts"}],"about":[{"href":"https:\/\/bihavadis.com\/index.php\/wp-json\/wp\/v2\/types\/post"}],"author":[{"embeddable":true,"href":"https:\/\/bihavadis.com\/index.php\/wp-json\/wp\/v2\/users\/1"}],"replies":[{"embeddable":true,"href":"https:\/\/bihavadis.com\/index.php\/wp-json\/wp\/v2\/comments?post=5146"}],"version-history":[{"count":1,"href":"https:\/\/bihavadis.com\/index.php\/wp-json\/wp\/v2\/posts\/5146\/revisions"}],"predecessor-version":[{"id":5148,"href":"https:\/\/bihavadis.com\/index.php\/wp-json\/wp\/v2\/posts\/5146\/revisions\/5148"}],"wp:featuredmedia":[{"embeddable":true,"href":"https:\/\/bihavadis.com\/index.php\/wp-json\/wp\/v2\/media\/5147"}],"wp:attachment":[{"href":"https:\/\/bihavadis.com\/index.php\/wp-json\/wp\/v2\/media?parent=5146"}],"wp:term":[{"taxonomy":"category","embeddable":true,"href":"https:\/\/bihavadis.com\/index.php\/wp-json\/wp\/v2\/categories?post=5146"},{"taxonomy":"post_tag","embeddable":true,"href":"https:\/\/bihavadis.com\/index.php\/wp-json\/wp\/v2\/tags?post=5146"}],"curies":[{"name":"wp","href":"https:\/\/api.w.org\/{rel}","templated":true}]}}