{"id":51460,"date":"2026-02-27T16:15:36","date_gmt":"2026-02-27T16:15:36","guid":{"rendered":"https:\/\/bihavadis.com\/?p=51460"},"modified":"2026-02-27T16:15:36","modified_gmt":"2026-02-27T16:15:36","slug":"16-milyon-tllik-dolandiricilik-iddiasi","status":"publish","type":"post","link":"https:\/\/bihavadis.com\/index.php\/2026\/02\/27\/16-milyon-tllik-dolandiricilik-iddiasi\/","title":{"rendered":"16 Milyon TL&#8217;lik Doland\u0131r\u0131c\u0131l\u0131k \u0130ddias\u0131"},"content":{"rendered":"<p>\u0130stanbul&#8217;un Arnavutk\u00f6y il\u00e7esinde ya\u015fayan 48 ya\u015f\u0131ndaki adam, iddiaya g\u00f6re arkada\u015f\u0131 taraf\u0131ndan &#8220;alt\u0131n i\u015fi yapaca\u011f\u0131z&#8221; vaadiyle yakla\u015f\u0131k 16 milyon TL doland\u0131r\u0131ld\u0131. Hayallerini, birikimini ve ailesinin y\u0131llarca verdi\u011fi eme\u011fi kaybetti\u011fini s\u00f6yleyen adam savc\u0131l\u0131\u011fa su\u00e7 duyurusunda bulundu.<\/p>\n<p>Arnavutk\u00f6y il\u00e7esinde ya\u015fayan 48 ya\u015f\u0131ndaki Murat Karabulut daha \u00f6nce beraber \u00e7al\u0131\u015ft\u0131\u011f\u0131 i\u015f arkada\u015f\u0131 Mustafa \u0130. ile birlikte i\u015f yapmak istedi. &#8220;\u00c7antac\u0131l\u0131k&#8221; diye tabir edilen alt\u0131n al\u0131m sat\u0131m i\u015fi yapan Mustafa \u0130.&#8217;nin kar pay\u0131 vaadine inanan Karabulut, zaman i\u00e7erisinde e\u015finin alt\u0131nlar\u0131n\u0131, arac\u0131n\u0131 ve birikimini Mustafa \u0130.&#8217;ye teslim etti. Yakla\u015f\u0131k 16 milyon TL doland\u0131r\u0131ld\u0131\u011f\u0131n\u0131 anlayan Karabulut, savc\u0131l\u0131\u011fa su\u00e7 duyurusunda bulundu. \u0130ddiaya g\u00f6re su\u00e7 duyurusunda bulundu\u011fu Mustafa \u0130.&#8217;nin benzer su\u00e7lardan 30&#8217;a yak\u0131n dosyas\u0131 oldu\u011funu \u00f6\u011frendi.<\/p>\n<p>\u0130\u015f ortakl\u0131\u011f\u0131 vaadiyle yakla\u015ft\u0131<\/p>\n<p>Murat Karabulut, y\u0131llar \u00f6nce bir lokantada birlikte \u00e7al\u0131\u015ft\u0131\u011f\u0131 Mustafa \u0130. isimli \u015fah\u0131sla yakla\u015f\u0131k 3-4 y\u0131l ayn\u0131 i\u015f yerinde \u00e7al\u0131\u015ft\u0131klar\u0131n\u0131 anlatt\u0131. \u0130\u015f yerinin devredilmesinin ard\u0131ndan Mustafa \u0130.&#8217;nin Bayrampa\u015fa&#8217;da g\u00fcm\u00fc\u015f \u00fczerine kuyumcu d\u00fckkan\u0131 a\u00e7t\u0131\u011f\u0131n\u0131, ancak bir s\u00fcre sonra d\u00fckkan\u0131 kapatt\u0131\u011f\u0131n\u0131 belirten Karabulut, daha sonra kendisine alt\u0131n ve d\u00f6viz al-sat i\u015fi yapt\u0131\u011f\u0131n\u0131 ve birikimlerini de\u011ferlendirebilece\u011fini s\u00f6yledi\u011fini ifade etti.<\/p>\n<p>Karabulut, \u00f6nce elindeki alt\u0131nlar\u0131 vererek s\u00fcrece dahil oldu\u011funu, ard\u0131ndan e\u015fine ait 14 bilezi\u011fi par\u00e7a par\u00e7a Mustafa \u0130.&#8217;ye teslim etti\u011fini s\u00f6yledi. E\u015finin defalarca uyarmas\u0131na ra\u011fmen verilen kazan\u00e7 vaadine inand\u0131\u011f\u0131n\u0131 dile getiren Karabulut, &#8220;25 y\u0131ll\u0131k eme\u011fimiz vard\u0131. E\u015fimin kolundaki bilezikler, arabam, birikimlerimiz hepsini bu i\u015fe verdim&#8221; dedi.<\/p>\n<p>\u0130ddiaya g\u00f6re, s\u00fcre\u00e7 bununla da s\u0131n\u0131rl\u0131 kalmad\u0131. Karabulut, ailesiyle oturdu\u011fu evi de satarak paray\u0131 Mustafa \u0130.&#8217;nin y\u00f6nlendirmesiyle onun kontrol\u00fcne verdi. Tapu i\u015flemleri s\u0131ras\u0131nda evin 4 bu\u00e7uk milyon TL&#8217;ye sat\u0131ld\u0131\u011f\u0131 s\u00f6ylenmesine ra\u011fmen hesab\u0131na yatan paran\u0131n \u00e7ok daha d\u00fc\u015f\u00fck oldu\u011funu, paran\u0131n da do\u011frudan Mustafa \u0130.&#8217;nin tasarrufuna ge\u00e7ti\u011fini \u00f6ne s\u00fcrd\u00fc.<\/p>\n<p>Kredi ve kart bor\u00e7lar\u0131yla bor\u00e7 bata\u011f\u0131<\/p>\n<p>\u0130\u015flerin yolunda gitmedi\u011fi y\u00f6n\u00fcndeki ilk sinyalleri bir bulu\u015fmada ald\u0131\u011f\u0131n\u0131 s\u00f6yleyen Karabulut, Mustafa \u0130.&#8217;nin &#8220;Kapal\u0131\u00e7ar\u015f\u0131&#8217;da s\u0131k\u0131nt\u0131 oldu, paran\u0131n yar\u0131s\u0131 gitti&#8221; dedi\u011fini aktard\u0131. Ard\u0131ndan kredi \u00e7ekmeye ikna edildi\u011fini, kredi kartlar\u0131n\u0131n da kullan\u0131ld\u0131\u011f\u0131n\u0131 ifade eden Karabulut, \u015fu anda yakla\u015f\u0131k 1,5 milyon TL kredi ve kart borcu bulundu\u011funu, emekli maa\u015f\u0131na haciz geldi\u011fini ve 3 ayd\u0131r maa\u015f alamad\u0131\u011f\u0131n\u0131 s\u00f6yledi.<\/p>\n<p>&#8220;Ben sefalet i\u00e7indeyim, onlar hayat\u0131na devam ediyor&#8221;<\/p>\n<p>Doland\u0131r\u0131ld\u0131\u011f\u0131n\u0131 anlad\u0131ktan sonra \u015f\u00fcpheliye ve ailesine ula\u015fmaya \u00e7al\u0131\u015ft\u0131\u011f\u0131n\u0131 ancak telefon numaralar\u0131n\u0131n de\u011fi\u015ftirildi\u011fini belirten Karabulut, \u00e7evresinden ald\u0131\u011f\u0131 bilgiler do\u011frultusunda Mustafa \u0130.&#8217;nin k\u0131z\u0131n\u0131 \u00fcniversiteye yazd\u0131rd\u0131\u011f\u0131n\u0131, o\u011flunu bedelli askerli\u011fe g\u00f6nderdi\u011fini ve yeni bir hayat kurdu\u011funu iddia etti. Ya\u015fad\u0131\u011f\u0131 \u00e7aresizli\u011fi g\u00f6zya\u015flar\u0131 i\u00e7inde anlatan Karabulut, &#8220;\u015eu an kiraday\u0131m, kiram\u0131 \u00f6deyemiyorum. \u00dc\u00e7 \u00e7ocu\u011fum var. \u0130ntihar\u0131n e\u015fi\u011fine geldim. Benim gibi ba\u015fka insanlar\u0131n da can\u0131 yanmas\u0131n&#8221; diyerek \u00e7a\u011fr\u0131da bulundu. Murat Karabulut&#8217;un savc\u0131l\u0131\u011fa yapt\u0131\u011f\u0131 su\u00e7 duyurusunun ard\u0131ndan olayla ilgili soru\u015fturma ba\u015flat\u0131ld\u0131\u011f\u0131 \u00f6\u011frenildi. Karabulut, adaletin yerini bulmas\u0131n\u0131 ve iddia etti\u011fi ma\u011fduriyetinin giderilmesini bekliyor. &#8211; \u0130STANBUL<\/p>\n","protected":false},"excerpt":{"rendered":"<p>Arnavutk\u00f6y&#8217;de Murat Karabulut, alt\u0131n vaadiyle doland\u0131r\u0131ld\u0131\u011f\u0131 iddias\u0131yla savc\u0131l\u0131\u011fa ba\u015fvurdu.<\/p>\n","protected":false},"author":1,"featured_media":51461,"comment_status":"open","ping_status":"open","sticky":false,"template":"","format":"standard","meta":{"footnotes":""},"categories":[8],"tags":[387,1406,395,3920,286],"class_list":["post-51460","post","type-post","status-publish","format-standard","has-post-thumbnail","hentry","category-ekonomi","tag-altin","tag-iddia","tag-is","tag-karabulut","tag-suc"],"_links":{"self":[{"href":"https:\/\/bihavadis.com\/index.php\/wp-json\/wp\/v2\/posts\/51460","targetHints":{"allow":["GET"]}}],"collection":[{"href":"https:\/\/bihavadis.com\/index.php\/wp-json\/wp\/v2\/posts"}],"about":[{"href":"https:\/\/bihavadis.com\/index.php\/wp-json\/wp\/v2\/types\/post"}],"author":[{"embeddable":true,"href":"https:\/\/bihavadis.com\/index.php\/wp-json\/wp\/v2\/users\/1"}],"replies":[{"embeddable":true,"href":"https:\/\/bihavadis.com\/index.php\/wp-json\/wp\/v2\/comments?post=51460"}],"version-history":[{"count":1,"href":"https:\/\/bihavadis.com\/index.php\/wp-json\/wp\/v2\/posts\/51460\/revisions"}],"predecessor-version":[{"id":51462,"href":"https:\/\/bihavadis.com\/index.php\/wp-json\/wp\/v2\/posts\/51460\/revisions\/51462"}],"wp:featuredmedia":[{"embeddable":true,"href":"https:\/\/bihavadis.com\/index.php\/wp-json\/wp\/v2\/media\/51461"}],"wp:attachment":[{"href":"https:\/\/bihavadis.com\/index.php\/wp-json\/wp\/v2\/media?parent=51460"}],"wp:term":[{"taxonomy":"category","embeddable":true,"href":"https:\/\/bihavadis.com\/index.php\/wp-json\/wp\/v2\/categories?post=51460"},{"taxonomy":"post_tag","embeddable":true,"href":"https:\/\/bihavadis.com\/index.php\/wp-json\/wp\/v2\/tags?post=51460"}],"curies":[{"name":"wp","href":"https:\/\/api.w.org\/{rel}","templated":true}]}}