{"id":51485,"date":"2026-02-27T16:33:05","date_gmt":"2026-02-27T16:33:05","guid":{"rendered":"https:\/\/bihavadis.com\/?p=51485"},"modified":"2026-02-27T16:33:05","modified_gmt":"2026-02-27T16:33:05","slug":"iranda-protestolara-siddetli-mudahale","status":"publish","type":"post","link":"https:\/\/bihavadis.com\/index.php\/2026\/02\/27\/iranda-protestolara-siddetli-mudahale\/","title":{"rendered":"\u0130ran&#8217;da Protestolara \u015eiddetli M\u00fcdahale"},"content":{"rendered":"<p><strong>&#8220;S\u00fcrekli devam eden silah sesleri g\u00fcn bat\u0131m\u0131na yak\u0131n ba\u015flad\u0131 ve gece yar\u0131s\u0131na kadar s\u00fcrd\u00fc. Sava\u015f alan\u0131 gibiydi. Durmak bilmeyen bir g\u00fcr\u00fclt\u00fc&#8230; Ertesi sabah d\u0131\u015far\u0131 \u00e7\u0131kt\u0131\u011f\u0131mda her yerde kan izleri vard\u0131 &#8211; kald\u0131r\u0131mlarda, sokaklarda, ara sokaklarda, duvarlarda&#8230; Her \u015fey kana bulanm\u0131\u015ft\u0131.&#8221;<\/strong><\/p>\n<p> \u0130ran&#8217;\u0131n bat\u0131s\u0131ndaki Kirman\u015fah kentinden bir g\u00f6rg\u00fc tan\u0131\u011f\u0131, g\u00fcvenlik g\u00fc\u00e7lerinin 8 Ocak&#8217;ta Dara Derizh b\u00f6lgesindeki m\u00fcdahalesini BBC News Fars\u00e7a&#8217;ya bu kelimelerle anlat\u0131yor. <\/p>\n<p>H\u00fck\u00fcmetin interneti \u00fclke \u00e7ap\u0131nda kesmesinden hemen \u00f6nce, sosyal medyada bu b\u00f6lgeden, g\u00fcvenlik g\u00fc\u00e7lerinin vurdu\u011fu protestocular\u0131 kanlar i\u00e7inde g\u00f6steren \u00e7ok say\u0131da video payla\u015f\u0131lm\u0131\u015ft\u0131. <\/p>\n<p>Sonra her yer karanl\u0131\u011fa g\u00f6m\u00fcld\u00fc.<\/p>\n<p>\u0130ran&#8217;da, para biriminin sert de\u011fer kayb\u0131 ve ekonomik sorunlar\u0131n tetiklemesiyle Aral\u0131k ay\u0131 sonunda patlak veren son protestolar, h\u0131zla h\u00fck\u00fcmet kar\u015f\u0131t\u0131 ayaklanmaya d\u00f6n\u00fc\u015ft\u00fc. <\/p>\n<p> G\u00fcvenlik g\u00fc\u00e7lerinin protestolara m\u00fcdahalesi, \u00f6zellikle 8 ve 9 Ocak g\u00fcnlerinde, modern \u0130ran&#8217;\u0131n tarihinde e\u015fi benzeri g\u00f6r\u00fclmemi\u015f d\u00fczeyde \u015fiddet i\u00e7eriyordu.<\/p>\n<p>Protestolar\u0131n yay\u0131ld\u0131\u011f\u0131 200&#8217;\u00fcn \u00fczerindeki kentin \u00e7o\u011fundan, protestocular\u0131n \u00f6ld\u00fcr\u00fcld\u00fc\u011f\u00fc haberleri geliyordu. <\/p>\n<p>\u00d6ld\u00fcr\u00fclenlerin say\u0131s\u0131 h\u00e2l\u00e2 netlik kazanm\u0131\u015f olmasa da, insan haklar\u0131 \u00f6rg\u00fctleri ve medya taraf\u0131ndan toplanan foto\u011fraflar, g\u00f6rg\u00fc tan\u0131\u011f\u0131 ifadeleri ve raporlar, a\u015f\u0131r\u0131 derecede \u015fiddet uyguland\u0131\u011f\u0131n\u0131, \u00f6l\u00fcmc\u00fcl silahlar\u0131n kullan\u0131ld\u0131\u011f\u0131n\u0131 ve \u00fclke genelinde binlerce ki\u015finin \u00f6ld\u00fcr\u00fcld\u00fc\u011f\u00fcn\u00fc g\u00f6steriyor.<\/p>\n<p>H\u00fck\u00fcmetin internet ve ileti\u015fim a\u011flar\u0131n\u0131 kesmesiyle \u0130ran&#8217;\u0131n iki g\u00fcn tamamen sessizli\u011fe g\u00f6m\u00fclmesinin ard\u0131ndan, \u00fclkeden s\u0131zd\u0131r\u0131lan bir video d\u00fcnyay\u0131 \u015foke etti. G\u00f6r\u00fcnt\u00fcde ba\u015fkent Tahran&#8217;daki Kahrizak Adli T\u0131p Merkezi&#8217;nin d\u0131\u015f\u0131nda yere serilmi\u015f, siyah torbalar i\u00e7inde y\u00fczlerce ceset vard\u0131. <\/p>\n<p>Torbalar\u0131n \u00e7o\u011fu a\u00e7\u0131kt\u0131 ve i\u00e7lerinden, baz\u0131lar\u0131 \u00e7\u0131plak, beden b\u00fct\u00fcnl\u00fc\u011f\u00fc bozulmu\u015f, kana bulanm\u0131\u015f cesetler g\u00f6r\u00fcl\u00fcyordu. Y\u0131k\u0131lm\u0131\u015f aileler, kana bulanm\u0131\u015f zeminde s\u0131ra s\u0131ra yatan cesetler aras\u0131nda sevdiklerini ar\u0131yordu. <\/p>\n<p>BBC News Fars\u00e7a adli ara\u015ft\u0131rma ekibine konu\u015fan, Lahey&#8217;deki Uluslararas\u0131 Ceza Mahkemesi&#8217;nde g\u00f6rev yapm\u0131\u015f \u0130ran as\u0131ll\u0131 Kanadal\u0131 eski Birle\u015fmi\u015f Milletler savc\u0131s\u0131 Payam Akhavan, &#8220;Bu, \u00e7a\u011fda\u015f \u0130ran tarihinin en b\u00fcy\u00fck toplu katliam\u0131 ve d\u00fcnyan\u0131n da en b\u00fcy\u00fcklerinden biri&#8221; dedi. <\/p>\n<p>\u0130ran h\u00fck\u00fcmetiyse &#8220;isyanc\u0131 ve ter\u00f6ristlerin&#8221; g\u00fcvenlik g\u00fc\u00e7lerine ve sivillere ate\u015f a\u00e7t\u0131\u011f\u0131n\u0131 iddia ediyor. <\/p>\n<p>BBC Fars\u00e7a adli ara\u015ft\u0131rma ekibi, y\u00fczlerce video ve foto\u011fraf\u0131 inceleyerek, \u0130ran g\u00fcvenlik g\u00fc\u00e7lerinin protestolar\u0131 bast\u0131rmak i\u00e7in \u00e7ok \u00e7e\u015fitli \u00f6l\u00fcmc\u00fcl ve \u00f6l\u00fcmc\u00fcl olmayan silahlar kulland\u0131\u011f\u0131n\u0131 ortaya koydu.<\/p>\n<p>Kullan\u0131ld\u0131\u011f\u0131 do\u011frulanan silahlar \u015f\u00f6yle: <\/p>\n<p><b>Makineli t\u00fcfekler <\/b><\/p>\n<p>BBC News Fars\u00e7a Adli \u0130nceleme birimi taraf\u0131ndan do\u011frulanan Tahran, \u0130sfahan, Yezdan\u015fehr ve \u015eahsavar (yeni ad\u0131 Tonekabon) gibi \u015fehirlerden gelen g\u00f6r\u00fcnt\u00fcler, askeri pikaplara DShK gibi a\u011f\u0131r ve PK gibi orta s\u0131n\u0131f makineli t\u00fcfeklerin monte edildi\u011fini g\u00f6steriyor.<\/p>\n<p>G\u00fcvenlik g\u00fc\u00e7lerinin bunlar\u0131 &#8220;kalabal\u0131\u011f\u0131 kontrol etmek&#8221; ve &#8220;s\u0131k\u0131y\u00f6netim uygulamak&#8221; ama\u00e7lar\u0131yla kulland\u0131\u011f\u0131 aktar\u0131l\u0131yor. <\/p>\n<p>Vahid Online Telegram kanal\u0131, 8 Ocak gecesi Tahran&#8217;daki Sadeghiyeh Meydan\u0131&#8217;nda \u00e7ekilmi\u015f, arkas\u0131na makineli t\u00fcfek monte edilmi\u015f siyah bir kamyonetin iki foto\u011fraf\u0131n\u0131 payla\u015ft\u0131.<\/p>\n<p>BBC News Fars\u00e7a Adli \u0130nceleme birimi bu foto\u011fraflar\u0131, 2025 y\u0131l\u0131nda \u0130mam Ali g\u00fcvenlik taburunun ge\u00e7it t\u00f6renine ait, \u0130ran&#8217;\u0131n yar\u0131 resmi Fars Haber Ajans\u0131 taraf\u0131ndan yay\u0131nlanm\u0131\u015f olan foto\u011fraflarla kar\u015f\u0131la\u015ft\u0131rd\u0131. <\/p>\n<p>Foto\u011fraflarda, neredeyse ayn\u0131 siyah renkli \u0130slam Devrim Muhaf\u0131zlar\u0131 (IRGC) pikaplar\u0131n\u0131n, ayn\u0131 silahla donat\u0131lm\u0131\u015f oldu\u011fu g\u00f6r\u00fcl\u00fcyordu. <\/p>\n<p>Janes savunma-istihbarat \u015firketi silah ekibi y\u00f6neticisi Amael Kotlarski, bu silah\u0131n \u0130ran&#8217;da lisansl\u0131 \u00fcretimi olan DShKM modeli oldu\u011funu belirtti. <\/p>\n<p>\u0130sfahan eyaletinin Yezdan\u015fehr kentinde 9 Ocak&#8217;taki protestolar s\u0131ras\u0131nda kaydedilmi\u015f ve \u0130ran Uluslararas\u0131 televizyon a\u011f\u0131 taraf\u0131ndan yay\u0131nlanan bir video, protestocular\u0131n s\u00fcrekli makineli t\u00fcfek ate\u015fi alt\u0131nda kald\u0131\u011f\u0131n\u0131 a\u00e7\u0131k\u00e7a g\u00f6steriyor.<\/p>\n<p>Silah\u0131n namlusundan \u00e7\u0131kan yo\u011fun ate\u015f 46. saniyede g\u00f6r\u00fclebiliyor.<\/p>\n<p>Klasik askeri silahlar\u0131n analizi konusunda uzmanla\u015fm\u0131\u015f \u0130ngiltere merkezli Thames Valley Guns \u015firketinin bir temsilcisi de BBC News Fars\u00e7a&#8217;ya, protesto videolar\u0131nda DShK makineli t\u00fcfeklerle donat\u0131lm\u0131\u015f ara\u00e7lar\u0131n\u0131n g\u00f6r\u00fclebildi\u011fini s\u00f6yledi. <\/p>\n<p>Teyit edilmi\u015f bir videoda, bir ki\u015fi Kala\u015fnikof AK-47 sald\u0131r\u0131 t\u00fcfe\u011fine ait iki bo\u015f \u015farj\u00f6r\u00fc ve b\u00fcy\u00fck bir bo\u015f kovan\u0131 g\u00f6stererek, g\u00fcvenlik g\u00fc\u00e7lerinin bunlar\u0131 Tahran&#8217;daki Behe\u015ft Meydan\u0131&#8217;ndaki protestoculara ate\u015fledi\u011fini s\u00f6yl\u00fcyor.<\/p>\n<p>Thames Valley Guns, b\u00fcy\u00fck siyah merminin 20 mm&#8217;lik otomatik tanksavar top mermisi oldu\u011funu do\u011frulad\u0131. Namlu \u00fczerindeki yiv izleri de merminin ate\u015flendi\u011fini do\u011fruluyor.<\/p>\n<p>Thames Valley Guns&#8217;tan bir uzman, &#8220;Bunlar, hafif z\u0131rhl\u0131 personel ta\u015f\u0131y\u0131c\u0131lar\u0131 da dahil olmak \u00fczere yap\u0131lar\u0131, ara\u00e7lar\u0131 ve g\u00fc\u00e7lendirilmi\u015f hedefleri etkisiz hale getirmek i\u00e7in tasarlanm\u0131\u015f t\u00fcrde m\u00fchimmatlar&#8221; dedi. <\/p>\n<p>&#8220;Bunlar insanlar \u00fczerinde kullanmak i\u00e7in tasarlanm\u0131\u015f m\u00fchimmatlar de\u011fil, ve insan bedenindeki tahribat\u0131 y\u0131k\u0131c\u0131 olur.&#8221; <\/p>\n<p><b>Keskin ni\u015fanc\u0131 t\u00fcfekleri <\/b><\/p>\n<p>G\u00f6rg\u00fc tan\u0131klar\u0131 BBC News Fars\u00e7a&#8217;ya Ocak ay\u0131ndaki protestolarda keskin ni\u015fanc\u0131lar\u0131n \u00e7ok yo\u011fun \u015fekilde kullan\u0131ld\u0131\u011f\u0131n\u0131 anlatt\u0131. \u00dclkeden gelen teyitli g\u00f6r\u00fcnt\u00fcler de bu anlat\u0131lar\u0131 do\u011fruluyor. <\/p>\n<p>BBC News Fars\u00e7a Adli \u0130nceleme ekibinin elde etti\u011fi bir g\u00f6r\u00fcnt\u00fcde, 9 Ocak&#8217;ta \u00fclkenin kuzeydo\u011fusundaki Me\u015fhed kentindeki protestolar s\u0131ras\u0131nda, bir otelin \u00e7at\u0131s\u0131nda, \u0130slam Devrim Muhaf\u0131zlar\u0131 Ordusu da dahil g\u00fcvenlik g\u00fc\u00e7lerinin \u00e7e\u015fitli birimleri taraf\u0131ndan kullan\u0131lan t\u00fcrde siyah taktik \u00fcniformalar giymi\u015f iki ki\u015fi bulunuyor. Bunlardan biri, elinde Dragunov keskin ni\u015fanc\u0131 t\u00fcfe\u011fiyle (SVD) duvara yaslanm\u0131\u015f \u015fekilde g\u00f6r\u00fcl\u00fcyor. <\/p>\n<p>\u0130ran devlet televizyonunda konu\u015fan bir adli t\u0131p uzman\u0131, keskin ni\u015fanc\u0131lar\u0131n protestocular\u0131 \u00f6ld\u00fcrd\u00fc\u011f\u00fcn\u00fc do\u011frulad\u0131. <\/p>\n<p>Tahran&#8217;da bir binan\u0131n kap\u0131c\u0131s\u0131 olarak \u00e7al\u0131\u015fan, aslen K\u00fcrdistan eyaletinin bat\u0131s\u0131ndaki Sakk\u0131z&#8217;dan olan \u0130brahim Pourahmadian&#8217;\u0131n bir akrabas\u0131, BBC&#8217;ye yapt\u0131\u011f\u0131 a\u00e7\u0131klamada, Pourahmadian&#8217;\u0131n 8 Ocak&#8217;ta, \u00e7ocu\u011funun g\u00f6zleri \u00f6n\u00fcnde bir keskin ni\u015fanc\u0131 taraf\u0131ndan ba\u015f\u0131ndan vuruldu\u011funu s\u00f6yledi. <\/p>\n<p>BBC&#8217;nin elde etti\u011fi, Pourahmadian&#8217;\u0131n cesedini g\u00f6steren foto\u011fraflar, aln\u0131n\u0131n ortas\u0131ndan tek bir mermiyle vurulmu\u015f oldu\u011funu kan\u0131tl\u0131yor. <\/p>\n<p>The Thames Valley Guns uzman\u0131, &#8220;iyi yerle\u015ftirilmi\u015f bir keskin ni\u015fanc\u0131n\u0131n&#8221; \u00e7ok derin br psikolojik etki yaratabilece\u011fini s\u00f6yl\u00fcyor: <\/p>\n<p>&#8220;Bu tehdidin, bu konuda e\u011fitim almam\u0131\u015f sivillerdeki etkisi \u00e7ok daha b\u00fcy\u00fck olacakt\u0131r. Bir\u00e7ok insan uzaktaki, g\u00f6remedikleri bir tehdide kar\u015f\u0131 ne yapacaklar\u0131n\u0131 bilmiyor &#8211; bunun neden oldu\u011fu korku da kitlesel pani\u011fi tetikliyor.&#8221;<\/p>\n<p><b>Sald\u0131r\u0131 t\u00fcfekleri <\/b><\/p>\n<p>Kala\u015fnikof sald\u0131r\u0131 t\u00fcfe\u011fi, \u0130ran&#8217;daki t\u00fcm askeri ve kolluk kuvvetlerinin standart olarak kulland\u0131\u011f\u0131 silah. <\/p>\n<p>BBC News Fars\u00e7a, polis ve Devrim Muhaf\u0131zlar\u0131&#8217;n\u0131n AK-47 Kala\u015fnikoflar ile \u0130ran yap\u0131m\u0131 KL t\u00fcrevlerini kulland\u0131\u011f\u0131n\u0131 g\u00f6steren \u00e7ok say\u0131da videoyu inceledi.<\/p>\n<p>Kuzeydeki Amol \u015fehrinde 9 Ocak&#8217;ta kaydedilmi\u015f bir g\u00f6r\u00fcnt\u00fcde, bir g\u00fcvenlik g\u00f6revlisinin Kala\u015fnikof&#8217;unu do\u011frudan protestoculara y\u00f6nelterek ate\u015fledi\u011fi g\u00f6r\u00fcl\u00fcyor. <\/p>\n<p>BBC News Fars\u00e7a&#8217;n\u0131n elde etti\u011fi, sokaklardan toplanan bo\u015f kovanlar\u0131 g\u00f6steren g\u00f6r\u00fcnt\u00fcleri inceleyen Kotlarski, bunlar\u0131n Kala\u015fnikov tipi t\u00fcfekler i\u00e7in \u00f6zel olarak kullan\u0131lan 7.62x39mm mermiler oldu\u011funu do\u011frulad\u0131.<\/p>\n<p><b>Av t\u00fcfekleri <\/b><\/p>\n<p>BBC&#8217;nin ara\u015ft\u0131rmas\u0131 av t\u00fcfeklerinin de \u00e7ok yayg\u0131n kullan\u0131ld\u0131\u011f\u0131n\u0131 ortaya koydu. <\/p>\n<p>Bat\u0131daki Lordegan \u015fehrinden 1 Ocak, ve yine bat\u0131daki Abadan \u015fehrinden 7 Ocak tarihli do\u011frulanm\u0131\u015f g\u00f6r\u00fcnt\u00fclerde, protestolar s\u0131ras\u0131nda sokaklarda konu\u015fland\u0131r\u0131lm\u0131\u015f av t\u00fcfekli polisler g\u00f6r\u00fcl\u00fcyor.<\/p>\n<p>Janes savunma-istihbarat \u015firketi silah ekibi y\u00f6neticisi Amael Kotlarski g\u00f6r\u00fcnt\u00fclerde, \u0130ran yap\u0131m\u0131 Maher av t\u00fcfe\u011finin hem standart hem de k\u0131sa namlulu versiyonlar\u0131 da dahil olmak \u00fczere, \u00e7e\u015fitli modeller tespit etti.<\/p>\n<p>2022&#8217;deki &#8220;kad\u0131n, hayat, \u00f6zg\u00fcrl\u00fck&#8221; protestolar\u0131nda da g\u00f6rd\u00fc\u011f\u00fcm\u00fcz gibi, Ocak ay\u0131ndaki protestolarda da av t\u00fcfeklerinin \u00e7ok yo\u011fun \u015fekilde kullan\u0131lmas\u0131yla \u00e7ok say\u0131da ki\u015fi hayat\u0131n\u0131 kaybetti, y\u00fczlerce hatta binlerce ki\u015fi de g\u00f6zlerinden kal\u0131c\u0131 \u015fekilde yaraland\u0131. <\/p>\n<p>Yar\u0131 resmi \u0130ran \u00d6\u011frenci Haber Ajans\u0131&#8217;na konu\u015fan Farabi G\u00f6z Hastanesi ba\u015fhekimi Dr. Ghasem Fakhraei, 9 ve 10 Ocak&#8217;ta, sadece kendi hastanesine gelen, metal sa\u00e7malar\u0131n neden oldu\u011fu g\u00f6z yuvar\u0131 y\u0131rt\u0131lmas\u0131 nedeniyle acil ameliyata ihtiya\u00e7 duyan yaral\u0131 say\u0131s\u0131n\u0131n 1.000&#8217;in \u00fczerinde oldu\u011funu s\u00f6yledi. <\/p>\n<p>BBC News Fars\u00e7a, Me\u015fhed&#8217;deki yaral\u0131 protestocular\u0131n bilgisayar tomografisi (CT) g\u00f6r\u00fcnt\u00fcleri ve t\u0131bbi kay\u0131tlar\u0131na ula\u015ft\u0131; bunlardan birinde g\u00f6z dokusuna saplanm\u0131\u015f metal bir sa\u00e7ma a\u00e7\u0131k\u00e7a g\u00f6r\u00fcl\u00fcyor.<\/p>\n<p><b>Tabancalar <\/b><\/p>\n<p>Kerman\u015fah&#8217;ta 8 Ocak&#8217;ta \u00e7ekilmi\u015f iki g\u00f6r\u00fcnt\u00fc, sivil k\u0131yafetli g\u00fcvenlik g\u00fc\u00e7lerinin en az iki farkl\u0131 t\u00fcrde tabanca kulland\u0131\u011f\u0131n\u0131 g\u00f6steriyor. <\/p>\n<p>Uzmanlar bu tabancalar\u0131n Beretta Model 50 veya CZ 75&#8217;e benzedi\u011fini s\u00f6yl\u00fcyor. <\/p>\n<p><b>Palalar <\/b><\/p>\n<p>\u00c7ok say\u0131da protestocu BBC Fars\u00e7a&#8217;ya, kendilerine b\u0131\u00e7ak ve palalarla sald\u0131r\u0131ld\u0131\u011f\u0131n\u0131 s\u00f6yledi. <\/p>\n<p>Elde etti\u011fimiz ceset g\u00f6r\u00fcnt\u00fclerinde de pala ve mermi izleri g\u00f6r\u00fcl\u00fcyor. <\/p>\n<p>Tahran&#8217;dan gelen g\u00fcvenlik kameras\u0131 g\u00f6r\u00fcnt\u00fclerindeyse sivil k\u0131yafetli ajanlar\u0131n, bir apartman blo\u011funa s\u0131\u011f\u0131nan protestoculara palalarla sald\u0131rd\u0131\u011f\u0131n\u0131 g\u00f6steriyor. <\/p>\n<p>Yine ba\u015fkentten gelen ba\u015fka bir videoda, sivil k\u0131yafetli bir g\u00fcvenlik g\u00f6revlisinin bir kad\u0131n protestocunun kafas\u0131na palayla vurdu\u011fu g\u00f6r\u00fcl\u00fcyor. G\u00f6r\u00fcnt\u00fcde askeri \u00fcniformal\u0131 ba\u015fka g\u00fcvenlik g\u00f6revlileri de mevcut. <\/p>\n<p><b>Coplar <\/b><\/p>\n<p>BBC News Fars\u00e7a Adli \u0130nceleme ekibinin elde etti\u011fi g\u00f6r\u00fcnt\u00fclerin baz\u0131lar\u0131ndaysa, g\u00f6stericilerin coplarla d\u00f6v\u00fcld\u00fc\u011f\u00fc g\u00f6r\u00fcl\u00fcyor. En az bir protestocu, Saghar Seifollahi Fars, bu \u015fekilde hayat\u0131n\u0131 kaybetti. <\/p>\n","protected":false},"excerpt":{"rendered":"<p>Kirman\u015fah&#8217;taki \u015fiddetli m\u00fcdahale sonras\u0131 kanl\u0131 g\u00f6r\u00fcnt\u00fcler d\u00fcnyay\u0131 \u015fok etti. \u00c7ok say\u0131da \u00f6l\u00fc var.<\/p>\n","protected":false},"author":1,"featured_media":51486,"comment_status":"open","ping_status":"open","sticky":false,"template":"","format":"standard","meta":{"footnotes":""},"categories":[8],"tags":[2548,271,2259,248,6541],"class_list":["post-51485","post","type-post","status-publish","format-standard","has-post-thumbnail","hentry","category-ekonomi","tag-goruntuler","tag-iran","tag-protestolar","tag-silah","tag-tufekler"],"_links":{"self":[{"href":"https:\/\/bihavadis.com\/index.php\/wp-json\/wp\/v2\/posts\/51485","targetHints":{"allow":["GET"]}}],"collection":[{"href":"https:\/\/bihavadis.com\/index.php\/wp-json\/wp\/v2\/posts"}],"about":[{"href":"https:\/\/bihavadis.com\/index.php\/wp-json\/wp\/v2\/types\/post"}],"author":[{"embeddable":true,"href":"https:\/\/bihavadis.com\/index.php\/wp-json\/wp\/v2\/users\/1"}],"replies":[{"embeddable":true,"href":"https:\/\/bihavadis.com\/index.php\/wp-json\/wp\/v2\/comments?post=51485"}],"version-history":[{"count":1,"href":"https:\/\/bihavadis.com\/index.php\/wp-json\/wp\/v2\/posts\/51485\/revisions"}],"predecessor-version":[{"id":51487,"href":"https:\/\/bihavadis.com\/index.php\/wp-json\/wp\/v2\/posts\/51485\/revisions\/51487"}],"wp:featuredmedia":[{"embeddable":true,"href":"https:\/\/bihavadis.com\/index.php\/wp-json\/wp\/v2\/media\/51486"}],"wp:attachment":[{"href":"https:\/\/bihavadis.com\/index.php\/wp-json\/wp\/v2\/media?parent=51485"}],"wp:term":[{"taxonomy":"category","embeddable":true,"href":"https:\/\/bihavadis.com\/index.php\/wp-json\/wp\/v2\/categories?post=51485"},{"taxonomy":"post_tag","embeddable":true,"href":"https:\/\/bihavadis.com\/index.php\/wp-json\/wp\/v2\/tags?post=51485"}],"curies":[{"name":"wp","href":"https:\/\/api.w.org\/{rel}","templated":true}]}}