{"id":51507,"date":"2026-02-27T16:51:05","date_gmt":"2026-02-27T16:51:05","guid":{"rendered":"https:\/\/bihavadis.com\/?p=51507"},"modified":"2026-02-27T16:51:05","modified_gmt":"2026-02-27T16:51:05","slug":"ngolo-kante-fenerbahcenin-transfer-ettigi-iki-kisilik-oynayan-kucuk-motor","status":"publish","type":"post","link":"https:\/\/bihavadis.com\/index.php\/2026\/02\/27\/ngolo-kante-fenerbahcenin-transfer-ettigi-iki-kisilik-oynayan-kucuk-motor\/","title":{"rendered":"N&#8217;Golo Kante: Fenerbah\u00e7e&#8217;nin transfer etti\u011fi &#8216;iki ki\u015filik oynayan k\u00fc\u00e7\u00fck motor&#8217;"},"content":{"rendered":"<p><strong> Fenerbah\u00e7e, d\u00fcnyaca \u00fcnl\u00fc Frans\u0131z orta saha oyuncusu N&#8217;Golo Kante&#8217;yi transfer etti.<\/strong><\/p>\n<p>Suudi Arabistan&#8217;\u0131n Al-Ittihad tak\u0131m\u0131ndan transfer edilen Kante, Fenerbah\u00e7e ile 2,5 y\u0131ll\u0131k s\u00f6zle\u015fme imzalayacak.<\/p>\n<p>Kante&#8217;yi \u0130stanbul&#8217;a getiren u\u00e7a\u011f\u0131n TS\u0130 21.30&#8217;da Sabiha G\u00f6k\u00e7en Havaliman\u0131&#8217;na indi ve bir taraftar grubu taraf\u0131ndan kar\u015f\u0131land\u0131. <\/p>\n<p>Fenerbah\u00e7e Ba\u015fkan\u0131 Sadettin Saran, Kante&#8217;nin transfer s\u00fcrecine katk\u0131s\u0131 i\u00e7in Cumhurba\u015fkan\u0131 ve AKP Genel Ba\u015fkan\u0131 Recep Tayyip Erdo\u011fan&#8217;a te\u015fekk\u00fcr etti.<\/p>\n<p>Kul\u00fcp 3 \u015eubat&#8217;ta Al-Ittihad&#8217;\u0131n Kante&#8217;ye ait evraklar\u0131 sisteme ge\u00e7 iletmesi sebebiyle transferin tamamlanamad\u0131\u011f\u0131n\u0131 ve FIFA&#8217;ya yap\u0131lan itiraz\u0131n da kabul edilmedi\u011fini a\u00e7\u0131klam\u0131\u015ft\u0131. <\/p>\n<p>Fenerbah\u00e7e daha sonra sosyal medya hesab\u0131ndan yeni bir a\u00e7\u0131klama yaparak Kante&#8217;nin transferini tamamlad\u0131\u011f\u0131n\u0131 duyurdu. <\/p>\n<p>Cumhurba\u015fkan\u0131 Erdo\u011fan&#8217;\u0131n Suudi Arabistan ziyareti s\u0131ras\u0131nda devreye girerek transferin ger\u00e7ekle\u015fmesinde b\u00fcy\u00fck rol oynad\u0131\u011f\u0131 bildiriliyor. <\/p>\n<p>Kante Fenerbah\u00e7e&#8217;ye, Sar\u0131-Lacivertlilerin Fasl\u0131 santraforu Youssef En-Nesyri ise Al Ittihad&#8217;a transfer oldu. <\/p>\n<p>Peki Avrupa&#8217;da ara d\u00f6nemin en sansasyonel transferinden biri olarak g\u00f6r\u00fclen 35 ya\u015f\u0131ndaki N&#8217;Golo Kante kim, transferi neden b\u00fcy\u00fck heyecan yaratt\u0131?<\/p>\n<p><b>Paris&#8217;in banliy\u00f6lerinden d\u00fcnya futbolunun zirvesine<\/b><\/p>\n<p>N&#8217;Golo Kante&#8217;nin hikayesi Fransa&#8217;n\u0131n ba\u015fkenti Paris&#8217;in banliy\u00f6lerinden d\u00fcnya futbolunun zirvesine uzan\u0131yor. <\/p>\n<p>&#8220;Sessiz, al\u00e7akg\u00f6n\u00fcll\u00fc ve e\u015fsiz bir \u00e7al\u0131\u015fma ahlak\u0131na sahip&#8221; olarak tan\u0131mlanan Kante, futbol d\u00fcnyas\u0131nda sadeli\u011fi ile dikkat \u00e7ekiyor. <\/p>\n<p>Kante, 29 Mart 1991&#8217;de eski Frans\u0131z s\u00f6m\u00fcrgesi Mali k\u00f6kenli bir ailenin \u00e7ocu\u011fu olarak Suresnes&#8217;de do\u011fdu. <\/p>\n<p>\u00c7ocuklu\u011fu m\u00fctevaz\u0131 ko\u015fullarda ge\u00e7ti, babas\u0131n\u0131 k\u00fc\u00e7\u00fck ya\u015fta kaybetti, annesine destek i\u00e7in geri d\u00f6n\u00fc\u015f\u00fcm amac\u0131yla \u00e7\u00f6p toplad\u0131.<\/p>\n<p>Boyunun k\u0131sa olmas\u0131 nedeniyle bir\u00e7ok futbol akademisinden geri \u00e7evrildi. <\/p>\n<p>Futbola sekiz ya\u015f\u0131nda JS Suresnes tak\u0131m\u0131nda ba\u015flad\u0131. <\/p>\n<p>K\u00fc\u00e7\u00fck, sessiz ve fiziksel olarak zay\u0131ft\u0131 ancak antren\u00f6rler onun iki \u00f6zelli\u011fini hemen fark etti: Ola\u011fan\u00fcst\u00fc dayan\u0131kl\u0131l\u0131\u011f\u0131 ve oyunu okuma becerisi.<\/p>\n<p>Daha \u00e7ocukken bile her yerde beliren, pas aralar\u0131n\u0131 kapatan ve top kazanan bir oyuncuydu. <\/p>\n<p>On dokuz ya\u015f\u0131nda Fransa&#8217;da alt liglerden Boulogne&#8217;un rezerv tak\u0131m\u0131na kat\u0131ld\u0131. Y\u00fckseli\u015fi h\u0131zl\u0131 de\u011fil ama istikrarl\u0131yd\u0131, \u00f6zellikle \u00e7al\u0131\u015fkanl\u0131\u011f\u0131yla vazge\u00e7ilmez bir futbolcu oldu. <\/p>\n<p>2013&#8217;te Caen&#8217;e transfer oldu. Tak\u0131m\u0131n\u0131n Fransa Birinci Ligi&#8217;ne (Ligue 1) y\u00fckselmesinde b\u00fcy\u00fck rol oynad\u0131. <\/p>\n<p>H\u0131zla Avrupa kul\u00fcplerinin radar\u0131na gidi. Top kapma becerisi, pozisyon bilgisi, sade ama etkili tekni\u011fiyle fark yarat\u0131yordu. <\/p>\n<p>Yine de 2015&#8217;te \u0130ngiltere Premier Ligi tak\u0131mlar\u0131ndan Leicester City&#8217;e transfer oldu\u011funda, kimse o sezon elde edece\u011fi ba\u015far\u0131y\u0131 \u00f6ng\u00f6rememi\u015fti. <\/p>\n<p><b>Leicester City&#8217;le &#8216;mucize&#8217; \u015fampiyonluk<\/b><\/p>\n<p>\u0130ngiltere Premier Ligi&#8217;nde 2015\u201316 sezonu, futbol tarihinin en \u015fa\u015f\u0131rt\u0131c\u0131 ba\u015far\u0131lar\u0131ndan biri olarak kayda ge\u00e7ti.<\/p>\n<p>Sezon ba\u015f\u0131nda bahis \u015firketleri, Leicester City&#8217;nin \u015fampiyonlu\u011funa bire 5.000 veriyordu.<\/p>\n<p>Leicester City sezonu \u0130talyan menajer Claudio Ranieri y\u00f6netiminde 81 puanla, en yak\u0131n rakibi Arsenal&#8217;in 10 puan \u00f6n\u00fcnde \u015fampiyon tamamlad\u0131. <\/p>\n<p>O sezon \u0130ngiltere&#8217;de neredeyse herkes Kante&#8217;nin ligin en iyi orta saha oyuncusu oldu\u011fu g\u00f6r\u00fc\u015f\u00fcnde birle\u015fti. <\/p>\n<p>Leicester City onunla adeta 11 de\u011fil 12 ki\u015fiyle sahadayd\u0131, Kante top kazanma istatisti\u011finde zirvedeydi. <\/p>\n<p>Hem top rakipteyken her bo\u015flu\u011fu kapat\u0131yor hem de h\u00fccuma \u00e7\u0131karken tak\u0131m\u0131 ileri ta\u015f\u0131yordu.<\/p>\n<p>Leicester City sadece 5,6 milyon sterlin \u00f6deyerek d\u00f6rt y\u0131ll\u0131k s\u00f6zle\u015fme imzalad\u0131\u011f\u0131 Kante&#8217;yi sezon sonunda 32 milyon sterline Chelsea&#8217;ye satt\u0131. <\/p>\n<p><b>Chelsea&#8217;yle bir \u015fampiyonluk daha ve arka arkaya kupalar<\/b><\/p>\n<p>Kante, Leicester City&#8217;den sonra ilk sezonunda Chelsea&#8217;nin de \u00e7ehresini de\u011fi\u015ftirdi.<\/p>\n<p>Bir di\u011fer \u0130talyan menajer Antonio Conte&#8217;nin 3-4-3 sisteminde orta sahay\u0131 tek ba\u015f\u0131na domine etti.<\/p>\n<p>Chelsea 2016-2017 sezonunda 93 puanla en yak\u0131n rakibi Tottenham&#8217;\u0131n yedi puan \u00f6n\u00fcnde \u015fampiyon oldu. <\/p>\n<p>Kante de \u0130ngiltere&#8217;de t\u00fcm \u00f6d\u00fclleri toplad\u0131, Y\u0131l\u0131n Futbolcusu se\u00e7ildi. <\/p>\n<p>Bitmeyen enerjisi ve sahada durmadan ko\u015fmas\u0131 nedeniyle Kante&#8217;ye &#8220;k\u00fc\u00e7\u00fck motor&#8221; lakab\u0131 tak\u0131ld\u0131. <\/p>\n<p>&#8220;Bu adam her yerde&#8221;, &#8220;Kante iki ki\u015filik oynuyor&#8221;; hem Leicester City hem de Chelsea d\u00f6neminde onun i\u00e7in s\u0131k\u00e7a kullan\u0131lan c\u00fcmleler oldu. <\/p>\n<p>Kante&#8217;nin sahada her yere yeti\u015fmesini anlatan bir mizahi ifade de sosyal medyada yay\u0131lm\u0131\u015ft\u0131: <\/p>\n<p>&#8220;D\u00fcnya&#8217;n\u0131n y\u00fczde 70&#8217;i su, y\u00fczde 30&#8217;u Kante.&#8221;<\/p>\n<p>Kante; 2018&#8217;de \u0130ngiltere Federasyon Kupas\u0131&#8217;n\u0131, 2019&#8217;da Avrupa Ligi&#8217;ni; 2021&#8217;de \u015eampiyonlar Ligi, S\u00fcper Kupa ve Kul\u00fcpler D\u00fcnya Kupas\u0131&#8217;n\u0131 kazanan Chelsea&#8217;nin hep vazge\u00e7ilmez oyuncusu oldu. <\/p>\n<p>Fenerbah\u00e7e&#8217;den \u00f6nce son olarak 2023-2024 sezonundan bu yana Al Ittihad formas\u0131 giyiyordu. <\/p>\n<p><b>Fransa Milli Tak\u0131m\u0131&#8217;yla kazan\u0131lan D\u00fcnya Kupas\u0131<\/b><\/p>\n<p>Gelelim N&#8217;Golo Kante&#8217;nin Fransa Milli Tak\u0131m\u0131&#8217;yla ba\u015far\u0131lar\u0131na&#8230; <\/p>\n<p>\u0130lki 2016&#8217;da olmak \u00fczere 66 kez Fransa Milli Tak\u0131m\u0131&#8217;n\u0131n formas\u0131n\u0131 giyen Kante, k\u0131sa s\u00fcrede teknik direkt\u00f6r Didier Deschamps i\u00e7in vazge\u00e7ilmez bir oyuncu oldu. <\/p>\n<p>Ayn\u0131 y\u0131l ilk kez Hollanda ma\u00e7\u0131nda Fransa formas\u0131n\u0131 giydi, mili tak\u0131mda ilk gol\u00fcn\u00fc do\u011fum g\u00fcn\u00fcnde Rusya&#8217;ya att\u0131. <\/p>\n<p>Fransa, ev sahibi oldu\u011fu EURO 2016&#8217;n\u0131n finalinde Portekiz&#8217;e uzatmada 1-0 yenilerek kupay\u0131 kaybetse de Kante turnuvan\u0131n en iyi orta saha oyuncular\u0131ndan biriydi. <\/p>\n<p>Kante, 2018 D\u00fcnya Kupas\u0131&#8217;nda ise orta sahada Paul Pogba ile m\u00fckemmel bir uyum yakalad\u0131. <\/p>\n<p>H\u0131rvatistan&#8217;\u0131 4-2 yenerek kupay\u0131 kazanan Fransa&#8217;n\u0131n orta sahadaki denge unsuruydu. \u00d6zellikle top kapma becerisiyle turnuvan\u0131n yine en istikrarl\u0131 oyuncular\u0131ndan biriydi.<\/p>\n<p>Tak\u0131m arkada\u015flar\u0131n\u0131n onu kutlamalarda \u015fark\u0131 s\u00f6ylemeye ikna etmeye \u00e7al\u0131\u015ft\u0131\u011f\u0131 ve Fenerbah\u00e7e&#8217;ye transferi sonras\u0131 da sosyal medyada s\u0131k\u00e7a payla\u015f\u0131lan o sevimli an, Kante&#8217;nin m\u00fctevaz\u0131 ki\u015fili\u011finin de \u00f6zetiydi. <\/p>\n<p>Kante, 2022 D\u00fcnya Kupas\u0131&#8217;nda ise sakatl\u0131\u011f\u0131 nedeniyle forma giyemedi. <\/p>\n<p>Fransa normal s\u00fcresi 2-2, uzatmada 3-3 biten ma\u00e7ta Arjantin&#8217;e penalt\u0131larla 4-2 yenilerek bu kez d\u00fcnya ikincisi olurken &#8220;Kante olsayd\u0131 Fransa yine \u015fampiyon olurdu&#8221; diyenlerin say\u0131s\u0131 hi\u00e7 de az de\u011fildi. <\/p>\n","protected":false},"excerpt":{"rendered":"<p>Fenerbah\u00e7e, d\u00fcnyaca \u00fcnl\u00fc Frans\u0131z orta saha oyuncusu N&#8217;Golo Kante&#8217;yi transfer etti.<\/p>\n","protected":false},"author":1,"featured_media":51508,"comment_status":"open","ping_status":"open","sticky":false,"template":"","format":"standard","meta":{"footnotes":""},"categories":[14],"tags":[437,3215,1395,3589,404],"class_list":["post-51507","post","type-post","status-publish","format-standard","has-post-thumbnail","hentry","category-spor","tag-dunya","tag-fransa","tag-kante","tag-kupa","tag-transfer"],"_links":{"self":[{"href":"https:\/\/bihavadis.com\/index.php\/wp-json\/wp\/v2\/posts\/51507","targetHints":{"allow":["GET"]}}],"collection":[{"href":"https:\/\/bihavadis.com\/index.php\/wp-json\/wp\/v2\/posts"}],"about":[{"href":"https:\/\/bihavadis.com\/index.php\/wp-json\/wp\/v2\/types\/post"}],"author":[{"embeddable":true,"href":"https:\/\/bihavadis.com\/index.php\/wp-json\/wp\/v2\/users\/1"}],"replies":[{"embeddable":true,"href":"https:\/\/bihavadis.com\/index.php\/wp-json\/wp\/v2\/comments?post=51507"}],"version-history":[{"count":1,"href":"https:\/\/bihavadis.com\/index.php\/wp-json\/wp\/v2\/posts\/51507\/revisions"}],"predecessor-version":[{"id":51509,"href":"https:\/\/bihavadis.com\/index.php\/wp-json\/wp\/v2\/posts\/51507\/revisions\/51509"}],"wp:featuredmedia":[{"embeddable":true,"href":"https:\/\/bihavadis.com\/index.php\/wp-json\/wp\/v2\/media\/51508"}],"wp:attachment":[{"href":"https:\/\/bihavadis.com\/index.php\/wp-json\/wp\/v2\/media?parent=51507"}],"wp:term":[{"taxonomy":"category","embeddable":true,"href":"https:\/\/bihavadis.com\/index.php\/wp-json\/wp\/v2\/categories?post=51507"},{"taxonomy":"post_tag","embeddable":true,"href":"https:\/\/bihavadis.com\/index.php\/wp-json\/wp\/v2\/tags?post=51507"}],"curies":[{"name":"wp","href":"https:\/\/api.w.org\/{rel}","templated":true}]}}