{"id":51521,"date":"2026-02-27T17:03:06","date_gmt":"2026-02-27T17:03:06","guid":{"rendered":"https:\/\/bihavadis.com\/?p=51521"},"modified":"2026-02-27T17:03:06","modified_gmt":"2026-02-27T17:03:06","slug":"emine-erdogandan-misir-ziyareti-aciklamasi","status":"publish","type":"post","link":"https:\/\/bihavadis.com\/index.php\/2026\/02\/27\/emine-erdogandan-misir-ziyareti-aciklamasi\/","title":{"rendered":"Emine Erdo\u011fan&#8217;dan M\u0131s\u0131r Ziyareti A\u00e7\u0131klamas\u0131"},"content":{"rendered":"<p>\n<p>CUMHURBA\u015eKANI Recep Tayyip Erdo\u011fan&#8217;\u0131n e\u015fi Emine Erdo\u011fan, M\u0131s\u0131r ziyaretinin iki \u00fclke aras\u0131ndaki iyi niyet k\u00f6pr\u00fclerini sa\u011flamla\u015ft\u0131rarak ortak yar\u0131nlara katk\u0131 sunmas\u0131 temennisinde bulundu.<\/p>\n<p>Emine Erdo\u011fan, Cumhurba\u015fkan\u0131 Recep Tayyip Erdo\u011fan&#8217;\u0131n beraberinde ger\u00e7ekle\u015ftirdikleri M\u0131s\u0131r ziyaretine ili\u015fkin sanal medya hesab\u0131ndan payla\u015f\u0131m yapt\u0131. Erdo\u011fan, &#8220;Ziyaretimizin, iki \u00fclke aras\u0131ndaki iyi niyet k\u00f6pr\u00fclerini sa\u011flamla\u015ft\u0131rarak ortak yar\u0131nlara katk\u0131 sunmas\u0131n\u0131 temenni ediyorum&#8221; dedi. <\/p>\n","protected":false},"excerpt":{"rendered":"<p>CUMHURBA\u015eKANI Recep Tayyip Erdo\u011fan&#8217;\u0131n e\u015fi Emine Erdo\u011fan, M\u0131s\u0131r ziyaretinin iki \u00fclke aras\u0131ndaki iyi niyet k\u00f6pr\u00fclerini sa\u011flamla\u015ft\u0131rarak ortak yar\u0131nlara katk\u0131 sunmas\u0131 temennisinde bulundu.<\/p>\n","protected":false},"author":1,"featured_media":51522,"comment_status":"open","ping_status":"open","sticky":false,"template":"","format":"standard","meta":{"footnotes":""},"categories":[6],"tags":[],"class_list":["post-51521","post","type-post","status-publish","format-standard","has-post-thumbnail","hentry","category-dunya"],"_links":{"self":[{"href":"https:\/\/bihavadis.com\/index.php\/wp-json\/wp\/v2\/posts\/51521","targetHints":{"allow":["GET"]}}],"collection":[{"href":"https:\/\/bihavadis.com\/index.php\/wp-json\/wp\/v2\/posts"}],"about":[{"href":"https:\/\/bihavadis.com\/index.php\/wp-json\/wp\/v2\/types\/post"}],"author":[{"embeddable":true,"href":"https:\/\/bihavadis.com\/index.php\/wp-json\/wp\/v2\/users\/1"}],"replies":[{"embeddable":true,"href":"https:\/\/bihavadis.com\/index.php\/wp-json\/wp\/v2\/comments?post=51521"}],"version-history":[{"count":1,"href":"https:\/\/bihavadis.com\/index.php\/wp-json\/wp\/v2\/posts\/51521\/revisions"}],"predecessor-version":[{"id":51523,"href":"https:\/\/bihavadis.com\/index.php\/wp-json\/wp\/v2\/posts\/51521\/revisions\/51523"}],"wp:featuredmedia":[{"embeddable":true,"href":"https:\/\/bihavadis.com\/index.php\/wp-json\/wp\/v2\/media\/51522"}],"wp:attachment":[{"href":"https:\/\/bihavadis.com\/index.php\/wp-json\/wp\/v2\/media?parent=51521"}],"wp:term":[{"taxonomy":"category","embeddable":true,"href":"https:\/\/bihavadis.com\/index.php\/wp-json\/wp\/v2\/categories?post=51521"},{"taxonomy":"post_tag","embeddable":true,"href":"https:\/\/bihavadis.com\/index.php\/wp-json\/wp\/v2\/tags?post=51521"}],"curies":[{"name":"wp","href":"https:\/\/api.w.org\/{rel}","templated":true}]}}