{"id":51538,"date":"2026-02-27T17:18:10","date_gmt":"2026-02-27T17:18:10","guid":{"rendered":"https:\/\/bihavadis.com\/?p=51538"},"modified":"2026-02-27T17:18:10","modified_gmt":"2026-02-27T17:18:10","slug":"ibrahim-haciosmanoglu-allahin-izniyle-dunya-kupasina-gidecegiz","status":"publish","type":"post","link":"https:\/\/bihavadis.com\/index.php\/2026\/02\/27\/ibrahim-haciosmanoglu-allahin-izniyle-dunya-kupasina-gidecegiz\/","title":{"rendered":"\u0130brahim Hac\u0131osmano\u011flu: Allah&#8217;\u0131n izniyle D\u00fcnya Kupas\u0131&#8217;na gidece\u011fiz"},"content":{"rendered":"<p>T\u00fcrkiye Futbol Federasyonu (TFF), Fuzul Tasarruf Finansman ile milli tak\u0131mlar ana sponsorlu\u011fu i\u00e7in anla\u015fma imzalad\u0131.<\/p>\n<p>Riva&#8217;da bulunan Hasan Do\u011fan Milli Tak\u0131mlar Kamp ve E\u011fitim Tesisleri&#8217;nde ger\u00e7ekle\u015ftirilen imza t\u00f6renine TFF Ba\u015fkan\u0131 \u0130brahim Hac\u0131osmano\u011flu, Fuzul Tasarruf Finansman Y\u00f6netim Kurulu Ba\u015fkan\u0131 Ey\u00fcp Akbal, A Milli Futbol Tak\u0131m\u0131 Teknik Direkt\u00f6r\u00fc Vincenzo Montella ve A Milli Kad\u0131n Futbol Tak\u0131m\u0131 Teknik Direkt\u00f6r\u00fc Necla G\u00fcng\u00f6r K\u0131ragas\u0131, TFF y\u00f6netim kurulu \u00fcyeleri ve davetliler kat\u0131ld\u0131.<\/p>\n<p><img decoding=\"async\" src=\"https:\/\/bihavadis.com\/wp-content\/uploads\/2026\/02\/ibrahim-haciosmanoglu-allahin-izniyle-dunya-kupasina-gidecegiz-0-u7bTI7FT.jpg\"\/><\/p>\n<p><strong>&#8220;B\u0130RL\u0130KTEL\u0130\u011e\u0130M\u0130Z\u0130 DAHA DA G\u00dc\u00c7LEND\u0130RMES\u0130N\u0130 TEMENN\u0130 ED\u0130YORUM&#8221;<\/strong><\/p>\n<p>Toplant\u0131da konu\u015fan TFF Ba\u015fkan\u0131 \u0130brahim Hac\u0131osmano\u011flu, yakla\u015fan ramazan ay\u0131n\u0131n \u0130slam alemine hay\u0131rl\u0131 olmas\u0131n\u0131 dileyerek,<em><b> &#8220;Birlik ve beraberli\u011fimizin en g\u00fczel \u00f6rneklerinin ya\u015fand\u0131\u011f\u0131 ramazan ay\u0131n\u0131n birlikteli\u011fimizi daha da g\u00fc\u00e7lendirmesini temenni ediyorum.&#8221;<\/b><\/em> ifadelerini kulland\u0131.<\/p>\n<p><img decoding=\"async\" src=\"https:\/\/bihavadis.com\/wp-content\/uploads\/2026\/02\/ibrahim-haciosmanoglu-allahin-izniyle-dunya-kupasina-gidecegiz-1-tUGrEPLa.jpg\"\/><\/p>\n<p><strong>&#8220;T\u00dcRK FUTBOLUNU \u0130LER\u0130 TA\u015eIMAYI HEDEFL\u0130YORUZ&#8221;<\/strong><\/p>\n<p>Bu i\u015fbirli\u011fi sadece bug\u00fcn\u00fc de\u011fil, yar\u0131n\u0131 da in\u015fa etmenin bir par\u00e7as\u0131. Gen\u00e7 n\u00fcfusumuz ve co\u011frafi konumumuz bize b\u00fcy\u00fck bir sorumluluk y\u00fckl\u00fcyor. \u015eeffaf ve s\u00fcrd\u00fcr\u00fclebilir bir y\u00f6netim anlay\u0131\u015f\u0131yla T\u00fcrk futbolunu ileri ta\u015f\u0131may\u0131 hedefliyoruz. Milli tak\u0131m\u0131m\u0131z da bu hedefin y\u00fcz\u00fcd\u00fcr. Onlar, milletin umududur ve \u00e7ocuklar\u0131n en g\u00fc\u00e7l\u00fc ilham kayna\u011f\u0131d\u0131r. Milli tak\u0131m\u0131n ba\u015far\u0131s\u0131n\u0131 kal\u0131c\u0131 k\u0131lacak her i\u015fbirli\u011fi bizim i\u00e7in \u00e7ok \u00f6nemlidir. Alan\u0131nda en g\u00fc\u00e7l\u00fc kurulu\u015flardan birisi olan Fuzul ile k\u0131ymetli bir anla\u015fma yap\u0131yoruz. Topluma de\u011fer katan vizyonuyla Fuzul, futbolumuzun geli\u015fine kazan\u0131mlar sa\u011flayacakt\u0131r. Kendilerine de\u011ferli destekleri i\u00e7in \u015f\u00fckranlar\u0131m\u0131 sunuyorum. Anla\u015fma her iki taraf i\u00e7in de hay\u0131rl\u0131 olsun.<\/p>\n<p><strong>&#8220;ALLAH&#8217;IN \u0130ZN\u0130YLE D\u00dcNYA KUPASI&#8217;NA G\u0130DECE\u011e\u0130Z&#8221;<\/strong><\/p>\n<p>Sponsor firman\u0131n de\u011ferli katk\u0131s\u0131n\u0131n oldu\u011funu da vurgulayan Hac\u0131osmano\u011flu, A Milli Futbol Tak\u0131m\u0131&#8217;n\u0131n D\u00fcnya Kupas\u0131&#8217;na kat\u0131lmas\u0131 durumunda desteklerin artaca\u011f\u0131na dikkati \u00e7ekerek \u015funlar\u0131 kaydetti:<\/p>\n<p>Allah&#8217;\u0131n izniyle D\u00fcnya Kupas\u0131&#8217;na gidece\u011fiz. &#8216;Bizim \u00c7ocuklar&#8217; hem D\u00fcnya Kupas\u0131&#8217;na gidip hem de g\u00fczel i\u015fler yapt\u0131\u011f\u0131nda mevcut sponsorlar\u0131n ve destek vermek isteyenlerin i\u015fi zor olacak. Bu durum katlayarak ilerleyecek. 24 y\u0131l sonra D\u00fcnya Kupas\u0131&#8217;na gidersek g\u00f6n\u00fclden cezalar\u0131n\u0131 kesece\u011fiz.<\/p>\n<p><strong>&#8220;\u00d6N\u00dcM\u00dcZDE B\u0130R D\u00dcNYA KUPASI VAR&#8221;<\/strong><\/p>\n<p>Fuzul Tasarruf Finansman Y\u00f6netim Kurulu Ba\u015fkan\u0131 Ey\u00fcp Akbal da konu\u015fmas\u0131nda, milli tak\u0131mlar\u0131n t\u00fcm T\u00fcrkiye&#8217;yi bir araya getiren ortak de\u011fer oldu\u011funu dile getirdi.<\/p>\n<p>Milli tak\u0131mlar\u0131n, T\u00fcrkiye&#8217;nin d\u00fcnyadaki en g\u00fc\u00e7l\u00fc temsilcileri oldu\u011funun alt\u0131n\u0131 \u00e7izen Akbal,<em><b> &#8220;Yerli ve milli olman\u0131n s\u00f6zde de\u011fil, \u00f6zde olmas\u0131 i\u00e7in buraday\u0131z. 30 y\u0131l\u0131 a\u015fk\u0131n s\u00fcredir b\u00fcy\u00fctt\u00fc\u011f\u00fcm\u00fcz ailemiz i\u00e7in tarihi bir g\u00fcn ya\u015f\u0131yoruz. Futbolda 11 y\u0131ld\u0131z, T\u00fcrkiye payda\u015f\u0131nda birle\u015fip tek yumruk olur. Biz de bu durumu 34 y\u0131ld\u0131r milletimizin dayan\u0131\u015fma ruhunda olu\u015fturuyoruz. Bireylerin hayallerini ger\u00e7e\u011fe d\u00f6n\u00fc\u015ft\u00fcrd\u00fc\u011f\u00fcm\u00fcz bu yolda, milli tak\u0131mlar\u0131m\u0131z\u0131n yol arkada\u015f\u0131 olarak tek y\u00fcrek oluyoruz. Milli tak\u0131m sahaya \u00e7\u0131k\u0131nca 86 milyonun y\u00fcre\u011fi tek bir ama\u00e7 i\u00e7in \u00e7arpar. Biz de bu birle\u015ftirici g\u00fcc\u00fcn en sad\u0131k destek\u00e7isi olmaya talibiz. Bu imza bizim nezdimizde bir ba\u015flang\u0131\u00e7. \u00d6n\u00fcm\u00fczde bir D\u00fcnya Kupas\u0131 var. Erkek ve kad\u0131n milli tak\u0131mlar\u0131m\u0131z\u0131n D\u00fcnya Kupas\u0131 m\u00fccadelesi s\u00fcr\u00fcyor. Tak\u0131mlar\u0131m\u0131z\u0131n yeni gururlar ya\u015fataca\u011f\u0131na y\u00fcrekten inan\u0131yoruz.&#8221; <\/b><\/em>a\u00e7\u0131klamalar\u0131n\u0131 yapt\u0131.<\/p>\n<p><img decoding=\"async\" src=\"https:\/\/bihavadis.com\/wp-content\/uploads\/2026\/02\/ibrahim-haciosmanoglu-allahin-izniyle-dunya-kupasina-gidecegiz-2-WkQJcYS8.jpg\"\/><\/p>\n<p><strong>&#8220;DESTEK \u0130\u00c7\u0130N TE\u015eEKK\u00dcR ED\u0130YORUM&#8221;<\/strong><\/p>\n<p>A Milli Futbol Tak\u0131m\u0131 Teknik Direkt\u00f6r\u00fc Vincenzo Montella ise yakla\u015fan ramazan ay\u0131n\u0131n herkese huzur getirmesini dileyerek s\u00f6zlerine ba\u015flad\u0131.<\/p>\n<p>Her sponsorluk t\u00f6reninde kiminle anla\u015fma yap\u0131ld\u0131\u011f\u0131n\u0131 \u00f6\u011frenmek istedi\u011fini dile getiren Montella, diye konu\u015ftu.<\/p>\n<p><img decoding=\"async\" src=\"https:\/\/bihavadis.com\/wp-content\/uploads\/2026\/02\/ibrahim-haciosmanoglu-allahin-izniyle-dunya-kupasina-gidecegiz-3-lfSwJTe6.jpg\"\/><\/p>\n<p><strong>&#8220;AMACIMIZ HALKIMIZI ONURLANDIRMAK OLACAK&#8221;<\/strong><\/p>\n<p>A Milli Kad\u0131n Futbol Tak\u0131m\u0131 Teknik Direkt\u00f6r\u00fc Necla G\u00fcng\u00f6r K\u0131ragas\u0131 da sponsorlu\u011fun hay\u0131rl\u0131 olmas\u0131n\u0131 dileyerek \u015f\u00f6yle konu\u015ftu:<\/p>\n<p>Bu imzalar yaln\u0131zca bir sponsorluk anla\u015fmas\u0131 de\u011fil, hayallere ve milli duygulara verilen destektir. Fuzul ile milli tak\u0131mlar\u0131m\u0131z\u0131n bir arada bulu\u015fmas\u0131, bir hayale tutunman\u0131n g\u00f6stergesidir. Kad\u0131n milli tak\u0131mlar\u0131 olarak \u00fclkemizi en tepede temsil etmek en b\u00fcy\u00fck hayalimiz. Mart ay\u0131nda D\u00fcnya Kupas\u0131 eleme ma\u00e7lar\u0131m\u0131z ba\u015flayacak. Amac\u0131m\u0131z halk\u0131m\u0131z\u0131 onurland\u0131rmak olacak.<\/p>\n<p>T\u00f6ren, imzalar\u0131n at\u0131lmas\u0131n\u0131n ard\u0131ndan forma takdimi ve foto\u011fraf \u00e7ekimiyle sona erdi.<\/p>\n<p><img decoding=\"async\" src=\"https:\/\/bihavadis.com\/wp-content\/uploads\/2026\/02\/ibrahim-haciosmanoglu-allahin-izniyle-dunya-kupasina-gidecegiz-4-b3vnhji8.jpg\"\/><\/p>\n","protected":false},"excerpt":{"rendered":"<p>TFF Ba\u015fkan\u0131 \u0130brahim Hac\u0131osmano\u011flu, &#8220;Allah&#8217;\u0131n izniyle D\u00fcnya Kupas\u0131&#8217;na gidece\u011fiz. &#8216;Bizim \u00c7ocuklar&#8217; hem D\u00fcnya Kupas\u0131&#8217;na gidip hem de g\u00fczel i\u015fler yapt\u0131\u011f\u0131nda mevcut sponsorlar\u0131n ve destek vermek isteyenlerin i\u015fi zor olacak&#8221; a\u00e7\u0131klamas\u0131n\u0131 yapt\u0131.<\/p>\n","protected":false},"author":1,"featured_media":51539,"comment_status":"open","ping_status":"open","sticky":false,"template":"","format":"standard","meta":{"footnotes":""},"categories":[14],"tags":[5574,6543,6544,1041,517],"class_list":["post-51538","post","type-post","status-publish","format-standard","has-post-thumbnail","hentry","category-spor","tag-fuzul","tag-milli-takimlar","tag-sponsor","tag-tek","tag-turk"],"_links":{"self":[{"href":"https:\/\/bihavadis.com\/index.php\/wp-json\/wp\/v2\/posts\/51538","targetHints":{"allow":["GET"]}}],"collection":[{"href":"https:\/\/bihavadis.com\/index.php\/wp-json\/wp\/v2\/posts"}],"about":[{"href":"https:\/\/bihavadis.com\/index.php\/wp-json\/wp\/v2\/types\/post"}],"author":[{"embeddable":true,"href":"https:\/\/bihavadis.com\/index.php\/wp-json\/wp\/v2\/users\/1"}],"replies":[{"embeddable":true,"href":"https:\/\/bihavadis.com\/index.php\/wp-json\/wp\/v2\/comments?post=51538"}],"version-history":[{"count":1,"href":"https:\/\/bihavadis.com\/index.php\/wp-json\/wp\/v2\/posts\/51538\/revisions"}],"predecessor-version":[{"id":51545,"href":"https:\/\/bihavadis.com\/index.php\/wp-json\/wp\/v2\/posts\/51538\/revisions\/51545"}],"wp:featuredmedia":[{"embeddable":true,"href":"https:\/\/bihavadis.com\/index.php\/wp-json\/wp\/v2\/media\/51539"}],"wp:attachment":[{"href":"https:\/\/bihavadis.com\/index.php\/wp-json\/wp\/v2\/media?parent=51538"}],"wp:term":[{"taxonomy":"category","embeddable":true,"href":"https:\/\/bihavadis.com\/index.php\/wp-json\/wp\/v2\/categories?post=51538"},{"taxonomy":"post_tag","embeddable":true,"href":"https:\/\/bihavadis.com\/index.php\/wp-json\/wp\/v2\/tags?post=51538"}],"curies":[{"name":"wp","href":"https:\/\/api.w.org\/{rel}","templated":true}]}}