{"id":51555,"date":"2026-02-27T17:27:07","date_gmt":"2026-02-27T17:27:07","guid":{"rendered":"https:\/\/bihavadis.com\/?p=51555"},"modified":"2026-02-27T17:27:07","modified_gmt":"2026-02-27T17:27:07","slug":"depreme-dair-comude-panel-duzenlendi","status":"publish","type":"post","link":"https:\/\/bihavadis.com\/index.php\/2026\/02\/27\/depreme-dair-comude-panel-duzenlendi\/","title":{"rendered":"Depreme Dair \u00c7OM\u00dc&#8217;de Panel D\u00fczenlendi"},"content":{"rendered":"<p>\u00c7anakkale Onsekiz Mart \u00dcniversitesi&#8217;nde (\u00c7OM\u00dc), Kahramanmara\u015f merkezli 6 \u015eubat 2023 depremlerinin y\u0131l d\u00f6n\u00fcm\u00fcnde &#8220;Depremi Anlamak: Riskler, \u00d6nlemler, \u00c7\u00f6z\u00fcmler&#8221; konulu panel d\u00fczenlendi.<\/p>\n<p>\u00c7OM\u00dc M\u00fchendislik Fak\u00fcltesi, Bilim \u0130leti\u015fimi Ofisi ve AFAD \u00c7anakkale \u0130l M\u00fcd\u00fcrl\u00fc\u011f\u00fc i\u015f birli\u011fiyle ger\u00e7ekle\u015ftirilen panelde konu\u015fan AFAD \u00c7anakkale \u0130l M\u00fcd\u00fcr\u00fc Ahmet Ali Artun, deprem fark\u0131ndal\u0131\u011f\u0131n\u0131n yaln\u0131zca y\u0131l d\u00f6n\u00fcmleriyle s\u0131n\u0131rl\u0131 kalmamas\u0131 gerekti\u011fini vurgulad\u0131.<\/p>\n<p>\u00c7OM\u00dc Rekt\u00f6r\u00fc Prof. Dr. C\u00fcneyt Ereno\u011flu da 6 \u015eubat depremlerinin sosyal, ekonomik ve be\u015feri etkilerinin uzun s\u00fcre devam edece\u011fini belirterek, \u00fcniversitelere afet bilincinin yayg\u0131nla\u015ft\u0131r\u0131lmas\u0131 konusunda \u00f6nemli g\u00f6revler d\u00fc\u015ft\u00fc\u011f\u00fcn\u00fc ifade etti.<\/p>\n<p>Panelde, T\u00fcrkiye&#8217;nin diri faylar\u0131, yap\u0131 ve zemin g\u00fcvenli\u011fi, \u00c7anakkale&#8217;nin deprem riski, afetlere diren\u00e7li kentler ile birey ve aileler i\u00e7in afet ve acil durum planlamas\u0131 konular\u0131 ele al\u0131nd\u0131. Moderat\u00f6rl\u00fc\u011f\u00fcn\u00fc Prof. Dr. \u00d6zg\u00fcn Ak\u00e7ay&#8217;\u0131n yapt\u0131\u011f\u0131 panelde, alan\u0131nda uzman akademisyenler sunum yapt\u0131.<\/p>\n","protected":false},"excerpt":{"rendered":"<p>\u00c7OM\u00dc&#8217;de, 6 \u015eubat depremlerinin y\u0131l d\u00f6n\u00fcm\u00fcnde &#8216;Depremi Anlamak&#8217; paneli ger\u00e7ekle\u015ftirildi.<\/p>\n","protected":false},"author":1,"featured_media":51556,"comment_status":"open","ping_status":"open","sticky":false,"template":"","format":"standard","meta":{"footnotes":""},"categories":[9,4,13],"tags":[60],"class_list":["post-51555","post","type-post","status-publish","format-standard","has-post-thumbnail","hentry","category-genel","category-gundem","category-son-dakika","tag-deprem"],"_links":{"self":[{"href":"https:\/\/bihavadis.com\/index.php\/wp-json\/wp\/v2\/posts\/51555","targetHints":{"allow":["GET"]}}],"collection":[{"href":"https:\/\/bihavadis.com\/index.php\/wp-json\/wp\/v2\/posts"}],"about":[{"href":"https:\/\/bihavadis.com\/index.php\/wp-json\/wp\/v2\/types\/post"}],"author":[{"embeddable":true,"href":"https:\/\/bihavadis.com\/index.php\/wp-json\/wp\/v2\/users\/1"}],"replies":[{"embeddable":true,"href":"https:\/\/bihavadis.com\/index.php\/wp-json\/wp\/v2\/comments?post=51555"}],"version-history":[{"count":1,"href":"https:\/\/bihavadis.com\/index.php\/wp-json\/wp\/v2\/posts\/51555\/revisions"}],"predecessor-version":[{"id":51557,"href":"https:\/\/bihavadis.com\/index.php\/wp-json\/wp\/v2\/posts\/51555\/revisions\/51557"}],"wp:featuredmedia":[{"embeddable":true,"href":"https:\/\/bihavadis.com\/index.php\/wp-json\/wp\/v2\/media\/51556"}],"wp:attachment":[{"href":"https:\/\/bihavadis.com\/index.php\/wp-json\/wp\/v2\/media?parent=51555"}],"wp:term":[{"taxonomy":"category","embeddable":true,"href":"https:\/\/bihavadis.com\/index.php\/wp-json\/wp\/v2\/categories?post=51555"},{"taxonomy":"post_tag","embeddable":true,"href":"https:\/\/bihavadis.com\/index.php\/wp-json\/wp\/v2\/tags?post=51555"}],"curies":[{"name":"wp","href":"https:\/\/api.w.org\/{rel}","templated":true}]}}