{"id":51579,"date":"2026-02-27T17:48:07","date_gmt":"2026-02-27T17:48:07","guid":{"rendered":"https:\/\/bihavadis.com\/?p=51579"},"modified":"2026-02-27T17:48:07","modified_gmt":"2026-02-27T17:48:07","slug":"mert-muldur-3-kupaya-da-adayiz","status":"publish","type":"post","link":"https:\/\/bihavadis.com\/index.php\/2026\/02\/27\/mert-muldur-3-kupaya-da-adayiz\/","title":{"rendered":"Mert M\u00fcld\u00fcr: 3 kupaya da aday\u0131z"},"content":{"rendered":"<p>Fenerbah\u00e7e, UEFA Avrupa Ligi Son 16 Play-Off Turu ilk ma\u00e7\u0131nda yar\u0131n saat 20.45\u2019te \u0130ngiliz ekibi Nottingham Forest\u2019\u0131 konuk edecek.<\/p>\n<p>Bu m\u00fccadele \u00f6ncesinde Samand\u0131ra Can Bartu Tesisleri\u2019nde d\u00fczenlenen bas\u0131n toplant\u0131s\u0131nda Fenerbah\u00e7e formas\u0131 giyen Mert M\u00fcld\u00fcr, bas\u0131n mensuplar\u0131n\u0131n sorular\u0131n\u0131 yan\u0131tlad\u0131.<\/p>\n<p><strong>&#8220;ANTRENMANLARDA Y\u00dcZDE 100&#8217;\u00dcM\u00dc VERD\u0130M&#8221;<\/strong><\/p>\n<p>Forma giymedi\u011fi zamanlarda da kendisini her zaman haz\u0131r tuttu\u011funu belirten Mert M\u00fcld\u00fcr,<em><b> &#8220;Ben oynamad\u0131\u011f\u0131m zamanlarda da kendimi haz\u0131r tuttum ve gelecek zaman\u0131 bekledim. Antrenmanlarda y\u00fczde 100\u2019\u00fcm\u00fc verdim. \u015eans\u0131m\u0131 bekledim. Bence en iyi yapt\u0131\u011f\u0131m \u015fey buydu. \u015eu an bu performans\u0131 g\u00f6sterdi\u011fim i\u00e7in \u00e7ok mutluyum&#8221; <\/b><\/em>ifadelerini kulland\u0131.<\/p>\n<p><img decoding=\"async\" src=\"https:\/\/bihavadis.com\/wp-content\/uploads\/2026\/02\/mert-muldur-3-kupaya-da-adayiz-0-1tFzPGfg.jpg\"\/><\/p>\n<p><strong>&#8220;HOCAYLA \u0130LET\u0130\u015e\u0130M\u0130M\u0130Z \u00c7OK \u0130Y\u0130&#8221;<\/strong><\/p>\n<p>Bas\u0131n toplant\u0131s\u0131 \u00f6ncesinde ger\u00e7ekle\u015fen antrenmanda teknik direkt\u00f6r Domenico Tedesco ile \u015fakala\u015fmalar\u0131 hakk\u0131nda konu\u015fan Mert, <em><b>&#8220;Hoca her oyuncuyla \u015fakala\u015f\u0131r. Oyuncularla iyi bir ileti\u015fimi var. \u015eakala\u015ft\u0131k ama ne dedi\u011fini tam hat\u0131rlam\u0131yorum. Hoca bize yard\u0131mc\u0131 oldu\u011funu g\u00f6r\u00fcyoruz. Saha i\u00e7i ve d\u0131\u015f\u0131nda her zaman motive etmeye \u00e7al\u0131\u015f\u0131yor. Hocayla ileti\u015fimimiz \u00e7ok iyi&#8221;<\/b><\/em> s\u00f6zlerini sarf etti.<\/p>\n<p><strong>&#8220;TAKIM \u0130\u00c7\u0130NDE HER \u015eEY YOLUNDA G\u0130D\u0130NCE PERFORMANSI ETK\u0130L\u0130YOR&#8221;<\/strong><\/p>\n<p>Tak\u0131m i\u00e7indeki arkada\u015fl\u0131k iyi oldu\u011funda performans\u0131n da artt\u0131\u011f\u0131n\u0131 aktaran 26 ya\u015f\u0131ndaki futbolcu, <em><b>&#8220;Bence en \u00f6nemli \u015fey tak\u0131m olmak. \u00d6nemli ma\u00e7lara \u00e7\u0131kt\u0131k ve zor deplasmanlara gittik. Tak\u0131m i\u00e7inde her \u015fey yolunda gidince performans\u0131 etkiliyor. \u00d6n\u00fcm\u00fczdeki haftalarda da zor bir periyoda girece\u011fiz. \u0130n\u015fallah b\u00f6yle devam ederiz&#8221;<\/b><\/em> dedi.<\/p>\n<p><strong>&#8220;ELE\u015eT\u0130R\u0130 OLUYOR&#8221;<\/strong><\/p>\n<p>Mert M\u00fcld\u00fcr, olumsuz sonu\u00e7lar al\u0131nd\u0131\u011f\u0131 d\u00f6nemlerdeki ele\u015ftirilerin her zaman oldu\u011funu s\u00f6yledi. Mert, <em><b>&#8220;Tak\u0131m zor bir d\u00f6nemden ge\u00e7erken ister istemez ele\u015ftiri oluyor. Bunlar futbolda normal \u015feyler. Bir oyuncuyu bu tarz \u015feyler etkilememeli. Biz de insan\u0131z ama etkiliyor. B\u00f6yle kenetlendi\u011fimiz \u015fekilde ba\u015far\u0131l\u0131 olaca\u011f\u0131m\u0131za inan\u0131yorum. Sezon sonuna kadar bu b\u00f6yle devam ederse \u00e7ok g\u00fczel \u015feyler yapaca\u011f\u0131m\u0131z\u0131 d\u00fc\u015f\u00fcn\u00fcyorum&#8221;<\/b><\/em> \u015feklinde konu\u015ftu.<\/p>\n<p><img decoding=\"async\" src=\"https:\/\/bihavadis.com\/wp-content\/uploads\/2026\/02\/mert-muldur-3-kupaya-da-adayiz-1-4YA5Vpby.jpg\"\/><\/p>\n<p><strong>&#8220;\u00c7OK YO\u011eUN B\u0130R S\u00dcRECE G\u0130RECE\u011e\u0130Z&#8221;<\/strong><\/p>\n<p>Fenerbah\u00e7e\u2019de 3 kupaya da aday olduklar\u0131n\u0131 ve milli tak\u0131mda da \u00f6nemli ma\u00e7lara \u00e7\u0131kacaklar\u0131n\u0131 belirten Mert M\u00fcld\u00fcr, <em><b>&#8220;\u00c7ok yo\u011fun bir s\u00fcrece girece\u011fiz. 3 kupaya da aday\u0131z. Milli tak\u0131mda da \u00e7ok \u00f6nemli ma\u00e7lara \u00e7\u0131kaca\u011f\u0131z. Romanya ve sonraki ma\u00e7\u0131m\u0131z var. \u00d6nemli ve zor bir d\u00f6neme girece\u011fiz. Benim ve tak\u0131m\u0131m i\u00e7in hay\u0131rl\u0131s\u0131 neyse o olsun&#8221;<\/b><\/em> s\u00f6zlerini kulland\u0131.<\/p>\n<p><strong>&#8220;TARAFTARIMIZI STADA BEKL\u0130YORUZ&#8221;<\/strong><\/p>\n<p>Taraftarlar\u0131 so\u011fuk havaya ra\u011fmen stadyuma beklediklerini dile getiren Mert M\u00fcld\u00fcr, <em><b>&#8220;Yar\u0131n hava \u00e7ok so\u011fuk ama taraftar\u0131m\u0131z\u0131 stada bekliyoruz. Umar\u0131m ma\u00e7tan sonra her zamanki gibi mutlu \u015fekilde stattan ayr\u0131l\u0131r\u0131z&#8221; <\/b><\/em>dedi.<\/p>\n<p><strong>ALEX YANITI<\/strong><\/p>\n<p>Fenerbah\u00e7e\u2019deki en be\u011fendi\u011fi oyuncunun sorulmas\u0131 \u00fczerine Mert M\u00fcld\u00fcr,<em><b> &#8220;Alex tabii ki&#8221;<\/b><\/em> diyerek s\u00f6zlerini noktalad\u0131.<\/p>\n","protected":false},"excerpt":{"rendered":"<p>Fenerbah\u00e7e&#8217;nin savunma oyuncusu Mert M\u00fcld\u00fcr, &#8220;\u00c7ok yo\u011fun bir s\u00fcrece girece\u011fiz. 3 kupaya da aday\u0131z&#8221; a\u00e7\u0131klamas\u0131n\u0131 yapt\u0131.<\/p>\n","protected":false},"author":1,"featured_media":51580,"comment_status":"open","ping_status":"open","sticky":false,"template":"","format":"standard","meta":{"footnotes":""},"categories":[14],"tags":[6549,1191,366,367],"class_list":["post-51579","post","type-post","status-publish","format-standard","has-post-thumbnail","hentry","category-spor","tag-mert-muldur","tag-onemli","tag-takim","tag-zaman"],"_links":{"self":[{"href":"https:\/\/bihavadis.com\/index.php\/wp-json\/wp\/v2\/posts\/51579","targetHints":{"allow":["GET"]}}],"collection":[{"href":"https:\/\/bihavadis.com\/index.php\/wp-json\/wp\/v2\/posts"}],"about":[{"href":"https:\/\/bihavadis.com\/index.php\/wp-json\/wp\/v2\/types\/post"}],"author":[{"embeddable":true,"href":"https:\/\/bihavadis.com\/index.php\/wp-json\/wp\/v2\/users\/1"}],"replies":[{"embeddable":true,"href":"https:\/\/bihavadis.com\/index.php\/wp-json\/wp\/v2\/comments?post=51579"}],"version-history":[{"count":1,"href":"https:\/\/bihavadis.com\/index.php\/wp-json\/wp\/v2\/posts\/51579\/revisions"}],"predecessor-version":[{"id":51583,"href":"https:\/\/bihavadis.com\/index.php\/wp-json\/wp\/v2\/posts\/51579\/revisions\/51583"}],"wp:featuredmedia":[{"embeddable":true,"href":"https:\/\/bihavadis.com\/index.php\/wp-json\/wp\/v2\/media\/51580"}],"wp:attachment":[{"href":"https:\/\/bihavadis.com\/index.php\/wp-json\/wp\/v2\/media?parent=51579"}],"wp:term":[{"taxonomy":"category","embeddable":true,"href":"https:\/\/bihavadis.com\/index.php\/wp-json\/wp\/v2\/categories?post=51579"},{"taxonomy":"post_tag","embeddable":true,"href":"https:\/\/bihavadis.com\/index.php\/wp-json\/wp\/v2\/tags?post=51579"}],"curies":[{"name":"wp","href":"https:\/\/api.w.org\/{rel}","templated":true}]}}