{"id":51590,"date":"2026-02-27T17:57:08","date_gmt":"2026-02-27T17:57:08","guid":{"rendered":"https:\/\/bihavadis.com\/?p=51590"},"modified":"2026-02-27T17:57:08","modified_gmt":"2026-02-27T17:57:08","slug":"61-cumhurbaskanligi-turkiye-bisiklet-turunun-parkuru-belli-oldu","status":"publish","type":"post","link":"https:\/\/bihavadis.com\/index.php\/2026\/02\/27\/61-cumhurbaskanligi-turkiye-bisiklet-turunun-parkuru-belli-oldu\/","title":{"rendered":"61. Cumhurba\u015fkanl\u0131\u011f\u0131 T\u00fcrkiye Bisiklet Turu&#8217;nun parkuru belli oldu"},"content":{"rendered":"<p>Cumhurba\u015fkanl\u0131\u011f\u0131 himayelerinde, T\u00fcrkiye Bisiklet Federasyonu taraf\u0131ndan ger\u00e7ekle\u015ftirilen 61. Cumhurba\u015fkanl\u0131\u011f\u0131 T\u00fcrkiye Bisiklet Turu&#8217;nun parkuru belli oldu.<\/p>\n<p>Uluslararas\u0131 Bisiklet Birli\u011finin (UCI) Pro Series kategorisinde yer alan etapl\u0131 yol bisikleti yar\u0131\u015f\u0131, profesyonel tak\u0131m ve sporcular\u0131n kat\u0131l\u0131m\u0131yla 26 Nisan Pazar g\u00fcn\u00fc \u00c7e\u015fme&#8217;de ba\u015flay\u0131p, 3 May\u0131s Pazar g\u00fcn\u00fc Ankara&#8217;da sona erecek.<\/p>\n<p>\u0130lk kez 1963 y\u0131l\u0131nda &#8220;Marmara Turu&#8221; ad\u0131yla d\u00fczenlenen, 1965&#8217;te uluslararas\u0131 stat\u00fc kazanan ve 1966&#8217;da Cumhurba\u015fkanl\u0131\u011f\u0131 himayesine al\u0131nan organizasyon, 61. y\u0131l\u0131nda da UCI &#8220;WorldTeam&#8221;, &#8220;ProTeam&#8221; ve &#8220;Continental Team&#8221; kategorilerindeki tak\u0131mlar\u0131 T\u00fcrkiye&#8217;de bir araya getirecek.<\/p>\n<p>Ege&#8217;den Akdeniz&#8217;e, ard\u0131ndan \u0130\u00e7 Anadolu&#8217;ya uzanan parkur, \u00c7e\u015fme&#8217;den ba\u015flayarak Ayd\u0131n, Marmaris, Fethiye, Kemer ve Antalya \u00fczerinden ba\u015fkent Ankara&#8217;ya ula\u015facak.<\/p>\n<p><img decoding=\"async\" src=\"https:\/\/bihavadis.com\/wp-content\/uploads\/2026\/02\/61-cumhurbaskanligi-turkiye-bisiklet-turunun-parkuru-belli-oldu-0-yyFx4thH.jpg\"\/><\/p>\n<p><strong>ETAP PROGRAMI<\/strong><\/p>\n<p>8 g\u00fcn, 8 etap boyunca toplam 1201 kilometrelik parkurda ger\u00e7ekle\u015ftirilecek 61. Cumhurba\u015fkanl\u0131\u011f\u0131 T\u00fcrkiye Bisiklet Turu&#8217;nun etap program\u0131 \u015f\u00f6yle:<\/p>\n<p>26 Nisan: \u00c7e\u015fme-Ayd\u0131n (203,1 kilometre)<\/p>\n<p>27 Nisan: Ayd\u0131n-Marmaris (158,0 kilometre)<\/p>\n<p>28 Nisan: Marmaris-K\u0131ran (129,2 kilometre)<\/p>\n<p>29 Nisan: Marmaris-Fethiye (128,0 kilometre)<\/p>\n<p>30 Nisan: Patara-Kemer (196,7 kilometre)<\/p>\n<p>1 May\u0131s: Antalya-Feslikan (130,0 kilometre)<\/p>\n<p>2 May\u0131s: Antalya-Antalya (149,5 kilometre)<\/p>\n<p>3 May\u0131s: Ankara-Ankara (105,1 kilometre)<\/p>\n<p><strong>BA\u015eKENT ANKARA YEN\u0130DEN ROTADA<\/strong><\/p>\n<p>61. y\u0131l\u0131nda uzun bir aran\u0131n ard\u0131ndan Ankara&#8217;y\u0131 yeniden parkuruna dahil eden organizasyon, final etab\u0131n\u0131 ba\u015fkentte ger\u00e7ekle\u015ftirecek.<\/p>\n<p>Avrupa Yol Bisikleti \u015eampiyonas\u0131 ve \u00e7e\u015fitli ulusal ile uluslararas\u0131 organizasyonlara ev sahipli\u011fi yapan Ankara, T\u00fcrkiye Bisiklet Federasyonunun merkezi olmas\u0131 dolay\u0131s\u0131yla da \u00f6zel bir konuma sahip bulunuyor.<\/p>\n<p>Ankara etab\u0131n\u0131n, ba\u015fkentin tarihi ve simgesel noktalar\u0131n\u0131 uluslararas\u0131 yay\u0131n arac\u0131l\u0131\u011f\u0131yla milyonlarca izleyiciye tan\u0131tmas\u0131 hedefleniyor.<\/p>\n<p><strong>60+1 V\u0130ZYONUYLA ALTYAPIYA YATIRIM<\/strong><\/p>\n<p>Cumhurba\u015fkanl\u0131\u011f\u0131 T\u00fcrkiye Bisiklet Turu&#8217;nun Ankara&#8217;da sona ermesi kapsam\u0131nda, 3 May\u0131s&#8217;ta T\u00fcrkiye Bisiklet Federasyonunun altyap\u0131 geli\u015fim program\u0131 olan Bisiklet Park\u0131 ve Bisiklet Okulu projelerinin tan\u0131t\u0131m\u0131 yap\u0131lacak.<\/p>\n<p>Federasyonun altyap\u0131dan elit seviyeye uzanan sporcu geli\u015fim modeli do\u011frultusunda hayata ge\u00e7irilecek projelerle, \u00e7ocuklar ve gen\u00e7ler ba\u015fta olmak \u00fczere toplumun farkl\u0131 kesimlerinde bisiklet sporunun yayg\u0131nla\u015ft\u0131r\u0131lmas\u0131 ama\u00e7lan\u0131yor.<\/p>\n<p>61. y\u0131l\u0131nda &#8220;60+1 y\u0131l\u0131nda yeni bir ba\u015flang\u0131\u00e7 i\u00e7in haz\u0131r&#8221; slogan\u0131yla d\u00fczenlenecek organizasyonun, sportif rekabetin yan\u0131 s\u0131ra T\u00fcrk bisikletinin geli\u015fimine katk\u0131 sa\u011flayan stratejik bir platform olmay\u0131 s\u00fcrd\u00fcrmesi hedefleniyor.<\/p>\n","protected":false},"excerpt":{"rendered":"<p>61. Cumhurba\u015fkanl\u0131\u011f\u0131 T\u00fcrkiye Bisiklet Turu, 26 Nisan Pazar g\u00fcn\u00fc \u00c7e\u015fme&#8217;de ba\u015flay\u0131p, 3 May\u0131s Pazar g\u00fcn\u00fc Ankara&#8217;da sona erecek.<\/p>\n","protected":false},"author":1,"featured_media":51591,"comment_status":"open","ping_status":"open","sticky":false,"template":"","format":"standard","meta":{"footnotes":""},"categories":[14],"tags":[377,441,264,3639,4823],"class_list":["post-51590","post","type-post","status-publish","format-standard","has-post-thumbnail","hentry","category-spor","tag-ankara","tag-bisiklet","tag-kilometre","tag-nisan","tag-pro"],"_links":{"self":[{"href":"https:\/\/bihavadis.com\/index.php\/wp-json\/wp\/v2\/posts\/51590","targetHints":{"allow":["GET"]}}],"collection":[{"href":"https:\/\/bihavadis.com\/index.php\/wp-json\/wp\/v2\/posts"}],"about":[{"href":"https:\/\/bihavadis.com\/index.php\/wp-json\/wp\/v2\/types\/post"}],"author":[{"embeddable":true,"href":"https:\/\/bihavadis.com\/index.php\/wp-json\/wp\/v2\/users\/1"}],"replies":[{"embeddable":true,"href":"https:\/\/bihavadis.com\/index.php\/wp-json\/wp\/v2\/comments?post=51590"}],"version-history":[{"count":1,"href":"https:\/\/bihavadis.com\/index.php\/wp-json\/wp\/v2\/posts\/51590\/revisions"}],"predecessor-version":[{"id":51593,"href":"https:\/\/bihavadis.com\/index.php\/wp-json\/wp\/v2\/posts\/51590\/revisions\/51593"}],"wp:featuredmedia":[{"embeddable":true,"href":"https:\/\/bihavadis.com\/index.php\/wp-json\/wp\/v2\/media\/51591"}],"wp:attachment":[{"href":"https:\/\/bihavadis.com\/index.php\/wp-json\/wp\/v2\/media?parent=51590"}],"wp:term":[{"taxonomy":"category","embeddable":true,"href":"https:\/\/bihavadis.com\/index.php\/wp-json\/wp\/v2\/categories?post=51590"},{"taxonomy":"post_tag","embeddable":true,"href":"https:\/\/bihavadis.com\/index.php\/wp-json\/wp\/v2\/tags?post=51590"}],"curies":[{"name":"wp","href":"https:\/\/api.w.org\/{rel}","templated":true}]}}