{"id":51613,"date":"2026-02-27T18:15:09","date_gmt":"2026-02-27T18:15:09","guid":{"rendered":"https:\/\/bihavadis.com\/?p=51613"},"modified":"2026-02-27T18:15:09","modified_gmt":"2026-02-27T18:15:09","slug":"hocalinin-acisi-bornovada-yasatildi","status":"publish","type":"post","link":"https:\/\/bihavadis.com\/index.php\/2026\/02\/27\/hocalinin-acisi-bornovada-yasatildi\/","title":{"rendered":"Hocal\u0131&#8217;n\u0131n Ac\u0131s\u0131 Bornova&#8217;da Ya\u015fat\u0131ld\u0131"},"content":{"rendered":"<p>Karaba\u011f Sava\u015f\u0131 s\u0131ras\u0131nda 26 \u015eubat 1992\u2019de Hocal\u0131\u2019da katledilen 613 Azerbaycanl\u0131 sivil, katliam\u0131n 33. y\u0131l\u0131nda Bornova Belediyesi taraf\u0131ndan Azerbaycan Dostluk Park\u0131 ve K\u0131z\u0131lay Mahallesi\u2019nde d\u00fczenlenen programlarla an\u0131ld\u0131. Ba\u015fkan \u00d6mer E\u015fki, Hocal\u0131\u2019n\u0131n unutulmamas\u0131 gerekti\u011fini vurgulayarak ya\u015fananlar\u0131n soyk\u0131r\u0131m olarak tan\u0131nmas\u0131 \u00e7a\u011fr\u0131s\u0131nda bulundu. Anma etkinliklerinde katliam\u0131 anlatan foto\u011fraflardan olu\u015fan sergi a\u00e7\u0131ld\u0131, \u015fiirler okundu ve hayat\u0131n\u0131 kaybeden \u00e7ocuklar i\u00e7in g\u00f6ky\u00fcz\u00fcne balonlar b\u0131rak\u0131ld\u0131.<\/p>\n<p>Azerbaycan\u2019\u0131n Hocal\u0131 kasabas\u0131nda Ermenistan\u2019a ba\u011fl\u0131 kuvvetler taraf\u0131ndan katledilen 613 Azerbaycanl\u0131 sivil, katliam\u0131n 33. y\u0131l\u0131nda Bornova Belediyesi taraf\u0131ndan d\u00fczenlenen iki ayr\u0131 t\u00f6renle an\u0131ld\u0131. Program, g\u00fcnd\u00fcz saatlerinde Karacao\u011flan Mahallesi\u2019ndeki Azerbaycan Dostluk Park\u0131\u2019nda ba\u015flad\u0131, ak\u015fam ise K\u0131z\u0131lay Mahallesi\u2019nde devam etti. Katliam\u0131 d\u00fcnyaya anlatan foto\u011fraflardan olu\u015fan sergi b\u00fcy\u00fck ilgi g\u00f6r\u00fcrken, ak\u015fam d\u00fczenlenen anmada hayat\u0131n\u0131 kaybeden \u00e7ocuklar i\u00e7in g\u00f6ky\u00fcz\u00fcne balonlar b\u0131rak\u0131ld\u0131.<\/p>\n<p><b>Azerbaycan Dostluk Park\u0131\u2019nda duygu dolu anlar<\/b><\/p>\n<p>Karacao\u011flan Mahallesi\u2019ndeki Azerbaycan Dostluk Park\u0131\u2019nda d\u00fczenlenen t\u00f6rende sayg\u0131 duru\u015funda bulunuldu; Azerbaycan Ulusal Mar\u015f\u0131 ve \u0130stiklal Mar\u015f\u0131 okundu. Ard\u0131ndan yap\u0131lan konu\u015fmalarda Hocal\u0131\u2019da ya\u015fananlar\u0131n unutulmamas\u0131 ve gelecek ku\u015faklara aktar\u0131lmas\u0131 gerekti\u011fi vurguland\u0131.<\/p>\n<p>Bornova Belediye Ba\u015fkan\u0131 \u00d6mer E\u015fki, her y\u0131l bu anmay\u0131 kararl\u0131l\u0131kla s\u00fcrd\u00fcreceklerini belirterek, \u201cSoyk\u0131r\u0131mlar unutulursa tekrarlan\u0131r. Bizim bunlar\u0131 unutmaya hakk\u0131m\u0131z yok; en az\u0131ndan gelecek ku\u015faklar i\u00e7in\u201d dedi.<\/p>\n<p>E\u015fki, Bulgaristan\u2019da katledilen T\u00fcrkan Feyzullah bebek i\u00e7in de 26\u2019s\u0131nda anma yapt\u0131klar\u0131n\u0131 hat\u0131rlatarak, tarihin ac\u0131 olaylarla dolu oldu\u011funu ve insanl\u0131\u011f\u0131n bu karanl\u0131k sayfalarla y\u00fczle\u015fmesi gerekti\u011fini ifade etti.<\/p>\n<p><b>\u00a0\u201cHocal\u0131 bir katliamdan \u00f6te, soyk\u0131r\u0131md\u0131r\u201d<\/b><\/p>\n<p><b>\u00a0<\/b>Ba\u015fkan E\u015fki, Hocal\u0131\u2019da ya\u015fananlar\u0131n insanl\u0131k tarihine utan\u00e7 olarak ge\u00e7ti\u011fini belirterek, T\u00fcrkiye B\u00fcy\u00fck Millet Meclisi\u2019nde en k\u0131sa s\u00fcrede soyk\u0131r\u0131m olarak tan\u0131nmas\u0131 gerekti\u011fini d\u00fc\u015f\u00fcnd\u00fc\u011f\u00fcn\u00fc s\u00f6yledi.<\/p>\n<p><b>\u00a0<\/b>E\u015fki ayr\u0131ca, Azerbaycan\u2019\u0131n Sumgay\u0131t \u015fehriyle karde\u015f \u015fehir olmak i\u00e7in y\u00fcr\u00fct\u00fclen s\u00fcrecin tamamland\u0131\u011f\u0131n\u0131 belirterek, Bak\u00fc Fatihi olarak an\u0131lan Nuri Pa\u015fa\u2019n\u0131n b\u00fcst\u00fcn\u00fc Sumgay\u0131t\u2019a hediye etmek istediklerini, olumlu yan\u0131t beklediklerini s\u00f6yledi.<\/p>\n<p><b>\u00a0Karaba\u011f Zafer An\u0131t\u0131 m\u00fcjdesi<\/b><\/p>\n<p>Birle\u015fmi\u015f D\u00fcnya Azerbaycanl\u0131lar Te\u015fkilat\u0131 Derne\u011fi Ba\u015fkan\u0131 G\u00fcrsel \u00d6zdemir, 1992\u2019de Hocal\u0131\u2019da ya\u015fananlar\u0131 hat\u0131rlatarak Bornova Belediyesi\u2019ne te\u015fekk\u00fcr etti. \u00d6zdemir, \u00c7amdibi Atat\u00fcrk Park\u0131\u2019na bir Azerbaycan Karaba\u011f Zafer An\u0131t\u0131 yap\u0131lmas\u0131 i\u00e7in Ba\u015fkan E\u015fki ile birlikte \u00e7al\u0131\u015fma y\u00fcr\u00fctt\u00fcklerini a\u00e7\u0131klad\u0131. G\u00fcrsel, Hocal\u0131 Katliam\u0131\u2019n\u0131n T\u00fcrkiye taraf\u0131ndan bir soyk\u0131r\u0131m olarak gerekti\u011fini de s\u00f6yledi.<\/p>\n<p>Azerbaycan Cumhuriyeti Diaspora Bakanl\u0131\u011f\u0131 T\u00fcrkiye Temsilcisi Cavid \u0130smay\u0131l ise 2020\u2019deki 44 g\u00fcnl\u00fck sava\u015f\u0131n ard\u0131ndan Azerbaycan\u2019\u0131n topraklar\u0131n\u0131 geri ald\u0131\u011f\u0131n\u0131 belirterek, Cumhurba\u015fkan\u0131 \u0130lham Aliyev liderli\u011finde bar\u0131\u015f s\u00fcrecinin ilerledi\u011fini ifade etti. \u0130smay\u0131l, Hocal\u0131\u2019n\u0131n unutulmamas\u0131 ve gen\u00e7 ku\u015faklara aktar\u0131lmas\u0131 gerekti\u011fini vurgulad\u0131.<\/p>\n<p>\u0130zmir Azerbaycanl\u0131lar K\u00fclt\u00fcr ve Dayan\u0131\u015fma Derne\u011fi Ba\u015fkan\u0131 E\u015fref Tuna da kat\u0131l\u0131mc\u0131lara te\u015fekk\u00fcr ederek dayan\u0131\u015fma mesaj\u0131 verdi.<\/p>\n<p><b>\u00a0\u015eiir, karanfiller ve g\u00f6ky\u00fcz\u00fcne y\u00fckselen balonlar<\/b><\/p>\n<p>Roza \u0130badova\u2019n\u0131n co\u015fkuyla okudu\u011fu \u015fiir, t\u00f6rende duygu dolu anlar ya\u015fatt\u0131. Program\u0131n sonunda an\u0131ta k\u0131rm\u0131z\u0131 karanfiller b\u0131rak\u0131ld\u0131. Ak\u015fam saatlerinde ise K\u0131z\u0131lay Mahallesi\u2019nde muhtarl\u0131k binas\u0131 ve Kent Lokantas\u0131 bulundu\u011fu parkta, katliamda ya\u015fam\u0131n\u0131 yitiren \u00e7ocuklar i\u00e7in g\u00f6ky\u00fcz\u00fcne balonlar b\u0131rak\u0131ld\u0131. Bornova\u2019da y\u00fckselen balonlar, 33 y\u0131l \u00f6nce hayat\u0131n\u0131 kaybeden masum \u00e7ocuklar\u0131n an\u0131s\u0131n\u0131 g\u00f6ky\u00fcz\u00fcne ta\u015f\u0131d\u0131; Ba\u015fkan E\u015fki ve di\u011fer kat\u0131l\u0131mc\u0131lar bir kez daha g\u00fc\u00e7l\u00fc bir \u015fekilde; \u201cHocal\u0131\u2019y\u0131 unutmad\u0131k, unutturmayaca\u011f\u0131z\u201d mesaj\u0131 verdi.<\/p>\n<p>\u00a0<\/p>\n<p>Kaynak: (BYZHA) Beyaz Haber Ajans\u0131<\/p>\n","protected":false},"excerpt":{"rendered":"<p>Karaba\u011f Sava\u015f\u0131 s\u0131ras\u0131nda 26 \u015eubat 1992\u2019de Hocal\u0131\u2019da katledilen 613 Azerbaycanl\u0131 sivil, katliam\u0131n 33. y\u0131l\u0131nda Bornova Belediyesi taraf\u0131ndan Azerbaycan Dostluk Park\u0131 ve K\u0131z\u0131lay Mahallesi\u2019nde d\u00fczenlenen programlarla an\u0131ld\u0131.<\/p>\n","protected":false},"author":1,"featured_media":51614,"comment_status":"open","ping_status":"open","sticky":false,"template":"","format":"standard","meta":{"footnotes":""},"categories":[4],"tags":[1749,6551,516,1123,6477],"class_list":["post-51613","post","type-post","status-publish","format-standard","has-post-thumbnail","hentry","category-gundem","tag-azerbaycan","tag-balonlar","tag-baskan","tag-eski","tag-hocali"],"_links":{"self":[{"href":"https:\/\/bihavadis.com\/index.php\/wp-json\/wp\/v2\/posts\/51613","targetHints":{"allow":["GET"]}}],"collection":[{"href":"https:\/\/bihavadis.com\/index.php\/wp-json\/wp\/v2\/posts"}],"about":[{"href":"https:\/\/bihavadis.com\/index.php\/wp-json\/wp\/v2\/types\/post"}],"author":[{"embeddable":true,"href":"https:\/\/bihavadis.com\/index.php\/wp-json\/wp\/v2\/users\/1"}],"replies":[{"embeddable":true,"href":"https:\/\/bihavadis.com\/index.php\/wp-json\/wp\/v2\/comments?post=51613"}],"version-history":[{"count":1,"href":"https:\/\/bihavadis.com\/index.php\/wp-json\/wp\/v2\/posts\/51613\/revisions"}],"predecessor-version":[{"id":51615,"href":"https:\/\/bihavadis.com\/index.php\/wp-json\/wp\/v2\/posts\/51613\/revisions\/51615"}],"wp:featuredmedia":[{"embeddable":true,"href":"https:\/\/bihavadis.com\/index.php\/wp-json\/wp\/v2\/media\/51614"}],"wp:attachment":[{"href":"https:\/\/bihavadis.com\/index.php\/wp-json\/wp\/v2\/media?parent=51613"}],"wp:term":[{"taxonomy":"category","embeddable":true,"href":"https:\/\/bihavadis.com\/index.php\/wp-json\/wp\/v2\/categories?post=51613"},{"taxonomy":"post_tag","embeddable":true,"href":"https:\/\/bihavadis.com\/index.php\/wp-json\/wp\/v2\/tags?post=51613"}],"curies":[{"name":"wp","href":"https:\/\/api.w.org\/{rel}","templated":true}]}}