{"id":51616,"date":"2026-02-27T18:18:06","date_gmt":"2026-02-27T18:18:06","guid":{"rendered":"https:\/\/bihavadis.com\/?p=51616"},"modified":"2026-02-27T18:18:06","modified_gmt":"2026-02-27T18:18:06","slug":"metin-akpinarin-biyolojik-kizi-actigi-manevi-tazminat-davasini-kazandi","status":"publish","type":"post","link":"https:\/\/bihavadis.com\/index.php\/2026\/02\/27\/metin-akpinarin-biyolojik-kizi-actigi-manevi-tazminat-davasini-kazandi\/","title":{"rendered":"Metin Akp\u0131nar&#8217;\u0131n biyolojik k\u0131z\u0131 a\u00e7t\u0131\u011f\u0131 manevi tazminat davas\u0131n\u0131 kazand\u0131"},"content":{"rendered":"<p>Metin Akp\u0131nar&#8217;\u0131n 1980&#8217;li y\u0131llarda Suphiye Oranc\u0131 ile evlilik d\u0131\u015f\u0131 ili\u015fkisinden do\u011fan ikiz k\u0131zlar\u0131ndan biri olan Duygu Nebio\u011flu&#8217;nun hukuk m\u00fccadelesi s\u00fcr\u00fcyor.<\/p>\n<p>Nebio\u011flu&#8217;nun Akp\u0131nar hakk\u0131nda<b><em> &#8220;babal\u0131k sorumlulu\u011funun yerine getirilmedi\u011fi&#8221;<\/em><\/b> gerek\u00e7esiyle a\u00e7t\u0131\u011f\u0131 tazminat davas\u0131ndan karar \u00e7\u0131kt\u0131.<\/p>\n<p>Mahkeme, Nebio\u011flu lehine 6 milyon TL manevi tazminata h\u00fckmetti. Davan\u0131n itiraz yolunun a\u00e7\u0131k oldu\u011fu belirtildi.<\/p>\n<p><strong>&#8220;EMSAL B\u0130R KARAR ALINDI&#8221;<\/strong><\/p>\n<p>Karar sonras\u0131 duygular\u0131n\u0131 dile getiren Duygu Nebio\u011flu,<b><em> &#8220;Y\u0131llard\u0131r ya\u015fad\u0131\u011f\u0131m o \u00fcz\u00fcnt\u00fc ve \u00e7ocukluk yaralar\u0131ma sahip \u00e7\u0131kma arzusundan \u00f6t\u00fcr\u00fc bu karar\u0131 verdik ve verdi\u011fimiz karar do\u011frultusunda da adaletin yerini buldu\u011funu d\u00fc\u015f\u00fcn\u00fcyorum. Emsal bir karar al\u0131nd\u0131&#8221; <\/em><\/b>dedi.<\/p>\n<p>En az\u0131ndan Duygu&#8217;nun bu y\u0131k\u0131m\u0131na bir nebze su serpecek tazminat talepli bir dava a\u00e7t\u0131k. Davam\u0131zda bir\u00e7ok tan\u0131k dinlendi. Mahkemece emsal nitelikte bir karar verildi. Duygu&#8217;ya talebimiz do\u011frultusunca 6 milyon TL gibi manevi tazminata h\u00fckmedildi. \u0130n\u015fallah kendisi lehine h\u00fckmedilen bu tazminat, Duygu&#8217;nun bu zamana kadar \u00e7ekti\u011fi ac\u0131lara bir nebze su serpmi\u015f olur.<\/p>\n<p><img decoding=\"async\" src=\"https:\/\/bihavadis.com\/wp-content\/uploads\/2026\/02\/metin-akpinarin-biyolojik-kizi-actigi-manevi-tazminat-davasini-kazandi-0-9dYleUpL.jpg\"\/><\/p>\n<p><strong>NEB\u0130O\u011eLU&#8217;NUN ABLASIYLA U\u011eUR D\u00dcNDAR&#8217;IN DNA&#8217;SI E\u015eLE\u015eMEM\u0130\u015eT\u0130<\/strong><\/p>\n<p>Metin Akp\u0131nar&#8217;a babal\u0131k davas\u0131 a\u00e7t\u0131\u011f\u0131 d\u00f6nemde bas\u0131na konu\u015fan Duygu Nebio\u011flu, ablas\u0131n\u0131n babas\u0131n\u0131n da \u00fcnl\u00fc bir gazeteci oldu\u011funu iddia etmi\u015fti.<\/p>\n<p>Nebio\u011flu\u2019nun iddias\u0131n\u0131n ard\u0131ndan \u0130stanbul d\u0131\u015f\u0131ndaki bir \u015fehirde birka\u00e7 y\u0131l \u00f6nce a\u00e7\u0131lan davan\u0131n taraflar\u0131ndan birinin U\u011fur D\u00fcndar oldu\u011fu ortaya \u00e7\u0131km\u0131\u015ft\u0131.<\/p>\n<p>Nebio\u011flu\u2019nun ablas\u0131 Dilara G. taraf\u0131ndan a\u00e7\u0131lan davada, mahkeme DNA testi istedi.<\/p>\n<p>Adli T\u0131p Kurumu\u2019ndan gelen DNA raporunun sonu\u00e7 k\u0131sm\u0131 \u015f\u00f6yleydi:<\/p>\n<p>Elde edilen sonu\u00e7lara g\u00f6re baba oldu\u011fu iddia edilen \u0130smail U\u011fur D\u00fcndar adl\u0131 \u015fahs\u0131n Dilara G. adl\u0131 \u015fah\u0131s i\u00e7in biyolojik babal\u0131\u011f\u0131 reddedildi.<\/p>\n<p>U\u011fur D\u00fcndar da, konuya ili\u015fkin \u015fu a\u00e7\u0131klamada bulunmu\u015ftu:<\/p>\n<p>Bug\u00fcnk\u00fc bir gazetede hakk\u0131mda babal\u0131k davas\u0131 a\u00e7\u0131ld\u0131\u011f\u0131 ve haziran ay\u0131nda karara ba\u011flanaca\u011f\u0131 a\u00e7\u0131klanm\u0131\u015f. Bug\u00fcne kadar mahkemenin ald\u0131\u011f\u0131 gizlilik karar\u0131na titizlikle uyduk ve hep sustuk. Ama mademki kar\u015f\u0131 taraftan biri konu\u015ftu, k\u0131saca net bir cevap vereyim. Mahkemenin her iki taraf\u0131 sevk etti\u011fi ve son s\u00f6z\u00fc s\u00f6yleyecek kurum olan Adli T\u0131p Kurumu, DNA incelemesini bitirdi ve biyolojik babal\u0131k iddias\u0131n\u0131 reddetti. Benim ve avukat\u0131m Murat Erg\u00fcn i\u00e7in konu kapanm\u0131\u015ft\u0131r.<\/p>\n","protected":false},"excerpt":{"rendered":"<p>Sanat\u00e7\u0131 Metin Akp\u0131nar\u2019\u0131n biyolojik k\u0131z\u0131 oldu\u011fu iki y\u0131l \u00f6nce mahkeme karar\u0131yla kesinle\u015fen Duygu Nebio\u011flu\u2019nun, babal\u0131k sorumlulu\u011funun yerine getirilmedi\u011fi gerek\u00e7esiyle a\u00e7t\u0131\u011f\u0131 manevi tazminat davas\u0131 da lehine sonu\u00e7land\u0131.<\/p>\n","protected":false},"author":1,"featured_media":51617,"comment_status":"open","ping_status":"open","sticky":false,"template":"","format":"standard","meta":{"footnotes":""},"categories":[1],"tags":[727,425,6463,424,6552],"class_list":["post-51616","post","type-post","status-publish","format-standard","has-post-thumbnail","hentry","category-uncategorized","tag-baba","tag-dava","tag-duygu","tag-karar","tag-nebioglu"],"_links":{"self":[{"href":"https:\/\/bihavadis.com\/index.php\/wp-json\/wp\/v2\/posts\/51616","targetHints":{"allow":["GET"]}}],"collection":[{"href":"https:\/\/bihavadis.com\/index.php\/wp-json\/wp\/v2\/posts"}],"about":[{"href":"https:\/\/bihavadis.com\/index.php\/wp-json\/wp\/v2\/types\/post"}],"author":[{"embeddable":true,"href":"https:\/\/bihavadis.com\/index.php\/wp-json\/wp\/v2\/users\/1"}],"replies":[{"embeddable":true,"href":"https:\/\/bihavadis.com\/index.php\/wp-json\/wp\/v2\/comments?post=51616"}],"version-history":[{"count":1,"href":"https:\/\/bihavadis.com\/index.php\/wp-json\/wp\/v2\/posts\/51616\/revisions"}],"predecessor-version":[{"id":51619,"href":"https:\/\/bihavadis.com\/index.php\/wp-json\/wp\/v2\/posts\/51616\/revisions\/51619"}],"wp:featuredmedia":[{"embeddable":true,"href":"https:\/\/bihavadis.com\/index.php\/wp-json\/wp\/v2\/media\/51617"}],"wp:attachment":[{"href":"https:\/\/bihavadis.com\/index.php\/wp-json\/wp\/v2\/media?parent=51616"}],"wp:term":[{"taxonomy":"category","embeddable":true,"href":"https:\/\/bihavadis.com\/index.php\/wp-json\/wp\/v2\/categories?post=51616"},{"taxonomy":"post_tag","embeddable":true,"href":"https:\/\/bihavadis.com\/index.php\/wp-json\/wp\/v2\/tags?post=51616"}],"curies":[{"name":"wp","href":"https:\/\/api.w.org\/{rel}","templated":true}]}}