{"id":51653,"date":"2026-02-27T18:51:05","date_gmt":"2026-02-27T18:51:05","guid":{"rendered":"https:\/\/bihavadis.com\/?p=51653"},"modified":"2026-02-27T18:51:05","modified_gmt":"2026-02-27T18:51:05","slug":"balcovada-ramazan-sofralari-mahalle-mahalle-kuruluyor","status":"publish","type":"post","link":"https:\/\/bihavadis.com\/index.php\/2026\/02\/27\/balcovada-ramazan-sofralari-mahalle-mahalle-kuruluyor\/","title":{"rendered":"Bal\u00e7ova&#8217;da Ramazan Sofralar\u0131 Mahalle Mahalle Kuruluyor"},"content":{"rendered":"<p>Ramazan\u2019\u0131n ilk iftar program\u0131nda \u00c7etin Eme\u00e7 ve E\u011fitim Mahallesi sakinleri B\u00fcy\u00fck Pazar Yeri\u2019nde ayn\u0131 sofrada bulu\u015ftu. Yo\u011fun kat\u0131l\u0131mla ger\u00e7ekle\u015fen programda birlik, beraberlik ve dayan\u0131\u015fma mesajlar\u0131 \u00f6ne \u00e7\u0131kt\u0131. Bal\u00e7ova Belediyesi, iftar bulu\u015fmalar\u0131n\u0131n \u00f6n\u00fcm\u00fczdeki g\u00fcnlerde di\u011fer mahallelerde de devam edece\u011fini duyurdu.<\/p>\n<p>Ramazan ay\u0131n\u0131n ilk iftar program\u0131, \u00c7etin Eme\u00e7 ve E\u011fitim Mahallesi\u2019nde bulunan B\u00fcy\u00fck Pazar Yeri\u2019nde ger\u00e7ekle\u015ftirildi. Vatanda\u015flar\u0131n yo\u011fun ilgi g\u00f6sterdi\u011fi programda, y\u00fczlerce ki\u015fi ayn\u0131 sofrada oru\u00e7 a\u00e7man\u0131n huzurunu ya\u015fad\u0131.<\/p>\n<p>Program, yap\u0131lan dua ile ba\u015flad\u0131. Ard\u0131ndan Bal\u00e7ova Belediye Ba\u015fkan\u0131 Onur Yi\u011fit, kat\u0131l\u0131mc\u0131lara hitap etti. Konu\u015fmas\u0131nda kamu kaynaklar\u0131n\u0131n adil ve e\u015fit kullan\u0131m\u0131na vurgu yapan Ba\u015fkan Yi\u011fit,\u00a0\u201cSize yap\u0131lan her hizmet, sizlerin verdi\u011fi vergilerle yap\u0131lan hizmetlerdir. Bir siyaset\u00e7inin en b\u00fcy\u00fck gayesi de budur: Sizin vergilerinizi size en do\u011fru, en e\u015fit ve en adaletli \u015fekilde da\u011f\u0131tmaya \u00e7al\u0131\u015fmakt\u0131r. Hi\u00e7 \u015f\u00fcpheniz olmas\u0131n; sizlerin paralar\u0131n\u0131 en do\u011fru \u015fekilde, en adaletli \u015fekilde, en e\u015fit \u015fekilde sizlerin ad\u0131na kullanaca\u011f\u0131m\u201d ifadelerini kulland\u0131.\u00a0<\/p>\n<p>Ramazan ay\u0131nda siyasi s\u00f6ylemlerden uzak durulmas\u0131 gerekti\u011fini belirten Yi\u011fit, dayan\u0131\u015fma mesaj\u0131 verdi:<\/p>\n<p>\u201cSiyaset yapmayaca\u011f\u0131m; Ramazan\u2019da siyaset olmaz. Ama Ramazan\u2019da bu masalarda a\u00e7l\u0131\u011f\u0131m\u0131z\u0131 an\u0131msam\u0131yoruz; bu masalarda birli\u011fimizi, beraberli\u011fimizi ve dayan\u0131\u015fmay\u0131 an\u0131ms\u0131yoruz. Bizler, Bal\u00e7ova Belediyesi olarak; kim zordaysa, kimin ba\u015f\u0131 derde girdiyse, dara girdiyse her zaman yan\u0131nda olaca\u011f\u0131z.\u201d\u00a0<\/p>\n<p>Ba\u015fkan Yi\u011fit, kat\u0131l\u0131mlar\u0131ndan dolay\u0131 vatanda\u015flara te\u015fekk\u00fcr ederek t\u00fcm hem\u015fehrilerinin Ramazan ay\u0131n\u0131 kutlad\u0131.<\/p>\n<p>Bal\u00e7ova Belediyesi yetkilileri, Ramazan ay\u0131 boyunca iftar programlar\u0131n\u0131n il\u00e7enin farkl\u0131 mahallelerinde de d\u00fczenlenece\u011fini belirtti. B\u00f6ylece dayan\u0131\u015fma sofralar\u0131n\u0131n Bal\u00e7ova\u2019n\u0131n d\u00f6rt bir yan\u0131nda kurulaca\u011f\u0131 ifade edildi.<\/p>\n<p>\u00a0<\/p>\n<p>Kaynak: (BYZHA) Beyaz Haber Ajans\u0131<\/p>\n","protected":false},"excerpt":{"rendered":"<p>Ramazan\u2019\u0131n ilk iftar program\u0131nda \u00c7etin Eme\u00e7 ve E\u011fitim Mahallesi sakinleri B\u00fcy\u00fck Pazar Yeri\u2019nde ayn\u0131 sofrada bulu\u015ftu.<\/p>\n","protected":false},"author":1,"featured_media":51654,"comment_status":"open","ping_status":"open","sticky":false,"template":"","format":"standard","meta":{"footnotes":""},"categories":[4],"tags":[3114,2714],"class_list":["post-51653","post","type-post","status-publish","format-standard","has-post-thumbnail","hentry","category-gundem","tag-balcova","tag-ramazan"],"_links":{"self":[{"href":"https:\/\/bihavadis.com\/index.php\/wp-json\/wp\/v2\/posts\/51653","targetHints":{"allow":["GET"]}}],"collection":[{"href":"https:\/\/bihavadis.com\/index.php\/wp-json\/wp\/v2\/posts"}],"about":[{"href":"https:\/\/bihavadis.com\/index.php\/wp-json\/wp\/v2\/types\/post"}],"author":[{"embeddable":true,"href":"https:\/\/bihavadis.com\/index.php\/wp-json\/wp\/v2\/users\/1"}],"replies":[{"embeddable":true,"href":"https:\/\/bihavadis.com\/index.php\/wp-json\/wp\/v2\/comments?post=51653"}],"version-history":[{"count":1,"href":"https:\/\/bihavadis.com\/index.php\/wp-json\/wp\/v2\/posts\/51653\/revisions"}],"predecessor-version":[{"id":51655,"href":"https:\/\/bihavadis.com\/index.php\/wp-json\/wp\/v2\/posts\/51653\/revisions\/51655"}],"wp:featuredmedia":[{"embeddable":true,"href":"https:\/\/bihavadis.com\/index.php\/wp-json\/wp\/v2\/media\/51654"}],"wp:attachment":[{"href":"https:\/\/bihavadis.com\/index.php\/wp-json\/wp\/v2\/media?parent=51653"}],"wp:term":[{"taxonomy":"category","embeddable":true,"href":"https:\/\/bihavadis.com\/index.php\/wp-json\/wp\/v2\/categories?post=51653"},{"taxonomy":"post_tag","embeddable":true,"href":"https:\/\/bihavadis.com\/index.php\/wp-json\/wp\/v2\/tags?post=51653"}],"curies":[{"name":"wp","href":"https:\/\/api.w.org\/{rel}","templated":true}]}}