{"id":5167,"date":"2026-01-29T20:00:06","date_gmt":"2026-01-29T20:00:06","guid":{"rendered":"https:\/\/bihavadis.com\/?p=5167"},"modified":"2026-01-29T20:00:06","modified_gmt":"2026-01-29T20:00:06","slug":"eunun-standi-havacilik-ve-teknoloji-tutkunlarinin-ilgi-odagi-oluyor","status":"publish","type":"post","link":"https:\/\/bihavadis.com\/index.php\/2026\/01\/29\/eunun-standi-havacilik-ve-teknoloji-tutkunlarinin-ilgi-odagi-oluyor\/","title":{"rendered":"E\u00dc&#8217;n\u00fcn stand\u0131 havac\u0131l\u0131k ve teknoloji tutkunlar\u0131n\u0131n ilgi oda\u011f\u0131 oluyor"},"content":{"rendered":"<p>Adana\u2019da kap\u0131lar\u0131n\u0131 ziyaret\u00e7ilerine a\u00e7an d\u00fcnyan\u0131n en b\u00fcy\u00fck Havac\u0131l\u0131k, Uzay ve Teknoloji Festivali TEKNOFEST Adana\u2019da Ege \u00dcniversitesinin stand\u0131 yo\u011fun ilgi g\u00f6r\u00fcyor.<\/p>\n<p>T\u00fcrkiye\u2019nin bilim ve teknoloji alanlar\u0131nda yeti\u015fmi\u015f insan kayna\u011f\u0131n\u0131 art\u0131rmay\u0131 hedefleyen TEKNOFEST bu sene Adana\u2019da teknoloji severlerle bulu\u015ftu. Festivalin akademik payda\u015flar\u0131 aras\u0131nda yer alan Ege \u00dcniversitesinin stand\u0131 havac\u0131l\u0131k ve teknoloji merakl\u0131lar\u0131n\u0131n ilgi oda\u011f\u0131 oldu. Festivalinin ilk g\u00fcn\u00fc Tam Ba\u011f\u0131ms\u0131z T\u00fcrkiye vizyonuyla projelerini sergileyen Ege \u00dcniversitesinin r\u00fczg\u00e2r\u0131 esti.<\/p>\n<p>Ege \u00dcniversitesi Rekt\u00f6r\u00fc Prof. Dr. Necdet Budak, \u201c\u00dclkemizin d\u00f6rt bir yan\u0131ndan bilim ve teknoloji merakl\u0131lar\u0131n\u0131, gelece\u011fin teknolojilerini \u00fcreten gen\u00e7leri bir araya getiren TEKNOFEST Adana\u2019n\u0131n a\u00e7\u0131l\u0131\u015f\u0131 b\u00fcy\u00fck bir heyecan ve co\u015fkuyla ger\u00e7ekle\u015ftirildi. Mill\u00ee Teknoloji Hamlesi vizyonuyla, gen\u00e7lerin bu alanlara olan ilgisini art\u0131rmay\u0131 ve yerli teknolojilerin geli\u015ftirilmesine katk\u0131da bulunmay\u0131 ama\u00e7layan dev organizasyonun ilk g\u00fcn\u00fcnde, \u00fcniversitemiz stand\u0131 Adana \u015eakirpa\u015fa Havaliman\u0131\u2019nda ziyaret\u00e7ilerin yo\u011fun ilgisine sahne oldu. Tak\u0131mlar\u0131m\u0131z\u0131n; savunma sanayii, uzay teknolojileri, yapay zek\u00e2, otonom ara\u00e7lar ve sa\u011fl\u0131k teknolojileri gibi kritik alanlarda haz\u0131rlad\u0131klar\u0131 projeler ziyaret\u00e7iler taraf\u0131ndan be\u011feni ile takip edildi. Ege \u00dcniversitesi olarak bug\u00fcn geli\u015ftirdi\u011fimiz yeniliklerle yar\u0131n\u0131n teknolojilerine y\u00f6n vermeye devam edecek, T\u00fcrkiye Y\u00fczy\u0131l\u0131\u2019n\u0131 T\u00fcrk bilim y\u00fczy\u0131l\u0131 yapmak i\u00e7in projeler \u00fcretmeyi s\u00fcrd\u00fcrece\u011fiz.\u00a0 TEKNOFEST\u2019te yar\u0131\u015facak olan \u00fcniversitemiz tak\u0131mlar\u0131 ba\u015fta olmak \u00fczere t\u00fcm ekiplere \u00a0ba\u015far\u0131lar diliyorum\u201d dedi.<\/p>\n<p>Kaynak: (BYZHA) Beyaz Haber Ajans\u0131<\/p>\n","protected":false},"excerpt":{"rendered":"<p>Adana\u2019da kap\u0131lar\u0131n\u0131 ziyaret\u00e7ilerine a\u00e7an d\u00fcnyan\u0131n en b\u00fcy\u00fck Havac\u0131l\u0131k, Uzay ve Teknoloji Festivali TEKNOFEST Adana\u2019da Ege \u00dcniversitesinin stand\u0131 yo\u011fun ilgi g\u00f6r\u00fcyor.<\/p>\n","protected":false},"author":1,"featured_media":5168,"comment_status":"open","ping_status":"open","sticky":false,"template":"","format":"standard","meta":{"footnotes":""},"categories":[7],"tags":[1102,191,932],"class_list":["post-5167","post","type-post","status-publish","format-standard","has-post-thumbnail","hentry","category-egitim","tag-adana","tag-teknoloji","tag-universitesi"],"_links":{"self":[{"href":"https:\/\/bihavadis.com\/index.php\/wp-json\/wp\/v2\/posts\/5167","targetHints":{"allow":["GET"]}}],"collection":[{"href":"https:\/\/bihavadis.com\/index.php\/wp-json\/wp\/v2\/posts"}],"about":[{"href":"https:\/\/bihavadis.com\/index.php\/wp-json\/wp\/v2\/types\/post"}],"author":[{"embeddable":true,"href":"https:\/\/bihavadis.com\/index.php\/wp-json\/wp\/v2\/users\/1"}],"replies":[{"embeddable":true,"href":"https:\/\/bihavadis.com\/index.php\/wp-json\/wp\/v2\/comments?post=5167"}],"version-history":[{"count":1,"href":"https:\/\/bihavadis.com\/index.php\/wp-json\/wp\/v2\/posts\/5167\/revisions"}],"predecessor-version":[{"id":5169,"href":"https:\/\/bihavadis.com\/index.php\/wp-json\/wp\/v2\/posts\/5167\/revisions\/5169"}],"wp:featuredmedia":[{"embeddable":true,"href":"https:\/\/bihavadis.com\/index.php\/wp-json\/wp\/v2\/media\/5168"}],"wp:attachment":[{"href":"https:\/\/bihavadis.com\/index.php\/wp-json\/wp\/v2\/media?parent=5167"}],"wp:term":[{"taxonomy":"category","embeddable":true,"href":"https:\/\/bihavadis.com\/index.php\/wp-json\/wp\/v2\/categories?post=5167"},{"taxonomy":"post_tag","embeddable":true,"href":"https:\/\/bihavadis.com\/index.php\/wp-json\/wp\/v2\/tags?post=5167"}],"curies":[{"name":"wp","href":"https:\/\/api.w.org\/{rel}","templated":true}]}}