{"id":51673,"date":"2026-02-27T19:06:07","date_gmt":"2026-02-27T19:06:07","guid":{"rendered":"https:\/\/bihavadis.com\/?p=51673"},"modified":"2026-02-27T19:06:07","modified_gmt":"2026-02-27T19:06:07","slug":"aylar-sonra-ortaya-cikti-feti-yildiz-ocalanin-talebini-gorusme-bitmistir-diyerek-reddetmis","status":"publish","type":"post","link":"https:\/\/bihavadis.com\/index.php\/2026\/02\/27\/aylar-sonra-ortaya-cikti-feti-yildiz-ocalanin-talebini-gorusme-bitmistir-diyerek-reddetmis\/","title":{"rendered":"Aylar sonra ortaya \u00e7\u0131kt\u0131: Feti Y\u0131ld\u0131z, \u00d6calan&#8217;\u0131n talebini &#8221;G\u00f6r\u00fc\u015fme bitmi\u015ftir&#8221; diyerek reddetmi\u015f"},"content":{"rendered":"<p>Bir y\u0131l\u0131 a\u015fk\u0131n s\u00fcredir devam eden &#8220;Ter\u00f6rs\u00fcz T\u00fcrkiye&#8221; s\u00fcreci kapsam\u0131nda TBMM&#8217;de kurulan komisyonun AK Parti, MHP ve DEM Parti&#8217;den \u00fc\u00e7 \u00fcyesi, \u0130mral\u0131 Adas\u0131&#8217;na giderek Abdullah \u00d6calan ile g\u00f6r\u00fc\u015fme ger\u00e7ekle\u015ftirmi\u015fti. G\u00f6r\u00fc\u015fme sonras\u0131 TBMM Ba\u015fkanl\u0131\u011f\u0131, s\u00fcrecin &#8220;pozitif ilerletilmesi a\u00e7\u0131s\u0131ndan olumlu sonu\u00e7lar al\u0131nd\u0131\u011f\u0131n\u0131&#8221; a\u00e7\u0131klam\u0131\u015ft\u0131.<\/p>\n<p><b>FET\u0130 YILDIZ SESS\u0130ZL\u0130\u011e\u0130 BOZDU<\/b><\/p>\n<p>\u0130mral\u0131&#8217;ya giden isimlerden biri olan MHP Genel Ba\u015fkan Yard\u0131mc\u0131s\u0131 Feti Y\u0131ld\u0131z, T\u00fcrkiye Gazetesi&#8217;nden Nur Tu\u011fba Aktay&#8217;a yapt\u0131\u011f\u0131 a\u00e7\u0131klamada g\u00f6r\u00fc\u015fmenin kamuoyundan neden bu denli gizli tutuldu\u011funa dair sorular\u0131 yan\u0131tlad\u0131. Y\u0131ld\u0131z, g\u00f6r\u00fc\u015fme s\u0131ras\u0131nda Abdullah \u00d6calan&#8217;\u0131n &#8220;foto\u011fraf \u00e7ekilmesi&#8221; y\u00f6n\u00fcnde bir talepte bulundu\u011funu do\u011frulad\u0131.<\/p>\n<p><b>&#8220;FOTO\u011eRAF OLMAZ, G\u00d6R\u00dc\u015eME B\u0130TM\u0130\u015eT\u0130R&#8221;<\/b><\/p>\n<p>Aktay&#8217;\u0131n aktard\u0131\u011f\u0131na g\u00f6re, \u00d6calan&#8217;\u0131n bu talebi, g\u00f6r\u00fc\u015fmenin sonunda sembolik bir me\u015fruiyet olu\u015fturma \u00e7abas\u0131 olarak de\u011ferlendirildi. Feti Y\u0131ld\u0131z&#8217;\u0131n bu talebi kesin bir dille reddetti\u011fi ve &#8220;Foto\u011fraf olmaz. G\u00f6r\u00fc\u015fme bitmi\u015ftir&#8221; diyerek net bir s\u0131n\u0131r \u00e7izdi\u011fi ifade edildi. Bu tutumun, devletin s\u00fcrece yakla\u015f\u0131m\u0131ndaki k\u0131rm\u0131z\u0131 \u00e7izgiyi a\u00e7\u0131k bi\u00e7imde ortaya koydu\u011fu vurguland\u0131.<\/p>\n<p><b>&#8220;PAZARLIK DE\u011e\u0130L, TESC\u0130L&#8221; VURGUSU<\/b><\/p>\n<p>Yaz\u0131da yer alan de\u011ferlendirmede, \u0130mral\u0131 g\u00f6r\u00fc\u015fmesinin bir pazarl\u0131k s\u00fcreci olmad\u0131\u011f\u0131, devletin bu temasla herhangi bir sembolik ya da siyasi kazan\u0131m \u00fcretilmesine izin vermedi\u011fi belirtildi. G\u00f6r\u00fc\u015fmenin, s\u00fcrecin \u015fartlar\u0131n\u0131 teyit etmeye y\u00f6nelik oldu\u011fu ve devletin &#8220;buraya kadar&#8221; mesaj\u0131n\u0131 net bi\u00e7imde verdi\u011fi kaydedildi.<\/p>\n","protected":false},"excerpt":{"rendered":"<p>TBMM&#8217;de y\u00fcr\u00fct\u00fclen &#8221;Ter\u00f6rs\u00fcz T\u00fcrkiye&#8221; s\u00fcreci kapsam\u0131nda \u0130mral\u0131&#8217;da Abdullah \u00d6calan ile yap\u0131lan g\u00f6r\u00fc\u015fmeye dair aylar sonra dikkat \u00e7eken bir detay ortaya \u00e7\u0131kt\u0131; MHP&#8217;li Feti Y\u0131ld\u0131z, \u00d6calan&#8217;\u0131n foto\u011fraf talebinin kesin bir dille reddedildi\u011fini a\u00e7\u0131klad\u0131.<\/p>\n","protected":false},"author":1,"featured_media":51674,"comment_status":"open","ping_status":"open","sticky":false,"template":"","format":"standard","meta":{"footnotes":""},"categories":[12],"tags":[435],"class_list":["post-51673","post","type-post","status-publish","format-standard","has-post-thumbnail","hentry","category-siyaset","tag-gorusme"],"_links":{"self":[{"href":"https:\/\/bihavadis.com\/index.php\/wp-json\/wp\/v2\/posts\/51673","targetHints":{"allow":["GET"]}}],"collection":[{"href":"https:\/\/bihavadis.com\/index.php\/wp-json\/wp\/v2\/posts"}],"about":[{"href":"https:\/\/bihavadis.com\/index.php\/wp-json\/wp\/v2\/types\/post"}],"author":[{"embeddable":true,"href":"https:\/\/bihavadis.com\/index.php\/wp-json\/wp\/v2\/users\/1"}],"replies":[{"embeddable":true,"href":"https:\/\/bihavadis.com\/index.php\/wp-json\/wp\/v2\/comments?post=51673"}],"version-history":[{"count":1,"href":"https:\/\/bihavadis.com\/index.php\/wp-json\/wp\/v2\/posts\/51673\/revisions"}],"predecessor-version":[{"id":51675,"href":"https:\/\/bihavadis.com\/index.php\/wp-json\/wp\/v2\/posts\/51673\/revisions\/51675"}],"wp:featuredmedia":[{"embeddable":true,"href":"https:\/\/bihavadis.com\/index.php\/wp-json\/wp\/v2\/media\/51674"}],"wp:attachment":[{"href":"https:\/\/bihavadis.com\/index.php\/wp-json\/wp\/v2\/media?parent=51673"}],"wp:term":[{"taxonomy":"category","embeddable":true,"href":"https:\/\/bihavadis.com\/index.php\/wp-json\/wp\/v2\/categories?post=51673"},{"taxonomy":"post_tag","embeddable":true,"href":"https:\/\/bihavadis.com\/index.php\/wp-json\/wp\/v2\/tags?post=51673"}],"curies":[{"name":"wp","href":"https:\/\/api.w.org\/{rel}","templated":true}]}}