{"id":51676,"date":"2026-02-27T19:09:04","date_gmt":"2026-02-27T19:09:04","guid":{"rendered":"https:\/\/bihavadis.com\/?p=51676"},"modified":"2026-02-27T19:09:04","modified_gmt":"2026-02-27T19:09:04","slug":"buyuksehirden-calisanlara-kapsamli-afet-tatbikati","status":"publish","type":"post","link":"https:\/\/bihavadis.com\/index.php\/2026\/02\/27\/buyuksehirden-calisanlara-kapsamli-afet-tatbikati\/","title":{"rendered":"B\u00fcy\u00fck\u015fehir&#8217;den \u00e7al\u0131\u015fanlara kapsaml\u0131 afet tatbikat\u0131"},"content":{"rendered":"<p>\u0130zmir B\u00fcy\u00fck\u015fehir Belediyesi, \u00e7al\u0131\u015fanlar\u0131na acil durum bilinci kazand\u0131rmak ve olas\u0131 afetlerde do\u011fru refleks geli\u015ftirmelerini sa\u011flamak amac\u0131yla deprem ve yang\u0131n senaryolu bir tatbikat ger\u00e7ekle\u015ftirdi. Ger\u00e7e\u011fe yak\u0131n senaryoyla kurgulanan uygulamada personel, hem deprem an\u0131n\u0131 hem de yang\u0131n sonras\u0131 tahliye s\u00fcrecini deneyimledi.<\/p>\n<p>\u0130zmir B\u00fcy\u00fck\u015fehir Belediyesi Afet \u0130\u015fleri ve Risk Y\u00f6netimi Dairesi Ba\u015fkanl\u0131\u011f\u0131 \u00f6nc\u00fcl\u00fc\u011f\u00fcnde, kurum \u00e7al\u0131\u015fanlar\u0131n\u0131n deprem, yang\u0131n ve benzeri acil durumlarda do\u011fru davran\u0131\u015f geli\u015ftirmesini sa\u011flamak amac\u0131yla kapsaml\u0131 bir afet ve acil durum tatbikat\u0131 ger\u00e7ekle\u015ftiriliyor. Tatbikatlar\u0131n son adresi Bas\u0131n, Yay\u0131n ve Halkla \u0130li\u015fkiler Dairesi Ba\u015fkanl\u0131\u011f\u0131 oldu. Bas\u0131n Yay\u0131n ve Tan\u0131t\u0131m \u015eube M\u00fcd\u00fcrl\u00fc\u011f\u00fc ile Halkla \u0130li\u015fkiler \u015eube M\u00fcd\u00fcrl\u00fc\u011f\u00fc \u00e7al\u0131\u015fanlar\u0131n\u0131n kat\u0131ld\u0131\u011f\u0131 uygulamada, senaryo gere\u011fi \u0130zmir merkezli 6,8 b\u00fcy\u00fckl\u00fc\u011f\u00fcnde bir deprem meydana geldi\u011fi duyuruldu. \u00c7al\u0131\u015fanlar, bulunduklar\u0131 alanlarda 40 saniye boyunca \u201c\u00e7\u00f6k-kapan-tutun\u201d y\u00f6ntemiyle korunmaya al\u0131nd\u0131. Sars\u0131nt\u0131n\u0131n ard\u0131ndan bina i\u00e7indeki sistem odas\u0131nda elektrik kaynakl\u0131 yang\u0131n \u00e7\u0131kt\u0131\u011f\u0131 anons edildi ve alarm sistemi devreye sokuldu.<\/p>\n<p><strong>Deprem an\u0131 canland\u0131r\u0131ld\u0131<\/strong><\/p>\n<p>112 Acil \u00c7a\u011fr\u0131 Merkezi\u2019ne bilgi verilirken, yang\u0131n s\u00f6nd\u00fcrme ekibi ta\u015f\u0131nabilir t\u00fcplerle ilk m\u00fcdahaleyi ger\u00e7ekle\u015ftirdi. Anons sistemi \u00fczerinden yap\u0131lan tahliye \u00e7a\u011fr\u0131s\u0131n\u0131n ard\u0131ndan kat g\u00f6revlileri personeli acil \u00e7\u0131k\u0131\u015flara y\u00f6nlendirdi. Engelli ve \u00f6zel durumu bulunan \u00e7al\u0131\u015fanlar destek ekipleri e\u015fli\u011finde g\u00fcvenli \u015fekilde binadan \u00e7\u0131kar\u0131ld\u0131.<\/p>\n<p><strong>Kay\u0131p personel senaryosu<\/strong><\/p>\n<p>Toplanma alan\u0131nda yap\u0131lan say\u0131mda iki personelin eksik oldu\u011fu belirlendi. Senaryo gere\u011fi yaraland\u0131\u011f\u0131 bildirilen personelden biri ekipler taraf\u0131ndan binadan \u00e7\u0131kar\u0131larak ilk yard\u0131m ekibine teslim edildi. Yo\u011fun duman nedeniyle m\u00fcdahalenin durdurulmas\u0131n\u0131n ard\u0131ndan olay yerine gelen \u0130zmir B\u00fcy\u00fck\u015fehir Belediyesi \u0130tfaiye Dairesi Ba\u015fkanl\u0131\u011f\u0131 ekipleri, ikinci yaral\u0131y\u0131 kurtararak yang\u0131n\u0131 kontrol alt\u0131na ald\u0131.<\/p>\n<p><strong>\u201cDo\u011fru davran\u0131\u015f bi\u00e7imlerini geli\u015ftirmelerine katk\u0131 sunuyor\u201d<\/strong><\/p>\n<p>\u0130zmir B\u00fcy\u00fck\u015fehir Belediyesi Afet \u0130\u015fleri ve Risk Y\u00f6netimi Dairesi Ba\u015fkanl\u0131\u011f\u0131 Afete Haz\u0131rl\u0131k \u015eube M\u00fcd\u00fcrl\u00fc\u011f\u00fc\u2019nden Levent Bilgehan, belediyenin bir\u00e7ok yerle\u015fkesinde acil durum ve afetlerde personelin duruma haz\u0131rl\u0131kl\u0131 olmas\u0131 i\u00e7in yang\u0131n ve deprem tatbikat\u0131 d\u00fczenlediklerini an\u0131msatt\u0131. Olas\u0131 afet ve acil durumlarda can ve mal kayb\u0131n\u0131 en aza indirmek i\u00e7in tatbikatlar\u0131n \u00f6nemli oldu\u011funu belirten Bilgehan, \u201cYap\u0131lan tatbikatlar\u0131n faydas\u0131 oluyor. \u00c7\u00fcnk\u00fc bu t\u00fcr durumlarda insanlar ne yapaca\u011f\u0131n\u0131 tam olarak bilemiyor, panik oluyor. Bu t\u00fcr tatbikatlar, personelin acil durumlarda do\u011fru davran\u0131\u015f bi\u00e7imlerini geli\u015ftirmelerine yard\u0131mc\u0131 oluyor\u201d dedi.<\/p>\n<p><strong>De\u011ferlendirme yap\u0131ld\u0131<\/strong><\/p>\n<p>Tatbikat sonunda t\u00fcm personelin g\u00fcvenli \u015fekilde tahliye edildi\u011fi teyit edildi. Genel de\u011ferlendirme toplant\u0131s\u0131nda g\u00f6zlemler payla\u015f\u0131ld\u0131, eksiklikler ve iyile\u015ftirme alanlar\u0131 ele al\u0131nd\u0131. Elde edilen bulgular do\u011frultusunda detayl\u0131 bir sonu\u00e7 raporu haz\u0131rlanarak acil durum planlar\u0131n\u0131n g\u00fcncellenmesinde kullan\u0131lacak.<\/p>\n<p>\u00a0<\/p>\n<p>\u00a0<\/p>\n<p>Kaynak: (BYZHA) Beyaz Haber Ajans\u0131<\/p>\n","protected":false},"excerpt":{"rendered":"<p>\u0130zmir B\u00fcy\u00fck\u015fehir Belediyesi, \u00e7al\u0131\u015fanlar\u0131na acil durum bilinci kazand\u0131rmak ve olas\u0131 afetlerde do\u011fru refleks geli\u015ftirmelerini sa\u011flamak amac\u0131yla deprem ve yang\u0131n senaryolu bir tatbikat ger\u00e7ekle\u015ftirdi.<\/p>\n","protected":false},"author":1,"featured_media":51677,"comment_status":"open","ping_status":"open","sticky":false,"template":"","format":"standard","meta":{"footnotes":""},"categories":[4],"tags":[6557,1194,2213,275,600],"class_list":["post-51676","post","type-post","status-publish","format-standard","has-post-thumbnail","hentry","category-gundem","tag-acil-durum","tag-afet","tag-calisanlar","tag-tatbikat","tag-yangin"],"_links":{"self":[{"href":"https:\/\/bihavadis.com\/index.php\/wp-json\/wp\/v2\/posts\/51676","targetHints":{"allow":["GET"]}}],"collection":[{"href":"https:\/\/bihavadis.com\/index.php\/wp-json\/wp\/v2\/posts"}],"about":[{"href":"https:\/\/bihavadis.com\/index.php\/wp-json\/wp\/v2\/types\/post"}],"author":[{"embeddable":true,"href":"https:\/\/bihavadis.com\/index.php\/wp-json\/wp\/v2\/users\/1"}],"replies":[{"embeddable":true,"href":"https:\/\/bihavadis.com\/index.php\/wp-json\/wp\/v2\/comments?post=51676"}],"version-history":[{"count":1,"href":"https:\/\/bihavadis.com\/index.php\/wp-json\/wp\/v2\/posts\/51676\/revisions"}],"predecessor-version":[{"id":51678,"href":"https:\/\/bihavadis.com\/index.php\/wp-json\/wp\/v2\/posts\/51676\/revisions\/51678"}],"wp:featuredmedia":[{"embeddable":true,"href":"https:\/\/bihavadis.com\/index.php\/wp-json\/wp\/v2\/media\/51677"}],"wp:attachment":[{"href":"https:\/\/bihavadis.com\/index.php\/wp-json\/wp\/v2\/media?parent=51676"}],"wp:term":[{"taxonomy":"category","embeddable":true,"href":"https:\/\/bihavadis.com\/index.php\/wp-json\/wp\/v2\/categories?post=51676"},{"taxonomy":"post_tag","embeddable":true,"href":"https:\/\/bihavadis.com\/index.php\/wp-json\/wp\/v2\/tags?post=51676"}],"curies":[{"name":"wp","href":"https:\/\/api.w.org\/{rel}","templated":true}]}}