{"id":51708,"date":"2026-02-27T19:36:07","date_gmt":"2026-02-27T19:36:07","guid":{"rendered":"https:\/\/bihavadis.com\/?p=51708"},"modified":"2026-02-27T19:36:07","modified_gmt":"2026-02-27T19:36:07","slug":"israfil-ucurum-aosb-baskan-adayi","status":"publish","type":"post","link":"https:\/\/bihavadis.com\/index.php\/2026\/02\/27\/israfil-ucurum-aosb-baskan-adayi\/","title":{"rendered":"\u0130srafil U\u00e7urum AOSB Ba\u015fkan Aday\u0131"},"content":{"rendered":"<p> Adana Hac\u0131 Sabanc\u0131 Organize Sanayi B\u00f6lgesi&#8217;nde (AOSB) 10 \u015eubat&#8217;ta yap\u0131lacak se\u00e7imler \u00f6ncesinde sanayici kimli\u011fi, y\u00f6netsel deneyimi ve kat\u0131l\u0131mc\u0131 vizyonuyla \u00f6ne \u00e7\u0131kan Ba\u015fkan Aday\u0131 \u0130srafil U\u00e7urum, &#8220;Hep birlikte y\u00f6netmek, hep birlikte b\u00fcy\u00fcmek&#8221; anlay\u0131\u015f\u0131n\u0131 merkeze alan bir vizyon ile hizmete talip olduklar\u0131n\u0131 belirtti.<\/p>\n<p>AOSB&#8217;nin k\u00f6kl\u00fc ve g\u00fc\u00e7l\u00fc sanayi yap\u0131s\u0131n\u0131n simge firmalar\u0131 aras\u0131nda yer alan Bossa ve O\u011fuz Tekstil&#8217;in Y\u00f6netim Kurulu Ba\u015fkanl\u0131\u011f\u0131 g\u00f6revini y\u00fcr\u00fcten ve Adana Sanayi Odas\u0131 (ADASO) Meclis Ba\u015fkanl\u0131\u011f\u0131 g\u00f6revini 2014 y\u0131l\u0131ndan bu yana s\u00fcrd\u00fcren \u0130srafil U\u00e7urum, se\u00e7im yar\u0131\u015f\u0131nda \u00f6zellikle arsa, enerji ve y\u00f6neti\u015fim ba\u015fl\u0131klar\u0131nda ortaya koydu\u011fu net mesajlarla \u00f6ne \u00e7\u0131kt\u0131.<\/p>\n<p>2004-2010 y\u0131llar\u0131 ar\u0131s\u0131nda AOSB&#8217;nin y\u00f6netiminde g\u00f6rev alan, ba\u015fkanl\u0131k yapan ve bu g\u00f6revi kendi iste\u011fiyle devrederek kurumsal y\u00f6neti\u015fim anlay\u0131\u015f\u0131yla \u00f6rnek bir davran\u0131\u015f ortaya koyan \u0130srafil U\u00e7urum, g\u00fcneyin sanayi \u00fcss\u00fcn\u00fc yeniden T\u00fcrkiye&#8217;nin en g\u00fc\u00e7l\u00fc \u00fcretim merkezlerinden biri haline getirmek i\u00e7in ba\u015fkanl\u0131\u011fa talip oldu\u011funu vurgulad\u0131.<\/p>\n<p>\u0130srafil U\u00e7urum, &#8220;AOSB, Adana&#8217;n\u0131n sanayi haf\u0131zas\u0131, T\u00fcrkiye&#8217;nin ihracat g\u00fcc\u00fcn\u00fcn \u00f6nemli merkezlerinden biridir. Ben de bu b\u00f6lgenin i\u00e7inde yeti\u015fmi\u015f, yat\u0131r\u0131m\u0131n\u0131 AOSB&#8217;ye yapm\u0131\u015f, \u00fcretimin her a\u015famas\u0131n\u0131 birebir ya\u015fam\u0131\u015f bir sanayici olarak sorumluluk almaya talibim. \u00c7\u00fcnk\u00fc AOSB&#8217;nin yeniden ivme kazanmas\u0131, sanayicinin \u00f6n\u00fcn\u00fcn a\u00e7\u0131lmas\u0131 ve b\u00f6lgenin hak etti\u011fi yere ula\u015fmas\u0131 gerekti\u011fine inan\u0131yorum&#8221; dedi.<\/p>\n<p>&#8220;Vizyonumuzun temel s\u00fctunlar\u0131 \u015feffafl\u0131k, kat\u0131l\u0131mc\u0131l\u0131k ve kurumsall\u0131k&#8221;<\/p>\n<p>Y\u00f6netim vizyonunun merkezinde \u015feffafl\u0131k, kat\u0131l\u0131mc\u0131l\u0131k ve kurumsall\u0131k anlay\u0131\u015f\u0131n\u0131n yer ald\u0131\u011f\u0131n\u0131, ki\u015filere de\u011fil sisteme dayal\u0131 bir y\u00f6netim anlay\u0131\u015f\u0131 hedeflediklerini kaydeden \u0130srafil U\u00e7urum, &#8220;Farkl\u0131 sekt\u00f6rlerden 11 as\u0131l, 11 yedekten olu\u015fan g\u00fc\u00e7l\u00fc bir y\u00f6netim kurulu olu\u015fturduk. AOSB&#8217;deki sanayicilerin tevecc\u00fch\u00fc ile hizmet bayra\u011f\u0131n\u0131 devrald\u0131ktan sonra \u00f6nde gelen sanayicilerin yer alaca\u011f\u0131 bir de dan\u0131\u015fma kurulu olu\u015fturaca\u011f\u0131z. B\u00f6lgemizdeki sanayicileri karar s\u00fcre\u00e7lerine do\u011frudan dahil edece\u011fiz. Gen\u00e7 ve kad\u0131n sanayicilerimizi de OSB y\u00f6netimine entegre edece\u011fiz. AOSB&#8217;yi 500 sanayicimizle birlikte y\u00f6netmek istiyoruz. Herkes ne olup bitti\u011fini bilsin, s\u00f6z sahibi olsun. Bunu anlay\u0131\u015f\u0131n oturmas\u0131n\u0131 istiyoruz&#8221; diye konu\u015ftu.<\/p>\n<p>K\u00fcresel rekabetin giderek sertle\u015fti\u011fi bir d\u00f6nemde sanayicinin \u00fczerindeki maliyet bask\u0131s\u0131n\u0131n azalt\u0131lmas\u0131n\u0131n temel \u00f6ncelik olmas\u0131 gerekti\u011fini vurgulayan \u0130srafil U\u00e7urum, \u00f6zellikle ucuz ve temiz enerji konusuna dikkat \u00e7ekti. Y\u00f6netimleri d\u00f6neminde atm\u0131\u015f olduklar\u0131 ad\u0131mlar sayesinde bug\u00fcn OSB&#8217;de kullan\u0131lan elektri\u011fin ve do\u011falgaz\u0131n OSB d\u0131\u015f\u0131ndaki fabrikalara g\u00f6re daha ucuz olmas\u0131n\u0131 sa\u011flad\u0131klar\u0131n\u0131 kaydeden \u0130srafil U\u00e7urum, &#8220;\u015eimdi mevcudun \u00fczerine yenilerini ekleme zaman\u0131d\u0131r. G\u00f6reve gelir gelmez sanayicinin daha ucuz ve temiz enerji kullanabilmesi i\u00e7in bakanl\u0131klar ba\u015fta olmak \u00fczere ilgili t\u00fcm kurumlarla irtibata ge\u00e7ece\u011fiz. T\u00fcrkiye genelinde tar\u0131ma elveri\u015fsiz alanlarda enerji santrali projemizi hayata ge\u00e7irmek istiyoruz. B\u00f6ylelikle sanayiciye uygun maliyetli elektrik sa\u011flayaca\u011f\u0131z. Bu yat\u0131r\u0131mlar\u0131m\u0131z s\u0131n\u0131rda karbon d\u00fczenlemesi ba\u015fta olmak \u00fczere k\u00fcresel \u00e7evre standartlar\u0131n\u0131 da g\u00f6zeten stratejik yat\u0131r\u0131mlar olacak&#8221; ifadelerini kulland\u0131.<\/p>\n<p>Temel ama\u00e7lar\u0131n\u0131n AOSB&#8217;de \u00fcretim yapan sanayicinin rekabet g\u00fcc\u00fcn\u00fc art\u0131rmak, yat\u0131r\u0131m\u0131 te\u015fvik etmek ve b\u00f6lgeyi yeniden T\u00fcrkiye&#8217;nin \u00f6nc\u00fc sanayi merkezlerinden biri haline getirmek oldu\u011funu kaydeden \u0130srafil U\u00e7urum, &#8220;Elektrik, su, do\u011fal gaz ve OSB aidatlar\u0131nda maliyetleri a\u015fa\u011f\u0131 \u00e7ekecek d\u00fczenlemeler yapaca\u011f\u0131z. Sanayicinin d\u0131\u015f pazarlara eri\u015fimini kolayla\u015ft\u0131racak ihracat destek ofislerinin kurulmas\u0131n\u0131 sa\u011flayaca\u011f\u0131z. Nitelikli i\u015f g\u00fcc\u00fcne eri\u015fimi g\u00fc\u00e7lendirecek insan kaynaklar\u0131 destek mekanizmalar\u0131n\u0131 hayata ge\u00e7irece\u011fiz. Dijitalle\u015fme, yaz\u0131l\u0131m ve yeni nesil sanayi yat\u0131r\u0131mlar\u0131 i\u00e7in altyap\u0131y\u0131 g\u00fc\u00e7lendirece\u011fiz&#8221; dedi.<\/p>\n<p>&#8220;Sanayicilerin ortak \u00e7a\u011fr\u0131s\u0131 ve talebiyle ba\u015fkan aday\u0131 oldum&#8221;<\/p>\n<p>Ba\u015fkan adayl\u0131\u011f\u0131n\u0131n bir makam aray\u0131\u015f\u0131ndan de\u011fil, sanayicilerin ortak \u00e7a\u011fr\u0131s\u0131 ve talebiyle \u015fekillendi\u011fini vurgulayan \u0130srafil U\u00e7urum, y\u00f6netim anlay\u0131\u015f\u0131n\u0131n merkezine sorumluluk, \u015feffafl\u0131k ve hesap verebilirli\u011fi koyduklar\u0131n\u0131 ifade etti.<\/p>\n<p>Makamlar\u0131n hizmet arac\u0131 olarak g\u00f6r\u00fclmesi gerekti\u011fini dile getiren \u0130srafil U\u00e7urum, &#8220;Makam pe\u015finde de\u011filiz. Zaman\u0131nda AOSB Ba\u015fkanl\u0131\u011f\u0131n\u0131 kendi iste\u011fi ile b\u0131rakan biriyim. Adana Sanayi Odas\u0131 Meclis Ba\u015fkan\u0131 olarak odas\u0131n\u0131 sanayiciye hizmet \u00fcretmek i\u00e7in T\u00fcrk Eximbank&#8217;a veren bir anlay\u0131\u015fa sahibim&#8221; diye konu\u015ftu.<\/p>\n<p>En dikkat \u00e7ekici taahh\u00fctlerinden birinin de g\u00f6rev s\u00fcresi s\u0131n\u0131rlamas\u0131 oldu\u011funu belirten \u0130srafil U\u00e7urum, AOSB&#8217;de y\u00f6netim anlay\u0131\u015f\u0131n\u0131n kurumsalla\u015fmas\u0131 gerekti\u011fine dikkat \u00e7ekti. \u0130srafil U\u00e7urum, bu kapsamda ba\u015fkanl\u0131k g\u00f6rev s\u00fcresinin en fazla iki d\u00f6nemle s\u0131n\u0131rland\u0131r\u0131lmas\u0131na y\u00f6nelik prensip karar\u0131n\u0131n genel kurulda sanayicilerin oyuna sunulmas\u0131n\u0131 hedeflediklerini s\u00f6yledi.<\/p>\n<p>AOSB&#8217;nin bug\u00fcn \u00e7\u00f6z\u00fcm bekleyen en \u00f6nemli sorunlar\u0131n\u0131n ba\u015f\u0131nda arsa \u00fcretimi ve yat\u0131r\u0131m s\u00fcre\u00e7lerinde ya\u015fanan t\u0131kan\u0131kl\u0131klar\u0131n geldi\u011fini s\u00f6yleyen \u0130srafil U\u00e7urum, daha sonra \u015funlar\u0131 s\u00f6yledi: <\/p>\n<p>&#8220;Y\u0131llard\u0131r \u00f6n tahsisi yap\u0131lm\u0131\u015f ancak yat\u0131r\u0131ma d\u00f6n\u00fc\u015fmemi\u015f alanlar, teslim tarihleri belirsiz projeler ve sanayicinin kullanamad\u0131\u011f\u0131 ciddi bir kaynak s\u00f6z konusu. Sanayici arsa istiyor. \u00d6n tahsis yap\u0131lm\u0131\u015f ama arsa sanayiciye yat\u0131r\u0131m i\u00e7in teslim edilmedi\u011fi gibi alt yap\u0131 yat\u0131r\u0131mlar\u0131 dahi yap\u0131lmam\u0131\u015f alanlar mevcut. G\u00f6reve gelir gelmez en \u00f6ncelikli i\u015fimiz, arsa \u00fcretimini h\u0131zland\u0131rmak, altyap\u0131lar\u0131 tamamlamak ve t\u00fcm s\u00fcre\u00e7leri \u015feffaf, takvime ba\u011fl\u0131 ve denetlenebilir hale getirmek olacakt\u0131r. AOSB, bir d\u00f6nem T\u00fcrkiye&#8217;nin en b\u00fcy\u00fck ve en g\u00fc\u00e7l\u00fc 2&#8217;nci OSB&#8217;si iken ancak bug\u00fcn geldi\u011fimiz noktada ilk 15 i\u00e7ine dahi giremiyor. Do\u011fru y\u00f6netim, g\u00fc\u00e7l\u00fc vizyon ve sanayicinin deste\u011fiyle AOSB&#8217;yi yeniden T\u00fcrkiye&#8217;nin ilk \u00fc\u00e7 organize sanayi b\u00f6lgesi aras\u0131na ta\u015f\u0131mak m\u00fcmk\u00fcnd\u00fcr. Ben bu sorumlulu\u011fu almaya, AOSB&#8217;yi birlikte y\u00f6netmeye ve \u00fcretimin g\u00fcc\u00fcn\u00fc yeniden zirveye ta\u015f\u0131maya haz\u0131r\u0131m.&#8221; &#8211; ADANA<\/p>\n","protected":false},"excerpt":{"rendered":"<p>\u0130srafil U\u00e7urum, AOSB i\u00e7in &#8216;Hep birlikte y\u00f6netmek, hep birlikte b\u00fcy\u00fcmek&#8217; vizyonuyla aday oldu\u011funu a\u00e7\u0131klad\u0131.<\/p>\n","protected":false},"author":1,"featured_media":51709,"comment_status":"open","ping_status":"open","sticky":false,"template":"","format":"standard","meta":{"footnotes":""},"categories":[8],"tags":[6561,516,374,216,369],"class_list":["post-51708","post","type-post","status-publish","format-standard","has-post-thumbnail","hentry","category-ekonomi","tag-aosb","tag-baskan","tag-sanayi","tag-yatirim","tag-yonetim"],"_links":{"self":[{"href":"https:\/\/bihavadis.com\/index.php\/wp-json\/wp\/v2\/posts\/51708","targetHints":{"allow":["GET"]}}],"collection":[{"href":"https:\/\/bihavadis.com\/index.php\/wp-json\/wp\/v2\/posts"}],"about":[{"href":"https:\/\/bihavadis.com\/index.php\/wp-json\/wp\/v2\/types\/post"}],"author":[{"embeddable":true,"href":"https:\/\/bihavadis.com\/index.php\/wp-json\/wp\/v2\/users\/1"}],"replies":[{"embeddable":true,"href":"https:\/\/bihavadis.com\/index.php\/wp-json\/wp\/v2\/comments?post=51708"}],"version-history":[{"count":1,"href":"https:\/\/bihavadis.com\/index.php\/wp-json\/wp\/v2\/posts\/51708\/revisions"}],"predecessor-version":[{"id":51710,"href":"https:\/\/bihavadis.com\/index.php\/wp-json\/wp\/v2\/posts\/51708\/revisions\/51710"}],"wp:featuredmedia":[{"embeddable":true,"href":"https:\/\/bihavadis.com\/index.php\/wp-json\/wp\/v2\/media\/51709"}],"wp:attachment":[{"href":"https:\/\/bihavadis.com\/index.php\/wp-json\/wp\/v2\/media?parent=51708"}],"wp:term":[{"taxonomy":"category","embeddable":true,"href":"https:\/\/bihavadis.com\/index.php\/wp-json\/wp\/v2\/categories?post=51708"},{"taxonomy":"post_tag","embeddable":true,"href":"https:\/\/bihavadis.com\/index.php\/wp-json\/wp\/v2\/tags?post=51708"}],"curies":[{"name":"wp","href":"https:\/\/api.w.org\/{rel}","templated":true}]}}