{"id":51766,"date":"2026-02-27T20:24:09","date_gmt":"2026-02-27T20:24:09","guid":{"rendered":"https:\/\/bihavadis.com\/?p=51766"},"modified":"2026-02-27T20:24:09","modified_gmt":"2026-02-27T20:24:09","slug":"hataydaki-deprem-anilari","status":"publish","type":"post","link":"https:\/\/bihavadis.com\/index.php\/2026\/02\/27\/hataydaki-deprem-anilari\/","title":{"rendered":"Hatay&#8217;daki Deprem An\u0131lar\u0131"},"content":{"rendered":"<p> Hatay&#8217;da 6 \u015eubat 2023&#8217;teki depremlere \u00e7al\u0131\u015ft\u0131\u011f\u0131 s\u0131rada yakalanan ve ka\u00e7\u0131\u015f an\u0131 g\u00fcvenlik kameras\u0131nca kaydedilen \u0130smail Aslan, aradan ge\u00e7en 3 y\u0131la ra\u011fmen o g\u00fcn\u00fc unutam\u0131yor.<\/p>\n<p>Kahramanmara\u015f&#8217;\u0131n Pazarc\u0131k il\u00e7esinde 6 \u015eubat 2023&#8217;te saat 04.17&#8217;de meydana gelen 7,7 b\u00fcy\u00fckl\u00fc\u011f\u00fcndeki depreme ili\u015fkin yeni g\u00fcvenlik kameras\u0131 g\u00f6r\u00fcnt\u00fcs\u00fc ortaya \u00e7\u0131kt\u0131.<\/p>\n<p> Alt\u0131n\u00f6z\u00fc Belediyesinin hizmet binas\u0131ndaki g\u00fcvenlik kameras\u0131nca kaydedilen g\u00f6r\u00fcnt\u00fcde iki personelin sars\u0131nt\u0131yla kendilerini g\u00fc\u00e7l\u00fckle d\u0131\u015far\u0131 atmalar\u0131 yer al\u0131yor.<\/p>\n<p>&#8220;\u0130lk ba\u015fta olay\u0131n Alt\u0131n\u00f6z\u00fc&#8217;nden ibaret oldu\u011funu d\u00fc\u015f\u00fcnd\u00fck&#8221;<\/p>\n<p>G\u00f6r\u00fcnt\u00fcde yer alanlardan Alt\u0131n\u00f6z\u00fc Belediyesi Gen\u00e7lik Meclisi Ba\u015fkan\u0131 \u0130smail Aslan (24), AA muhabirine, o anlar\u0131 aradan ge\u00e7en 3 y\u0131la ra\u011fmen hi\u00e7 unutamad\u0131\u011f\u0131n\u0131 s\u00f6yledi.<\/p>\n<p>Depremlere masas\u0131nda \u00e7al\u0131\u015ft\u0131\u011f\u0131 s\u0131rada yakaland\u0131\u011f\u0131n\u0131 anlatan Aslan, \u015f\u00f6yle devam etti: <\/p>\n<p>&#8220;O gece mesai arkada\u015f\u0131mla beraber g\u00f6revdeydik. Birden sallant\u0131y\u0131 hissetmeye ba\u015flad\u0131k. \u0130lk ba\u015fta anlam veremedik, ard\u0131ndan da i\u00e7imizden bir ses d\u0131\u015far\u0131 \u00e7\u0131kmam\u0131z gerekti\u011fini s\u00f6yledi. D\u0131\u015far\u0131 \u00e7\u0131kaca\u011f\u0131m\u0131z s\u0131rada sallant\u0131 artmaya ba\u015flad\u0131. Kendimi duvara yaslad\u0131m ve mesai arkada\u015f\u0131ma seslendim. Elektrikler gitti, kap\u0131y\u0131 a\u00e7arak d\u0131\u015far\u0131 \u00e7\u0131kt\u0131k.&#8221;<\/p>\n<p>Aslan, bina d\u0131\u015f\u0131na \u00e7\u0131kt\u0131klar\u0131nda da panik ortam\u0131yla kar\u015f\u0131la\u015ft\u0131klar\u0131n\u0131 dile getirdi.<\/p>\n<p>O anlar\u0131n halen g\u00f6z\u00fcn\u00fcn \u00f6n\u00fcnde oldu\u011funu anlatan Aslan, \u015f\u00f6yle konu\u015ftu: <\/p>\n<p>&#8220;Birden karanl\u0131k gecenin sessizli\u011fi \u00e7\u0131\u011fl\u0131klara b\u00fcr\u00fcnd\u00fc. Her yerden \u00e7\u0131\u011fl\u0131klar y\u00fckselmeye ba\u015flad\u0131. \u0130lk ba\u015fta olay\u0131n Alt\u0131n\u00f6z\u00fc&#8217;nden ibaret oldu\u011funu d\u00fc\u015f\u00fcnd\u00fck, sonradan Antakya ve di\u011fer illerimizde de oldu\u011funu fark ettik. Depremin her seneidevriyesinde o g\u00f6r\u00fcnt\u00fcleri izliyorum ve g\u00f6zlerim doluyor \u00e7ok farkl\u0131 bir g\u00fcnd\u00fc.&#8221;<\/p>\n<p>Aslan, afetin ard\u0131ndan kentte sosyal destek projeleri y\u00fcr\u00fcterek depremzedelere katk\u0131 sa\u011flamaya \u00e7al\u0131\u015ft\u0131klar\u0131n\u0131 s\u00f6yledi.<\/p>\n","protected":false},"excerpt":{"rendered":"<p>\u0130smail Aslan, 6 \u015eubat 2023 depremini unutam\u0131yor; o anlar\u0131 her y\u0131l tekrar ya\u015f\u0131yor.<\/p>\n","protected":false},"author":1,"featured_media":51767,"comment_status":"open","ping_status":"open","sticky":false,"template":"","format":"standard","meta":{"footnotes":""},"categories":[9,4,13],"tags":[1730],"class_list":["post-51766","post","type-post","status-publish","format-standard","has-post-thumbnail","hentry","category-genel","category-gundem","category-son-dakika","tag-aslan"],"_links":{"self":[{"href":"https:\/\/bihavadis.com\/index.php\/wp-json\/wp\/v2\/posts\/51766","targetHints":{"allow":["GET"]}}],"collection":[{"href":"https:\/\/bihavadis.com\/index.php\/wp-json\/wp\/v2\/posts"}],"about":[{"href":"https:\/\/bihavadis.com\/index.php\/wp-json\/wp\/v2\/types\/post"}],"author":[{"embeddable":true,"href":"https:\/\/bihavadis.com\/index.php\/wp-json\/wp\/v2\/users\/1"}],"replies":[{"embeddable":true,"href":"https:\/\/bihavadis.com\/index.php\/wp-json\/wp\/v2\/comments?post=51766"}],"version-history":[{"count":1,"href":"https:\/\/bihavadis.com\/index.php\/wp-json\/wp\/v2\/posts\/51766\/revisions"}],"predecessor-version":[{"id":51768,"href":"https:\/\/bihavadis.com\/index.php\/wp-json\/wp\/v2\/posts\/51766\/revisions\/51768"}],"wp:featuredmedia":[{"embeddable":true,"href":"https:\/\/bihavadis.com\/index.php\/wp-json\/wp\/v2\/media\/51767"}],"wp:attachment":[{"href":"https:\/\/bihavadis.com\/index.php\/wp-json\/wp\/v2\/media?parent=51766"}],"wp:term":[{"taxonomy":"category","embeddable":true,"href":"https:\/\/bihavadis.com\/index.php\/wp-json\/wp\/v2\/categories?post=51766"},{"taxonomy":"post_tag","embeddable":true,"href":"https:\/\/bihavadis.com\/index.php\/wp-json\/wp\/v2\/tags?post=51766"}],"curies":[{"name":"wp","href":"https:\/\/api.w.org\/{rel}","templated":true}]}}