{"id":51819,"date":"2026-02-27T20:57:05","date_gmt":"2026-02-27T20:57:05","guid":{"rendered":"https:\/\/bihavadis.com\/?p=51819"},"modified":"2026-02-27T20:57:05","modified_gmt":"2026-02-27T20:57:05","slug":"yunanistan-bu-kez-de-iskembe-corbasina-gozunu-dikti","status":"publish","type":"post","link":"https:\/\/bihavadis.com\/index.php\/2026\/02\/27\/yunanistan-bu-kez-de-iskembe-corbasina-gozunu-dikti\/","title":{"rendered":"Yunanistan bu kez de i\u015fkembe \u00e7orbas\u0131na g\u00f6z\u00fcn\u00fc dikti"},"content":{"rendered":"<p>Baklava, cac\u0131k, d\u00f6ner, yo\u011furt derken \u015fimdi de i\u015fkembe \u00e7orbas\u0131&#8230;<\/p>\n<p>Yunanistan bu kez de T\u00fcrk lezzetlerinden i\u015fkembe \u00e7orbas\u0131n\u0131 sahiplenen bir ad\u0131m att\u0131.<\/p>\n<p>Yunan ah\u00e7\u0131lar, T\u00fcrkiye&#8217;de sevilen ve <span>&#8220;do\u011fal antibiyotik&#8221;olarak da an\u0131lan i\u015fkembe<\/span>\u00a0\u00e7orbas\u0131n\u0131n kendilerine ait oldu\u011funu savundu.<\/p>\n<p>Yunan bas\u0131n\u0131na g\u00f6re &#8220;Patsas&#8221; diye adland\u0131r\u0131lan i\u015fkembe \u00e7orbas\u0131n\u0131n &#8220;Yunan&#8221; olarak tescilletmek i\u00e7in Selanik&#8217;te bir ad\u0131m at\u0131ld\u0131.\u00a0<\/p>\n<p><strong>S\u00dcRE\u00c7 \u0130K\u0130 YIL \u00d6NCE BA\u015eLADI<\/strong><\/p>\n<p>Yunanl\u0131lara g\u00f6re s\u00fcre\u00e7, sessiz sedas\u0131z 2 y\u0131l \u00f6nce ba\u015flad\u0131. \u015eu.at 2024&#8217;te detayl\u0131 bir dosya haz\u0131rlayan Yunanistan, &#8220;i\u015fkembe \u00e7orbas\u0131 bizim&#8221; diyerek tescilini talep etti.<\/p>\n<p>Yunan K\u00fclt\u00fcr Bakanl\u0131\u011f\u0131 i\u015fkembe \u00e7orbas\u0131n\u0131 Somut Olmayan K\u00fclt\u00fcrel Miras ve K\u00fclt\u00fcrel \u0130li\u015fkiler Dairesi&#8217;ne sunuldu.<\/p>\n<p>Yunanistan K\u00fclt\u00fcr Bakanl\u0131\u011f\u0131&#8217;n\u0131n son onay\u0131ndan sonra dosya UNESCO&#8217;ya iletilecek.<\/p>\n<p>Bug\u00fcnlerde Yunanistan bas\u0131n\u0131nda g\u00fcndeme gelen ba\u015fvuru, T\u00fcrkiye&#8217;den de yak\u0131ndan takip ediliyor.<\/p>\n<p><img decoding=\"async\" src=\"https:\/\/bihavadis.com\/wp-content\/uploads\/2026\/02\/yunanistan-bu-kez-de-iskembe-corbasina-gozunu-dikti-0-5pidV1z7.jpg\"\/><\/p>\n<p><strong>\u0130\u015eKEMBEN\u0130N ANADOLU&#8217;DAK\u0130 GE\u00c7M\u0130\u015e\u0130 \u00c7OK ESK\u0130LERE DAYANIYOR<\/strong><\/p>\n<p>\u0130\u015fkembe \u00e7orbas\u0131n\u0131n Anadolu&#8217;daki ge\u00e7mi\u015fi, \u00e7ok eski d\u00f6neme uzan\u0131yor.<\/p>\n<p>Evliya \u00c7elebi&#8217;nin, Seyahatname&#8217;sinde \u0130stanbul&#8217;da \u00e7ar\u015f\u0131 hayat\u0131n\u0131 anlat\u0131rken i\u015fkembeci ve pa\u00e7ac\u0131 esnaf\u0131ndan da s\u00f6z etti\u011fi biliniyor.<\/p>\n<p><span>Osmanl\u0131 mutfa\u011f\u0131 \u00fczerine yap\u0131lan akademik \u00e7al\u0131\u015fmalarda da sakatat t\u00fcketiminin saray mutfa\u011f\u0131ndan halk mutfa\u011f\u0131na kadar geni\u015f bir yelpazede yer ald\u0131\u011f\u0131n\u0131 kan\u0131tl\u0131yor.<\/span><\/p>\n<p><span>Bu kay\u0131tlar, i\u015fkembe gelene\u011finin en az 17. y\u00fczy\u0131lda Osmanl\u0131 \u015fehir ya\u015fam\u0131nda yer edindi\u011fini g\u00f6steriyor.<\/span><\/p>\n<p><strong>&#8220;\u0130\u015eKEMBE, DOM\u0130NANT KULT\u00dcR OLARAK T\u00dcRKLERE A\u0130T&#8221;<\/strong><\/p>\n<p>Gastronom Recep \u0130ncecik, konu hakk\u0131nda Habert\u00fcrk TV&#8217;ye yapt\u0131\u011f\u0131 a\u00e7\u0131klamada, <b><em>&#8220;\u0130\u015fkembeye sahip \u00e7\u0131kmalar\u0131 g\u00fczel bir \u015fey ama dominant k\u00fclt\u00fcr olarak bize ait ve i\u015fkembeyi asla Yunanl\u0131lar alamaz.&#8221; <\/em><\/b>dedi ve Osmanl\u0131 d\u00f6neminde i\u015fkembenin gayrim\u00fcslimler taraf\u0131ndan yap\u0131ld\u0131\u011f\u0131n\u0131 aktard\u0131.<\/p>\n","protected":false},"excerpt":{"rendered":"<p>Yunanistan, T\u00fcrkiye&#8217;nin geleneksel yiyeceklerine ve lezzetlerini sahiplenmeye devam ediyor. Yunanistan, i\u015fkembe \u00e7orbas\u0131n\u0131 UNESCO&#8217;nun Somut Olmayan K\u00fclt\u00fcrel Miras\u0131 olarak tescil ettirmek i\u00e7in harekete ge\u00e7ti.<\/p>\n","protected":false},"author":1,"featured_media":51820,"comment_status":"open","ping_status":"open","sticky":false,"template":"","format":"standard","meta":{"footnotes":""},"categories":[8],"tags":[6580,6579,121,1328],"class_list":["post-51819","post","type-post","status-publish","format-standard","has-post-thumbnail","hentry","category-ekonomi","tag-corbasini","tag-iskembe","tag-kultur","tag-yunan"],"_links":{"self":[{"href":"https:\/\/bihavadis.com\/index.php\/wp-json\/wp\/v2\/posts\/51819","targetHints":{"allow":["GET"]}}],"collection":[{"href":"https:\/\/bihavadis.com\/index.php\/wp-json\/wp\/v2\/posts"}],"about":[{"href":"https:\/\/bihavadis.com\/index.php\/wp-json\/wp\/v2\/types\/post"}],"author":[{"embeddable":true,"href":"https:\/\/bihavadis.com\/index.php\/wp-json\/wp\/v2\/users\/1"}],"replies":[{"embeddable":true,"href":"https:\/\/bihavadis.com\/index.php\/wp-json\/wp\/v2\/comments?post=51819"}],"version-history":[{"count":1,"href":"https:\/\/bihavadis.com\/index.php\/wp-json\/wp\/v2\/posts\/51819\/revisions"}],"predecessor-version":[{"id":51822,"href":"https:\/\/bihavadis.com\/index.php\/wp-json\/wp\/v2\/posts\/51819\/revisions\/51822"}],"wp:featuredmedia":[{"embeddable":true,"href":"https:\/\/bihavadis.com\/index.php\/wp-json\/wp\/v2\/media\/51820"}],"wp:attachment":[{"href":"https:\/\/bihavadis.com\/index.php\/wp-json\/wp\/v2\/media?parent=51819"}],"wp:term":[{"taxonomy":"category","embeddable":true,"href":"https:\/\/bihavadis.com\/index.php\/wp-json\/wp\/v2\/categories?post=51819"},{"taxonomy":"post_tag","embeddable":true,"href":"https:\/\/bihavadis.com\/index.php\/wp-json\/wp\/v2\/tags?post=51819"}],"curies":[{"name":"wp","href":"https:\/\/api.w.org\/{rel}","templated":true}]}}