{"id":51847,"date":"2026-02-27T21:21:10","date_gmt":"2026-02-27T21:21:10","guid":{"rendered":"https:\/\/bihavadis.com\/?p=51847"},"modified":"2026-02-27T21:21:10","modified_gmt":"2026-02-27T21:21:10","slug":"ahmet-suat-ozyazici-mezari-basinda-anildi","status":"publish","type":"post","link":"https:\/\/bihavadis.com\/index.php\/2026\/02\/27\/ahmet-suat-ozyazici-mezari-basinda-anildi\/","title":{"rendered":"Ahmet Suat \u00d6zyaz\u0131c\u0131, mezar\u0131 ba\u015f\u0131nda an\u0131ld\u0131"},"content":{"rendered":"<p>Trabzonspor&#8217;un unutulmayan teknik direkt\u00f6rlerinden Ahmet Suat \u00d6zyaz\u0131c\u0131, vefat\u0131n\u0131n 3. y\u0131l d\u00f6n\u00fcm\u00fcnde mezar\u0131 ba\u015f\u0131nda an\u0131ld\u0131.<\/p>\n<p>Bordo-mavili kul\u00fcb\u00fcn asba\u015fkan\u0131 Zeyyat Kafkas, genel sayman\u0131 Dervi\u015f K\u00f6z, divan ba\u015fkanl\u0131k kurulu Ba\u015fkan\u0131 Mahmut \u00d6ren, \u0130dmanoca\u011f\u0131 Kul\u00fcb\u00fc y\u00f6neticileri ve ailesi, \u00d6zyaz\u0131c\u0131&#8217;n\u0131n S\u00fcl\u00fckl\u00fc Mezarl\u0131\u011f\u0131&#8217;ndaki mezar\u0131 ba\u015f\u0131nda bir araya geldi.<\/p>\n<p>Kur&#8217;an-\u0131 Kerim tilavetiyle ba\u015flayan anma program\u0131, dualarla devam etti.<\/p>\n<p><img decoding=\"async\" src=\"https:\/\/bihavadis.com\/wp-content\/uploads\/2026\/02\/ahmet-suat-ozyazici-mezari-basinda-anildi-0-igZu4BNw.jpg\"\/><\/p>\n<p><strong>&#8220;NE S\u00d6YLESEK MUTLAKA AZ KALACAKTIR&#8221;<\/strong><\/p>\n<p>Kafkas, \u00d6zyaz\u0131c\u0131&#8217;n\u0131n Trabzonspor&#8217;un bir\u00e7ok ba\u015far\u0131s\u0131nda pay sahibi oldu\u011funu s\u00f6yledi.<\/p>\n<p>\u00d6zyaz\u0131c\u0131&#8217;n\u0131n \u00f6rnek bir sporcu ve teknik direkt\u00f6r oldu\u011funu belirten Kafkas, <em><b>&#8220;Hocam\u0131z i\u00e7in ne s\u00f6ylesek mutlaka eksik kalacakt\u0131r. Kendisini izleyenler, usta ayakl\u0131 bir futbolcu oldu\u011funu da s\u00f6ylerler. Biz teknik direkt\u00f6rl\u00fc\u011f\u00fcn\u00fc ya\u015fayabildik. Trabzonspor&#8217;da 5 \u015fampiyonlukta pay\u0131 var, 18 kupa sahibi. Spor adaml\u0131\u011f\u0131n\u0131n yan\u0131 s\u0131ra ki\u015fili\u011fiyle de her zaman \u00f6n plana \u00e7\u0131km\u0131\u015ft\u0131r.&#8221; <\/b><\/em>dedi.<\/p>\n<p><img decoding=\"async\" src=\"https:\/\/bihavadis.com\/wp-content\/uploads\/2026\/02\/ahmet-suat-ozyazici-mezari-basinda-anildi-1-MjfXSNjO.jpg\"\/><\/p>\n<p><strong>&#8220;\u00c7OK \u0130Y\u0130 B\u0130R BABAYDI&#8221;<\/strong><\/p>\n<p>\u00d6zyaz\u0131c\u0131&#8217;n\u0131n o\u011flu Hakan \u00d6zyaz\u0131c\u0131 da <em><b>&#8220;Ahmet Suat \u00d6zyaz\u0131c\u0131 \u00e7ok iyi bir futbolcu, iyi bir antren\u00f6r ve \u00e7ok iyi bir babayd\u0131. Bug\u00fcn d\u00fcnyan\u0131n her yerinde bir Trabzonsporlu varsa d\u00fcnyada en b\u00fcy\u00fck \u015fehir tak\u0131m\u0131 Trabzonspor ise bu onun ve arkada\u015flar\u0131n\u0131n sayesinde olmu\u015ftur.&#8221;<\/b><\/em> diye konu\u015ftu.<\/p>\n<p>Kafkas ve \u00d6ren, \u00d6zyaz\u0131c\u0131&#8217;n\u0131n mezar\u0131na \u00e7i\u00e7ek b\u0131rakt\u0131.<\/p>\n<p><img decoding=\"async\" src=\"https:\/\/bihavadis.com\/wp-content\/uploads\/2026\/02\/ahmet-suat-ozyazici-mezari-basinda-anildi-2-gpglJCUC.jpg\"\/><\/p>\n","protected":false},"excerpt":{"rendered":"<p>Trabzonspor&#8217;un y\u00f6neticileri, Ahmet Suat \u00d6zyaz\u0131c\u0131&#8217;n\u0131n S\u00fcl\u00fckl\u00fc Mezarl\u0131\u011f\u0131&#8217;ndaki mezar\u0131 ba\u015f\u0131nda bir araya geldi.<\/p>\n","protected":false},"author":1,"featured_media":51848,"comment_status":"open","ping_status":"open","sticky":false,"template":"","format":"standard","meta":{"footnotes":""},"categories":[14],"tags":[1799],"class_list":["post-51847","post","type-post","status-publish","format-standard","has-post-thumbnail","hentry","category-spor","tag-trabzonspor"],"_links":{"self":[{"href":"https:\/\/bihavadis.com\/index.php\/wp-json\/wp\/v2\/posts\/51847","targetHints":{"allow":["GET"]}}],"collection":[{"href":"https:\/\/bihavadis.com\/index.php\/wp-json\/wp\/v2\/posts"}],"about":[{"href":"https:\/\/bihavadis.com\/index.php\/wp-json\/wp\/v2\/types\/post"}],"author":[{"embeddable":true,"href":"https:\/\/bihavadis.com\/index.php\/wp-json\/wp\/v2\/users\/1"}],"replies":[{"embeddable":true,"href":"https:\/\/bihavadis.com\/index.php\/wp-json\/wp\/v2\/comments?post=51847"}],"version-history":[{"count":1,"href":"https:\/\/bihavadis.com\/index.php\/wp-json\/wp\/v2\/posts\/51847\/revisions"}],"predecessor-version":[{"id":51852,"href":"https:\/\/bihavadis.com\/index.php\/wp-json\/wp\/v2\/posts\/51847\/revisions\/51852"}],"wp:featuredmedia":[{"embeddable":true,"href":"https:\/\/bihavadis.com\/index.php\/wp-json\/wp\/v2\/media\/51848"}],"wp:attachment":[{"href":"https:\/\/bihavadis.com\/index.php\/wp-json\/wp\/v2\/media?parent=51847"}],"wp:term":[{"taxonomy":"category","embeddable":true,"href":"https:\/\/bihavadis.com\/index.php\/wp-json\/wp\/v2\/categories?post=51847"},{"taxonomy":"post_tag","embeddable":true,"href":"https:\/\/bihavadis.com\/index.php\/wp-json\/wp\/v2\/tags?post=51847"}],"curies":[{"name":"wp","href":"https:\/\/api.w.org\/{rel}","templated":true}]}}