{"id":51865,"date":"2026-02-27T21:36:11","date_gmt":"2026-02-27T21:36:11","guid":{"rendered":"https:\/\/bihavadis.com\/?p=51865"},"modified":"2026-02-27T21:36:11","modified_gmt":"2026-02-27T21:36:11","slug":"antalyada-cinayet-suphelisinden-saldiriya-ugradim-iddiasi-kendimi-savundum","status":"publish","type":"post","link":"https:\/\/bihavadis.com\/index.php\/2026\/02\/27\/antalyada-cinayet-suphelisinden-saldiriya-ugradim-iddiasi-kendimi-savundum\/","title":{"rendered":"Antalya&#8217;da cinayet \u015f\u00fcphelisinden &#8216;Sald\u0131r\u0131ya u\u011frad\u0131m&#8217; iddias\u0131: Kendimi savundum"},"content":{"rendered":"<p>Antalya&#8217;n\u0131n Konyaalt\u0131 il\u00e7esinde ya\u015fayan 26 ya\u015f\u0131ndaki \u0130lhan \u00c7obano\u011flu, bir s\u00fcre \u00f6nce internetten tan\u0131\u015ft\u0131\u011f\u0131 21 ya\u015f\u0131ndaki Yunus Emre \u00c7etin&#8217;i evine davet etti.<\/p>\n<p>Ak\u015fam saatlerinde bir araya gelen \u00c7obano\u011flu ve Yunus Emre \u00c7etin aras\u0131nda, hen\u00fcz bilinmeyen nedenle tart\u0131\u015fma \u00e7\u0131kt\u0131.<\/p>\n<p><strong>MUTFAKTAN ALDI\u011eI BI\u00c7AKLA SALDIRDI<\/strong><\/p>\n<p>Tart\u0131\u015fma kavgaya d\u00f6n\u00fc\u015f\u00fcrken \u00c7etin, mutfaktan ald\u0131\u011f\u0131 b\u0131\u00e7akla \u00c7obano\u011flu&#8217;nu y\u00fcz\u00fcnden ve s\u0131rt\u0131ndan b\u0131\u00e7aklad\u0131.<\/p>\n<p>\u00c7obano\u011flu a\u011f\u0131r yaralan\u0131rken, \u015f\u00fcpheli ka\u00e7t\u0131.<\/p>\n<p>\u00c7obano\u011flu&#8217;ndan haber alamay\u0131p eve gelen arkada\u015flar\u0131, kap\u0131 a\u00e7\u0131lmay\u0131nca durumu 112 Acil \u00c7a\u011fr\u0131 Merkezi&#8217;ne bildirdi.<\/p>\n<p><img decoding=\"async\" src=\"https:\/\/bihavadis.com\/wp-content\/uploads\/2026\/02\/antalyada-cinayet-suphelisinden-saldiriya-ugradim-iddiasi-kendimi-savundum-0-b4xkdS28.jpg\"\/><\/p>\n<p><strong>OLAY YER\u0130NDE HAYATINI KAYBETT\u0130<\/strong><\/p>\n<p>\u0130\u00e7eri giren ekipler, evde kanlar i\u00e7erisinde hareketsiz halde bulunan \u00c7obano\u011flu&#8217;nun hayat\u0131n\u0131 kaybetti\u011fini belirledi.<\/p>\n<p>Olay yeri inceleme ekipleri, dairede ve apartman \u00e7evresinde detayl\u0131 \u00e7al\u0131\u015fma yapt\u0131.<\/p>\n<p><img decoding=\"async\" src=\"https:\/\/bihavadis.com\/wp-content\/uploads\/2026\/02\/antalyada-cinayet-suphelisinden-saldiriya-ugradim-iddiasi-kendimi-savundum-1-ZjmrYZvf.jpg\"\/><\/p>\n<p><strong>\u00c7OK SAYIDA BI\u00c7AK DARBES\u0130 TESP\u0130T ED\u0130LD\u0130<\/strong><\/p>\n<p>\u0130lhan \u00c7obano\u011flu&#8217;nun v\u00fccudunun \u00e7e\u015fitli yerlerinde, \u00e7ok say\u0131da b\u0131\u00e7ak darbesi oldu\u011fu tespit edildi.<\/p>\n<p>Cans\u0131z beden, otopsi yap\u0131lmak \u00fczere Antalya Adli T\u0131p Kurumu morguna g\u00f6t\u00fcr\u00fcld\u00fc.<\/p>\n<p><strong>2 SAAT \u0130\u00c7ER\u0130S\u0130NDE YAKALANDI<\/strong><\/p>\n<p>Antalya Emniyet M\u00fcd\u00fcrl\u00fc\u011f\u00fc Asayi\u015f \u015eube M\u00fcd\u00fcrl\u00fc\u011f\u00fc Cinayet B\u00fcro Amirli\u011fi ekipleri, g\u00fcvenlik kameras\u0131 g\u00f6r\u00fcnt\u00fclerini inceleyerek \u015f\u00fcphelinin ka\u00e7\u0131\u015f g\u00fczergah\u0131n\u0131 belirledi.<\/p>\n<p>Yunus Emre \u00c7etin, olaydan yakla\u015f\u0131k 2 saat sonra Aksu il\u00e7esinde yakaland\u0131.<\/p>\n<p><img decoding=\"async\" src=\"https:\/\/bihavadis.com\/wp-content\/uploads\/2026\/02\/antalyada-cinayet-suphelisinden-saldiriya-ugradim-iddiasi-kendimi-savundum-2-SJIf6new.jpg\"\/><\/p>\n<p><strong>\u00c7IKARILDI\u011eI MAHKEMEDE TUTUKLANARAK CEZAEV\u0130NE G\u00d6NDER\u0130LD\u0130<\/strong><\/p>\n<p>Emniyette ifade i\u015flemleri tamamlanan \u00c7etin, bug\u00fcn sa\u011fl\u0131k kontrol\u00fcnden ge\u00e7irildi.<\/p>\n<p>Daha sonra adliyeye sevk edilen \u00c7etin, &#8216;kasten \u00f6ld\u00fcrme&#8217; su\u00e7lamas\u0131yla tutukland\u0131.<\/p>\n<p><img decoding=\"async\" src=\"https:\/\/bihavadis.com\/wp-content\/uploads\/2026\/02\/antalyada-cinayet-suphelisinden-saldiriya-ugradim-iddiasi-kendimi-savundum-3-TSSPt8hj.jpg\"\/><\/p>\n<p><strong>C\u0130NAYET\u0130 \u0130\u015eLED\u0130\u011e\u0130N\u0130 KABUL ETT\u0130<\/strong><\/p>\n<p>Emniyetteki ifadesinde cinayeti i\u015fledi\u011fini kabul eden Yunus Emre \u00c7etin&#8217;in, \u015funlar\u0131 s\u00f6yledi\u011fi \u00f6\u011frenildi:<\/p>\n<p><em><b>&#8220;Evden i\u00e7eri girer girmez \u0130lhan, b\u0131\u00e7akla bana sald\u0131rd\u0131. Bo\u011fu\u015funca b\u0131\u00e7ak yere d\u00fc\u015ft\u00fc. Kendimi savunmak i\u00e7in b\u0131\u00e7a\u011f\u0131 al\u0131p vurdum ve ka\u00e7t\u0131m.&#8221;<\/b><\/em><\/p>\n<p><img decoding=\"async\" src=\"https:\/\/bihavadis.com\/wp-content\/uploads\/2026\/02\/antalyada-cinayet-suphelisinden-saldiriya-ugradim-iddiasi-kendimi-savundum-4-cczy9cQq.jpg\"\/><\/p>\n","protected":false},"excerpt":{"rendered":"<p>Konyaalt\u0131 il\u00e7esinde \u00e7\u0131kan tart\u0131\u015fmada internetten tan\u0131\u015ft\u0131\u011f\u0131 \u0130lhan \u00c7obano\u011flu&#8217;nu b\u0131\u00e7aklayarak \u00f6ld\u00fcren Yunus Emre \u00c7etin, emniyetteki ifadesinde, &#8220;Evden i\u00e7eri girer girmez \u0130lhan, b\u0131\u00e7akla bana sald\u0131rd\u0131. Kendimi savunmak i\u00e7in b\u0131\u00e7a\u011f\u0131 al\u0131p vurdum ve ka\u00e7t\u0131m&#8221; dedi\u011fi \u00f6\u011frenildi.<\/p>\n","protected":false},"author":1,"featured_media":51866,"comment_status":"open","ping_status":"open","sticky":false,"template":"","format":"standard","meta":{"footnotes":""},"categories":[4,13],"tags":[3363,1609,5109],"class_list":["post-51865","post","type-post","status-publish","format-standard","has-post-thumbnail","hentry","category-gundem","category-son-dakika","tag-bicak","tag-cetin","tag-cobanoglu"],"_links":{"self":[{"href":"https:\/\/bihavadis.com\/index.php\/wp-json\/wp\/v2\/posts\/51865","targetHints":{"allow":["GET"]}}],"collection":[{"href":"https:\/\/bihavadis.com\/index.php\/wp-json\/wp\/v2\/posts"}],"about":[{"href":"https:\/\/bihavadis.com\/index.php\/wp-json\/wp\/v2\/types\/post"}],"author":[{"embeddable":true,"href":"https:\/\/bihavadis.com\/index.php\/wp-json\/wp\/v2\/users\/1"}],"replies":[{"embeddable":true,"href":"https:\/\/bihavadis.com\/index.php\/wp-json\/wp\/v2\/comments?post=51865"}],"version-history":[{"count":1,"href":"https:\/\/bihavadis.com\/index.php\/wp-json\/wp\/v2\/posts\/51865\/revisions"}],"predecessor-version":[{"id":51872,"href":"https:\/\/bihavadis.com\/index.php\/wp-json\/wp\/v2\/posts\/51865\/revisions\/51872"}],"wp:featuredmedia":[{"embeddable":true,"href":"https:\/\/bihavadis.com\/index.php\/wp-json\/wp\/v2\/media\/51866"}],"wp:attachment":[{"href":"https:\/\/bihavadis.com\/index.php\/wp-json\/wp\/v2\/media?parent=51865"}],"wp:term":[{"taxonomy":"category","embeddable":true,"href":"https:\/\/bihavadis.com\/index.php\/wp-json\/wp\/v2\/categories?post=51865"},{"taxonomy":"post_tag","embeddable":true,"href":"https:\/\/bihavadis.com\/index.php\/wp-json\/wp\/v2\/tags?post=51865"}],"curies":[{"name":"wp","href":"https:\/\/api.w.org\/{rel}","templated":true}]}}