{"id":51873,"date":"2026-02-27T21:39:08","date_gmt":"2026-02-27T21:39:08","guid":{"rendered":"https:\/\/bihavadis.com\/?p=51873"},"modified":"2026-02-27T21:39:08","modified_gmt":"2026-02-27T21:39:08","slug":"ruhsal-iyilesme-icin-surekli-destek-sart","status":"publish","type":"post","link":"https:\/\/bihavadis.com\/index.php\/2026\/02\/27\/ruhsal-iyilesme-icin-surekli-destek-sart\/","title":{"rendered":"Ruhsal \u0130yile\u015fme \u0130\u00e7in S\u00fcrekli Destek \u015eart"},"content":{"rendered":"<p>\u0130stanbul Bilgi \u00dcniversitesi Travma ve Afet \u00c7al\u0131\u015fmalar\u0131 Uygulamal\u0131 Ruh Sa\u011fl\u0131\u011f\u0131 Y\u00fcksek Lisans Program\u0131&#8217;ndan Do\u00e7. Dr. Ersin Uygun, 6 \u015eubat 2023&#8217;te meydana gelen Kahramanmara\u015f merkezli depremlerden etkilenen b\u00f6lgede, ruhsal iyile\u015fmenin psikososyal deste\u011fin s\u00fcreklili\u011fiyle m\u00fcmk\u00fcn olabilece\u011fini belirtti.<\/p>\n<p>\u00dcniversiteden yap\u0131lan a\u00e7\u0131klamada g\u00f6r\u00fc\u015flerine yer verilen Do\u00e7. Dr. Ersin Uygun, depremin ilk g\u00fcn\u00fcnden itibaren \u00f6\u011frenci ve \u00f6\u011fretim \u00fcyeleriyle sahadaki ihtiya\u00e7lara y\u00f6nelik \u00e7al\u0131\u015fmalar y\u00fcr\u00fctt\u00fcklerini belirtti.<\/p>\n<p>Uygun, &#8220;Bireysel psikolojik destek g\u00f6r\u00fc\u015fmeleri, \u00e7ocuklar ve ergenlere y\u00f6nelik oyun ve grup temelli uygulamalar, aileler, \u00f6\u011fretmenler ve saha \u00e7al\u0131\u015fanlar\u0131na y\u00f6nelik destek ve psiko-e\u011fitim \u00e7al\u0131\u015fmalar\u0131yla yerel ihtiya\u00e7lara g\u00f6re \u015fekillenen topluluk temelli ruh sa\u011fl\u0131\u011f\u0131 uygulamalar\u0131n\u0131 hayata ge\u00e7irdik.&#8221; ifadelerini kulland\u0131.<\/p>\n<p>Uygun, s\u00f6z konusu \u00e7al\u0131\u015fmalarla travman\u0131n akut etkilerinin hafifletilmesi kadar uzun vadeli ruhsal iyilik halinin desteklenmesini ama\u00e7lad\u0131klar\u0131n\u0131 anlatt\u0131.<\/p>\n<p>Depremin yol a\u00e7t\u0131\u011f\u0131 en a\u011f\u0131r sonu\u00e7lardan birinin, \u00e7o\u011fu zaman g\u00f6zle g\u00f6r\u00fclmeyen ancak g\u00fcnl\u00fck ya\u015fam\u0131 derinden etkileyen ruhsal y\u0131k\u0131m oldu\u011funa dikkati \u00e7eken Uygun, &#8220;Travma, yaln\u0131zca ya\u015fanan ana ait bir deneyim de\u011fil, zaman i\u00e7inde bi\u00e7im de\u011fi\u015ftirerek bireyin ve toplumun hayat\u0131na etki eden bir s\u00fcre\u00e7. Travma uzun s\u00fcre bireyin hayat\u0131na e\u015flik edebilir. Bu nedenle deprem b\u00f6lgesinde ruhsal iyile\u015fme, psikososyal deste\u011fin s\u00fcreklili\u011fiyle m\u00fcmk\u00fcn.&#8221; de\u011ferlendirmesini yapt\u0131.<\/p>\n<p>Uygun, travma sonras\u0131 belirtilerin \u00e7o\u011fu zaman kendili\u011finden ortadan kalkmayaca\u011f\u0131n\u0131, ertelenmi\u015f bi\u00e7imde yeniden ortaya \u00e7\u0131kabilece\u011fini vurgulad\u0131.<\/p>\n<p>Psikososyal destek hizmetlerinin k\u0131sa s\u00fcreli projelerle s\u0131n\u0131rl\u0131 kalmamas\u0131n\u0131n b\u00fcy\u00fck \u00f6nem ta\u015f\u0131d\u0131\u011f\u0131na i\u015faret eden Uygun, \u00f6zellikle \u00e7ocuklar ve gen\u00e7ler i\u00e7in ruh sa\u011fl\u0131\u011f\u0131 deste\u011finin, e\u011fitimin ve toplumsal iyile\u015fmenin ayr\u0131lmaz par\u00e7as\u0131 olarak g\u00f6r\u00fclmesi gerekti\u011fini aktard\u0131.<\/p>\n<p>Uygun, depremden etkilenen bireylerin uzun s\u00fcreli ruh sa\u011fl\u0131\u011f\u0131 deste\u011fine eri\u015fiminin \u00f6nem ta\u015f\u0131d\u0131\u011f\u0131n\u0131 belirterek, \u015funlar\u0131 kaydetti: <\/p>\n<p>&#8220;Bug\u00fcn deprem b\u00f6lgesinde ihtiya\u00e7lar, acil yard\u0131m a\u015famas\u0131n\u0131n \u00f6tesine ge\u00e7mi\u015f durumda. Kal\u0131c\u0131, g\u00fcvenli ve sa\u011fl\u0131kl\u0131 ko\u015fullarda bar\u0131nma ihtiyac\u0131n\u0131n tamamen kar\u015f\u0131lanmas\u0131, s\u00fcrekli, eri\u015filebilir ve toplum temelli bir psikososyal perspektifle sunulan ruh sa\u011fl\u0131\u011f\u0131 hizmetlerinin g\u00fc\u00e7lendirilmesi, e\u011fitimde s\u00fcreklili\u011fi destekleyen akademik ve psikososyal programlar\u0131n yayg\u0131nla\u015ft\u0131r\u0131lmas\u0131, yerel istihdam\u0131 ve ekonomik toparlanmay\u0131 destekleyen uygulamalar\u0131n art\u0131r\u0131lmas\u0131 \u00f6n\u00fcm\u00fczdeki d\u00f6nemin temel ihtiya\u00e7lar\u0131 aras\u0131nda yer al\u0131yor.&#8221;<\/p>\n","protected":false},"excerpt":{"rendered":"<p>Do\u00e7. Dr. Ersin Uygun, depremzede bireyler i\u00e7in psikososyal deste\u011fin s\u00fcreklili\u011finin \u00f6nemini vurgulad\u0131.<\/p>\n","protected":false},"author":1,"featured_media":51874,"comment_status":"open","ping_status":"open","sticky":false,"template":"","format":"standard","meta":{"footnotes":""},"categories":[8],"tags":[60,498,244,544,2628],"class_list":["post-51873","post","type-post","status-publish","format-standard","has-post-thumbnail","hentry","category-ekonomi","tag-deprem","tag-destek","tag-etki","tag-sure","tag-uygun"],"_links":{"self":[{"href":"https:\/\/bihavadis.com\/index.php\/wp-json\/wp\/v2\/posts\/51873","targetHints":{"allow":["GET"]}}],"collection":[{"href":"https:\/\/bihavadis.com\/index.php\/wp-json\/wp\/v2\/posts"}],"about":[{"href":"https:\/\/bihavadis.com\/index.php\/wp-json\/wp\/v2\/types\/post"}],"author":[{"embeddable":true,"href":"https:\/\/bihavadis.com\/index.php\/wp-json\/wp\/v2\/users\/1"}],"replies":[{"embeddable":true,"href":"https:\/\/bihavadis.com\/index.php\/wp-json\/wp\/v2\/comments?post=51873"}],"version-history":[{"count":1,"href":"https:\/\/bihavadis.com\/index.php\/wp-json\/wp\/v2\/posts\/51873\/revisions"}],"predecessor-version":[{"id":51875,"href":"https:\/\/bihavadis.com\/index.php\/wp-json\/wp\/v2\/posts\/51873\/revisions\/51875"}],"wp:featuredmedia":[{"embeddable":true,"href":"https:\/\/bihavadis.com\/index.php\/wp-json\/wp\/v2\/media\/51874"}],"wp:attachment":[{"href":"https:\/\/bihavadis.com\/index.php\/wp-json\/wp\/v2\/media?parent=51873"}],"wp:term":[{"taxonomy":"category","embeddable":true,"href":"https:\/\/bihavadis.com\/index.php\/wp-json\/wp\/v2\/categories?post=51873"},{"taxonomy":"post_tag","embeddable":true,"href":"https:\/\/bihavadis.com\/index.php\/wp-json\/wp\/v2\/tags?post=51873"}],"curies":[{"name":"wp","href":"https:\/\/api.w.org\/{rel}","templated":true}]}}