{"id":51909,"date":"2026-02-27T22:03:06","date_gmt":"2026-02-27T22:03:06","guid":{"rendered":"https:\/\/bihavadis.com\/?p=51909"},"modified":"2026-02-27T22:03:06","modified_gmt":"2026-02-27T22:03:06","slug":"baskan-vekili-ozdemir-korkutelililerle-iftarda-bir-araya-geldi","status":"publish","type":"post","link":"https:\/\/bihavadis.com\/index.php\/2026\/02\/27\/baskan-vekili-ozdemir-korkutelililerle-iftarda-bir-araya-geldi\/","title":{"rendered":"Ba\u015fkan Vekili \u00d6zdemir Korkutelililerle iftarda bir araya geldi"},"content":{"rendered":"<p>\u00a0<\/p>\n<p><span><span><span><span>Antalya B\u00fcy\u00fck\u015fehir Belediyesi Ba\u015fkan Vekili B\u00fc\u015fra \u00d6zdemir, Antalya Korkutelililer Derne\u011fi\u2019nin d\u00fczenledi\u011fi geleneksel iftar yeme\u011fine kat\u0131ld\u0131. Bu sofralarda s<\/span>adece bir iftar yeme\u011fini de\u011fil ayn\u0131 zamanda ortak k\u00fclt\u00fcr\u00fcn, de\u011ferlerin ve hem\u015ferilik bilincinin de payla\u015f\u0131ld\u0131\u011f\u0131n\u0131 s\u00f6yleyen Ba\u015fkan Vekili \u00d6zdemir, \u201cKorkutelililer Derne\u011fi\u2019miz gibi k\u00f6klerine sahip \u00e7\u0131kan, k\u00fclt\u00fcr\u00fcn\u00fc ya\u015fatan ve dayan\u0131\u015fmay\u0131 b\u00fcy\u00fcten yap\u0131lar toplumsal birlikteli\u011fimizin yap\u0131 ta\u015flar\u0131d\u0131r\u201d dedi. <\/span><\/span><\/span><\/p>\n<p><span><span><span><span>Antalya Korkutelililer Derne\u011fi, Ramazan ay\u0131 dolay\u0131s\u0131yla d\u00fczenledi\u011fi geleneksel iftar yeme\u011finin d\u00f6rd\u00fcnc\u00fcs\u00fcn\u00fc ger\u00e7ekle\u015ftirdi. \u0130ftara Antalya B\u00fcy\u00fck\u015fehir Belediyesi Ba\u015fkan Vekili B\u00fc\u015fra \u00d6zdemir, Antalya Vali Yard\u0131mc\u0131s\u0131 Mustafa Hulusi Arat, Cumhuriyet Halk Partisi (CHP)Antalya \u0130l Ba\u015fkan\u0131 Nail Kamac\u0131, Antalya Korkutelililer Derne\u011fi Ba\u015fkan\u0131 Adnan \u0130mirgi, Antalya Milletvekilleri, il\u00e7e belediye ba\u015fkanlar\u0131 ve kaymakamlar\u0131, sivil toplum kurulu\u015flar\u0131n\u0131n temsilcileri ve dernek \u00fcyeleri kat\u0131ld\u0131. <\/span><\/span><\/span><\/span><\/p>\n<p><span><span><span><span>DERNEK BA\u015eKANI \u0130M\u0130RG\u0130\u2019YE TE\u015eEKK\u00dcR<\/span><\/span><\/span><\/span><\/p>\n<p><span><span><span><span>\u0130ftar program\u0131nda ak\u015fam ezan\u0131n\u0131n okunmas\u0131yla birlikte oru\u00e7lar a\u00e7\u0131ld\u0131, dualar edildi. <\/span>Ramazan ay\u0131n\u0131n rahmetinin ve bereketinin hissedildi\u011fi iftar sofras\u0131nda Korkutelililerle birlikte olmaktan \u00e7ok b\u00fcy\u00fck bir memnuniyet duydu\u011funu s\u00f6yleyen <span>Ba\u015fkan Vekili \u00d6zdemir, Korkutelililer Derne\u011fi\u2019nin, k\u00f6klerine sahip \u00e7\u0131kan, k\u00fclt\u00fcr\u00fcn\u00fc ya\u015fatan ve dayan\u0131\u015fmay\u0131 b\u00fcy\u00fcten bir olu\u015fum oldu\u011funu s\u00f6yledi. Korkutelililerin varl\u0131\u011f\u0131n\u0131n ve eme\u011finin \u015fehre b\u00fcy\u00fck bir de\u011fer katt\u0131\u011f\u0131n\u0131 s\u00f6yleyen B\u00fc\u015fra \u00d6zdemir, dernek ba\u015fkan\u0131 Adnan \u0130mirgi ve katk\u0131 sunan herkese te\u015fekk\u00fcr etti. <\/span><\/span><\/span><\/span><\/p>\n<p><span><span><span><span>ANTALYA\u2019NIN HER K\u00d6\u015eES\u0130NDE DAYANI\u015eMA RUHU VAR<\/span><\/span><\/span><\/span><\/p>\n<p><span><span><span><span>Ba\u015fkan Vekili \u00d6zdemir, \u201cHer etkinli\u011finizde, her davetinizde sizlerin yan\u0131nda olan, sizleri \u00e7ok seven hem\u015feriniz Muhittin Ba\u015fkan\u0131m\u0131z burada olmay\u0131, sizlere hitap etmeyi \u00e7ok isterdi. Bilin ki g\u00f6nl\u00fc, g\u00fczel dilekleri sizlerle. Ramazan ay\u0131 yard\u0131mla\u015fman\u0131n, payla\u015fman\u0131n ve ho\u015fg\u00f6r\u00fcn\u00fcn ay\u0131. Bug\u00fcn ayn\u0131 sofrada bulu\u015fmak, g\u00f6n\u00fcllerimizi birle\u015ftirmek, karde\u015fli\u011fimizi b\u00fcy\u00fctmek demek. Biz bug\u00fcn bir iftar yeme\u011fini de\u011fil ayn\u0131 zamanda ortak k\u00fclt\u00fcr\u00fcm\u00fcz\u00fc, de\u011ferlerimizi ve hem\u015ferilik bilincimizi de payla\u015f\u0131yoruz. <\/span>Antalya farkl\u0131 k\u00fclt\u00fcrlerin, farkl\u0131 hikayelerin karde\u015f\u00e7e birlikte ya\u015fad\u0131\u011f\u0131 bir \u015fehir ve bu g\u00fczel \u015fehrin her k\u00f6\u015fesinde dayan\u0131\u015fma ruhu var. <span>Bu m\u00fcbarek ay\u0131n soflar\u0131m\u0131za bereket, g\u00f6n\u00fcllerimize huzur, i\u015flerimize hay\u0131r getirmesini diliyorum\u201d diye konu\u015ftu. <\/span><\/span><\/span><\/span><\/p>\n<p>Kaynak: (BYZHA) Beyaz Haber Ajans\u0131<\/p>\n","protected":false},"excerpt":{"rendered":"<p>Antalya B\u00fcy\u00fck\u015fehir Belediyesi Ba\u015fkan Vekili B\u00fc\u015fra \u00d6zdemir, Antalya Korkutelililer Derne\u011fi\u2019nin d\u00fczenledi\u011fi geleneksel iftar yeme\u011fine kat\u0131ld\u0131.<\/p>\n","protected":false},"author":1,"featured_media":51910,"comment_status":"open","ping_status":"open","sticky":false,"template":"","format":"standard","meta":{"footnotes":""},"categories":[4],"tags":[457,516,2758,675,1213],"class_list":["post-51909","post","type-post","status-publish","format-standard","has-post-thumbnail","hentry","category-gundem","tag-antalya","tag-baskan","tag-baskan-vekili","tag-iftar","tag-ozdemir"],"_links":{"self":[{"href":"https:\/\/bihavadis.com\/index.php\/wp-json\/wp\/v2\/posts\/51909","targetHints":{"allow":["GET"]}}],"collection":[{"href":"https:\/\/bihavadis.com\/index.php\/wp-json\/wp\/v2\/posts"}],"about":[{"href":"https:\/\/bihavadis.com\/index.php\/wp-json\/wp\/v2\/types\/post"}],"author":[{"embeddable":true,"href":"https:\/\/bihavadis.com\/index.php\/wp-json\/wp\/v2\/users\/1"}],"replies":[{"embeddable":true,"href":"https:\/\/bihavadis.com\/index.php\/wp-json\/wp\/v2\/comments?post=51909"}],"version-history":[{"count":1,"href":"https:\/\/bihavadis.com\/index.php\/wp-json\/wp\/v2\/posts\/51909\/revisions"}],"predecessor-version":[{"id":51911,"href":"https:\/\/bihavadis.com\/index.php\/wp-json\/wp\/v2\/posts\/51909\/revisions\/51911"}],"wp:featuredmedia":[{"embeddable":true,"href":"https:\/\/bihavadis.com\/index.php\/wp-json\/wp\/v2\/media\/51910"}],"wp:attachment":[{"href":"https:\/\/bihavadis.com\/index.php\/wp-json\/wp\/v2\/media?parent=51909"}],"wp:term":[{"taxonomy":"category","embeddable":true,"href":"https:\/\/bihavadis.com\/index.php\/wp-json\/wp\/v2\/categories?post=51909"},{"taxonomy":"post_tag","embeddable":true,"href":"https:\/\/bihavadis.com\/index.php\/wp-json\/wp\/v2\/tags?post=51909"}],"curies":[{"name":"wp","href":"https:\/\/api.w.org\/{rel}","templated":true}]}}