{"id":51912,"date":"2026-02-27T22:06:06","date_gmt":"2026-02-27T22:06:06","guid":{"rendered":"https:\/\/bihavadis.com\/?p=51912"},"modified":"2026-02-27T22:06:06","modified_gmt":"2026-02-27T22:06:06","slug":"konyaspor-ilhan-palut-ile-gorusmeye-hazirlaniyor","status":"publish","type":"post","link":"https:\/\/bihavadis.com\/index.php\/2026\/02\/27\/konyaspor-ilhan-palut-ile-gorusmeye-hazirlaniyor\/","title":{"rendered":"Konyaspor, \u0130lhan Palut ile G\u00f6r\u00fc\u015fmeye Haz\u0131rlan\u0131yor"},"content":{"rendered":"<p>\n<p>TEKN\u0130K direkt\u00f6r \u00c7a\u011fda\u015f Atan ile yollar\u0131n\u0131 ay\u0131ran Konyaspor, sanal medya hebas\u0131ndan yapt\u0131\u011f\u0131 a\u00e7\u0131klamada teknik direkt\u00f6r \u0130lhan Palut&#8217;un g\u00f6r\u00fc\u015fme yapmak i\u00e7in Konya&#8217;ya davet edildi\u011fini a\u00e7\u0131klad\u0131. <\/p>\n<p>Ye\u015fil- beyazl\u0131 y\u00f6netim, aral\u0131k ay\u0131nda tak\u0131m\u0131n ba\u015f\u0131na getirdi\u011fi teknik direkt\u00f6r \u00c7a\u011fda\u015f Atan ile d\u00fcn yollar\u0131n\u0131 ay\u0131rd\u0131. Yerine ise 2021-2023 y\u0131llar\u0131 aras\u0131nda g\u00f6rev yapan teknik direkt\u00f6r \u0130lhan Palut ile prensipte anla\u015ft\u0131. Konyaspor Bas\u0131n S\u00f6zc\u00fcs\u00fc Cengiz Y\u00f6net, kul\u00fcb\u00fcn resmi sanal medya hesab\u0131ndan yapt\u0131\u011f\u0131 a\u00e7\u0131klamada \u0130lhan Palut&#8217;un, g\u00f6r\u00fc\u015fme i\u00e7in Konya&#8217;ya davet edildi\u011fini duyurdu. A\u00e7\u0131klamada &#8220;Kul\u00fcb\u00fcm\u00fcz T\u00fcmosan Konyaspor, teknik direkt\u00f6rl\u00fck g\u00f6revi kapsam\u0131nda de\u011ferlendirmelerde bulunmak ve g\u00f6r\u00fc\u015f al\u0131\u015fveri\u015fi yapmak \u00fczere Say\u0131n \u0130lhan Palut&#8217;u Konya&#8217;ya davet etmi\u015ftir. Say\u0131n Palut&#8217;un, bu gece ya da yar\u0131n sabah saatlerinde \u015fehrimize gelmesi beklenmektedir. Yap\u0131lacak g\u00f6r\u00fc\u015fmelerin ard\u0131ndan kamuoyu gerekli \u015fekilde bilgilendirilecektir. &#8220;denildi. <\/p>\n","protected":false},"excerpt":{"rendered":"<p>Konyaspor, teknik direkt\u00f6r \u00c7a\u011fda\u015f Atan ile ayr\u0131ld\u0131 ve \u0130lhan Palut&#8217;u g\u00f6r\u00fc\u015fmek \u00fczere davet etti.<\/p>\n","protected":false},"author":1,"featured_media":51913,"comment_status":"open","ping_status":"open","sticky":false,"template":"","format":"standard","meta":{"footnotes":""},"categories":[14],"tags":[6589,3994],"class_list":["post-51912","post","type-post","status-publish","format-standard","has-post-thumbnail","hentry","category-spor","tag-palut","tag-teknik-direktor"],"_links":{"self":[{"href":"https:\/\/bihavadis.com\/index.php\/wp-json\/wp\/v2\/posts\/51912","targetHints":{"allow":["GET"]}}],"collection":[{"href":"https:\/\/bihavadis.com\/index.php\/wp-json\/wp\/v2\/posts"}],"about":[{"href":"https:\/\/bihavadis.com\/index.php\/wp-json\/wp\/v2\/types\/post"}],"author":[{"embeddable":true,"href":"https:\/\/bihavadis.com\/index.php\/wp-json\/wp\/v2\/users\/1"}],"replies":[{"embeddable":true,"href":"https:\/\/bihavadis.com\/index.php\/wp-json\/wp\/v2\/comments?post=51912"}],"version-history":[{"count":1,"href":"https:\/\/bihavadis.com\/index.php\/wp-json\/wp\/v2\/posts\/51912\/revisions"}],"predecessor-version":[{"id":51914,"href":"https:\/\/bihavadis.com\/index.php\/wp-json\/wp\/v2\/posts\/51912\/revisions\/51914"}],"wp:featuredmedia":[{"embeddable":true,"href":"https:\/\/bihavadis.com\/index.php\/wp-json\/wp\/v2\/media\/51913"}],"wp:attachment":[{"href":"https:\/\/bihavadis.com\/index.php\/wp-json\/wp\/v2\/media?parent=51912"}],"wp:term":[{"taxonomy":"category","embeddable":true,"href":"https:\/\/bihavadis.com\/index.php\/wp-json\/wp\/v2\/categories?post=51912"},{"taxonomy":"post_tag","embeddable":true,"href":"https:\/\/bihavadis.com\/index.php\/wp-json\/wp\/v2\/tags?post=51912"}],"curies":[{"name":"wp","href":"https:\/\/api.w.org\/{rel}","templated":true}]}}