{"id":52054,"date":"2026-02-27T23:51:04","date_gmt":"2026-02-27T23:51:04","guid":{"rendered":"https:\/\/bihavadis.com\/?p=52054"},"modified":"2026-02-27T23:51:04","modified_gmt":"2026-02-27T23:51:04","slug":"meliha-ercan-vakfi-ilk-yilinda-egitim-ve-toplumsal-gelisim-alaninda-onemli-calismalara-imza-atti","status":"publish","type":"post","link":"https:\/\/bihavadis.com\/index.php\/2026\/02\/27\/meliha-ercan-vakfi-ilk-yilinda-egitim-ve-toplumsal-gelisim-alaninda-onemli-calismalara-imza-atti\/","title":{"rendered":"Meliha Ercan Vakf\u0131 \u0130lk Y\u0131l\u0131nda E\u011fitim ve Toplumsal Geli\u015fim Alan\u0131nda \u00d6nemli \u00c7al\u0131\u015fmalara \u0130mza Att\u0131"},"content":{"rendered":"<p>Kurucu Ercan Ailesi\u2019nin \u201c<strong>E\u011fitim, toplumlar\u0131 d\u00f6n\u00fc\u015ft\u00fcren en g\u00fc\u00e7l\u00fc ara\u00e7t\u0131r<\/strong>.\u201d yakla\u015f\u0131m\u0131 do\u011frultusunda faaliyetlerini s\u00fcrd\u00fcren Meliha Ercan Vakf\u0131, ilk y\u0131l\u0131nda k\u0131z \u00f6\u011frencilerin g\u00fc\u00e7lenmesini hedefleyen projelerle e\u011fitimde f\u0131rsat e\u015fitli\u011fine katk\u0131 sundu. E\u011fitim ve mesleki geli\u015fim alan\u0131nda ger\u00e7ekle\u015ftirdi\u011fi b\u00fct\u00fcnc\u00fcl \u00e7al\u0131\u015fmalar ile yaln\u0131zca gen\u00e7lerin hayat\u0131na de\u011fil, toplumsal d\u00f6n\u00fc\u015f\u00fcme de destek verdi.<\/p>\n<p>E\u011fitimden sa\u011fl\u0131\u011fa, sosyal hizmetlerden k\u00fclt\u00fcr ve sanata kadar geni\u015f bir alanda faaliyet g\u00f6steren vak\u0131f, \u201c<strong>Bir Hayalin Olsun<\/strong>\u201d yakla\u015f\u0131m\u0131 do\u011frultusunda; hayalleri olan gen\u00e7lerin potansiyellerini ger\u00e7ekle\u015ftirebilmeleri i\u00e7in destek mekanizmalar\u0131 olu\u015fturdu. Ayn\u0131 zamanda e\u011fitim, sa\u011fl\u0131k ve sosyal alanlarda toplumun kullan\u0131m\u0131na sunulan kal\u0131c\u0131 eserler in\u015fa ederek ilgili kamu kurumlar\u0131na ba\u011f\u0131\u015flamak suretiyle kamu hizmetlerine s\u00fcrd\u00fcr\u00fclebilir katk\u0131lar sundu.<\/p>\n<p>\u00dclkemizin farkl\u0131 illerinde in\u015fa edilerek ilgili kamu kurumlar\u0131na ba\u011f\u0131\u015flanan huzurevi, hasta konukevi, engelsiz ya\u015fam merkezi, e\u011fitim merkezi, okul, y\u00fcksekokul ve kre\u015f projeleriyle birlikte vak\u0131f ve kurucular\u0131n\u0131n ge\u00e7mi\u015f d\u00f6nem katk\u0131lar\u0131 da dahil olmak \u00fczere bug\u00fcne kadar 2025 Faaliyet Raporu\u2019nda ayr\u0131nt\u0131lar\u0131 yer alan toplam 12 eser kamu hizmetine kazand\u0131r\u0131ld\u0131. Toplumun her kesimine hitap eden bu yat\u0131r\u0131mlar, \u00e7ok say\u0131da vatanda\u015f\u0131n ya\u015fam\u0131na do\u011frudan temas eden s\u00fcrd\u00fcr\u00fclebilir sosyal de\u011ferler \u00fcretti. Vak\u0131f, s\u00f6z konusu eserleri yaln\u0131zca hayata ge\u00e7irmekle kalmay\u0131p, uzun vadeli sorumluluk anlay\u0131\u015f\u0131yla s\u00fcre\u00e7leri yak\u0131ndan takip etti; ihtiya\u00e7 duyulmas\u0131 halinde bak\u0131m, yenileme ve geli\u015ftirme \u00e7al\u0131\u015fmalar\u0131na destek vermeyi s\u00fcrd\u00fcrd\u00fc.<\/p>\n<p><b>Gen\u00e7lerin Gelece\u011fine G\u00fc\u00e7l\u00fc Destek<\/b><\/p>\n<p>Bursiyerlerin kariyer ve ki\u015fisel geli\u015fimlerini desteklemek amac\u0131yla y\u00fcr\u00fct\u00fclen\u00a0<em><strong>Mentorluk Program\u0131<\/strong><\/em>\u00a0kapsam\u0131nda \u00f6\u011frenciler, farkl\u0131 sekt\u00f6rlerden deneyimli profesyonellerle bir araya getirildi.\u00a0<em><strong>MELEA Akademi<\/strong><\/em>\u00a0\u00e7at\u0131s\u0131 alt\u0131nda d\u00fczenlenen ileti\u015fim, liderlik ve kariyer becerilerine y\u00f6nelik sertifika programlar\u0131 ve e\u011fitim mod\u00fclleriyle bursiyerlerin akademik ve mesleki donan\u0131mlar\u0131n\u0131n g\u00fc\u00e7lendirilmesi hedeflendi.<\/p>\n<p><b>Toplumda Kal\u0131c\u0131 Etki Yaratan Projeler<\/b><\/p>\n<p>Vak\u0131f, g\u00f6n\u00fcll\u00fcl\u00fck faaliyetleriyle toplumsal dayan\u0131\u015fmay\u0131 g\u00fc\u00e7lendirmek amac\u0131yla sivil toplum kurulu\u015flar\u0131 ve yerel y\u00f6netimlerle i\u015f birlikleri ger\u00e7ekle\u015ftirdi. Bu i\u015f birlikleri kapsamda\u00a0<em><strong>Sulukule G\u00f6n\u00fcll\u00fcleri Derne\u011fi<\/strong><\/em>\u00a0ile k\u0131z \u00e7ocuklar\u0131na y\u00f6nelik etkinlikler d\u00fczenlendi; otizmli bireylere y\u00f6nelik fark\u0131ndal\u0131k \u00e7al\u0131\u015fmalar\u0131 hayata ge\u00e7irildi. Engelliler Haftas\u0131 kapsam\u0131nda\u00a0<em><strong>Manavgat Belediyesi<\/strong>\u00a0<\/em>i\u015f birli\u011fiyle<em>\u00a0<strong>H\u00fcrFEST \u2013 \u00d6zg\u00fcrce Ya\u015fam Festivali<\/strong>\u00a0<\/em>organize edilirken, huzurevi sakinleri ile \u00f6zel \u00e7ocuklar\u0131 bulu\u015fturan etkinliklerle ku\u015faklar aras\u0131 dayan\u0131\u015fmaya katk\u0131 sa\u011fland\u0131.<\/p>\n<p>Vak\u0131f,\u00a0<em><strong>Suna\u2019n\u0131n K\u0131zlar\u0131 Vakf\u0131<\/strong><\/em>\u00a0i\u015f birli\u011fiyle ve\u00a0<em><strong>\u0130stanbul Bilgi \u00dcniversitesi \u00c7ocuk \u00c7al\u0131\u015fmalar\u0131 Birimi<\/strong><\/em>\u2019nin\u00a0<em>(\u00c7O\u00c7A)<\/em>\u00a0deste\u011fiyle y\u00fcr\u00fct\u00fclen\u00a0<em>K\u0131z \u00c7ocuk Dan\u0131\u015fma Ekibi<\/em>\u00a0kapsam\u0131nda d\u00fczenlenen \u201c<em><strong>K\u0131z \u00c7ocuklar\u0131 Tan\u0131\u015fma Ekibi \u00c7al\u0131\u015ftay\u0131<\/strong><\/em>\u201dna da ev sahipli\u011fi yapt\u0131. T\u00fcrkiye\u2019nin farkl\u0131 illerinden gelen 12\u201317 ya\u015f aral\u0131\u011f\u0131ndaki 40 k\u0131z \u00e7ocu\u011funu bir araya getiren \u00e7al\u0131\u015ftayda, kat\u0131l\u0131mc\u0131lar ihtiya\u00e7lar\u0131n\u0131 ve deneyimlerini payla\u015fma f\u0131rsat\u0131 buldu. \u00c7al\u0131\u015ftayla k\u0131z \u00e7ocuklar\u0131n\u0131n karar alma s\u00fcre\u00e7lerine kat\u0131l\u0131m\u0131n\u0131n desteklenmesi, seslerinin g\u00fc\u00e7lendirilmesi ve hak temelli bir yakla\u015f\u0131m\u0131n yayg\u0131nla\u015ft\u0131r\u0131lmas\u0131 hedeflendi. Etkinlikler, \u00e7ocuklar\u0131n \u00fcst\u00fcn yarar\u0131 ve ki\u015fisel verilerin korunmas\u0131 ilkeleri g\u00f6zetilerek y\u00fcr\u00fct\u00fcld\u00fc.<\/p>\n<p><em><strong>Bilecik \u0130l Mill\u00ee E\u011fitim M\u00fcd\u00fcrl\u00fc\u011f\u00fc<\/strong><\/em><strong>\u00a0<\/strong>i\u015f birli\u011fiyle hayata ge\u00e7irilen<strong>\u00a0\u201c<\/strong><em><strong>Mesle\u011fin Y\u0131ld\u0131zlar\u0131<\/strong><\/em><strong>\u201d\u00a0<\/strong>projesi kapsam\u0131nda ise, mesleki ve teknik e\u011fitim \u00f6\u011frencilerinin yapay zek\u00e2 ve ileri teknoloji alanlar\u0131nda yetkinlik kazanmalar\u0131 hedeflendi. Kaizen yakla\u015f\u0131m\u0131yla yenilik\u00e7i projeler \u00fcretmeleri desteklenen \u00f6\u011frenciler, akademisyenlerin katk\u0131lar\u0131yla d\u00fczenlenen e\u011fitim ve at\u00f6lyeler sayesinde gelece\u011fin mesleklerine haz\u0131rlanma f\u0131rsat\u0131 buldu.<\/p>\n<p><b>Birinci Y\u0131l Bursiyerlerle Birlikte Kutland\u0131<\/b><\/p>\n<p>Meliha Ercan Vakf\u0131, kurulu\u015funun birinci y\u0131l\u0131n\u0131 bursiyerlerinin kat\u0131l\u0131m\u0131yla d\u00fczenlenen iftar program\u0131nda kutlad\u0131. Programa vakf\u0131n Onursal Ba\u015fkan\u0131 Nurullah Ercan, Ercan Ailesi \u00fcyeleri, vak\u0131f y\u00f6neticileri ve payda\u015f kurum ve destek\u00e7i temsilcileri kat\u0131ld\u0131. Bursiyerlerle bir araya gelen Onursal Ba\u015fkan Nurullah Ercan, gen\u00e7lerin yan\u0131nda olmaya devam edeceklerini vurgulayarak birlik ve dayan\u0131\u015fma mesaj\u0131 verdi.<\/p>\n<p><strong>Meliha Ercan Vakf\u0131 Genel M\u00fcd\u00fcr\u00fc Nil Batu<\/strong>, vakf\u0131n ilk y\u0131l\u0131na ili\u015fkin de\u011ferlendirmesinde \u015fu a\u00e7\u0131klamalarda bulundu:<\/p>\n<p><b>\u201cKurulu\u015fumuzun ilk y\u0131l\u0131nda ortaya koydu\u011fumuz \u00e7al\u0131\u015fmalar, yaln\u0131zca projelerden ibaret de\u011fil; s\u00fcrd\u00fcr\u00fclebilir ve \u00f6l\u00e7\u00fclebilir bir etki modeli in\u015fa etme kararl\u0131l\u0131\u011f\u0131m\u0131z\u0131n somut g\u00f6stergesidir. E\u011fitimden sa\u011fl\u0131\u011fa, teknolojiyi merkeze alan yenilik\u00e7i sistemlerden kal\u0131c\u0131 eserlere uzanan b\u00fct\u00fcnc\u00fcl yakla\u015f\u0131m\u0131m\u0131zla, toplumsal geli\u015fime uzun vadeli katk\u0131 sunmay\u0131 hedefliyoruz. \u2018Bir Hayalin Olsun\u2019 anlay\u0131\u015f\u0131m\u0131z do\u011frultusunda, hayali olan her gencin yan\u0131nda olmaya ve \u00fclkemizin gelece\u011fine de\u011fer katmaya devam edece\u011fiz.\u201d\u00a0<\/b><\/p>\n<p>\u00a0<\/p>\n<p>\u00a0<\/p>\n<p>Kaynak: (BYZHA) Beyaz Haber Ajans\u0131<\/p>\n","protected":false},"excerpt":{"rendered":"<p>Kurucu Ercan Ailesi\u2019nin \u201cE\u011fitim, toplumlar\u0131 d\u00f6n\u00fc\u015ft\u00fcren en g\u00fc\u00e7l\u00fc ara\u00e7t\u0131r.\u201d yakla\u015f\u0131m\u0131 do\u011frultusunda faaliyetlerini s\u00fcrd\u00fcren Meliha Ercan Vakf\u0131, ilk y\u0131l\u0131nda k\u0131z \u00f6\u011frencilerin g\u00fc\u00e7lenmesini hedefleyen projelerle e\u011fitimde f\u0131rsat e\u015fitli\u011fine katk\u0131 sundu<\/p>\n","protected":false},"author":1,"featured_media":52055,"comment_status":"open","ping_status":"open","sticky":false,"template":"","format":"standard","meta":{"footnotes":""},"categories":[7],"tags":[498,233,2284,463,1030],"class_list":["post-52054","post","type-post","status-publish","format-standard","has-post-thumbnail","hentry","category-egitim","tag-destek","tag-egitim","tag-ercan","tag-kiz","tag-toplum"],"_links":{"self":[{"href":"https:\/\/bihavadis.com\/index.php\/wp-json\/wp\/v2\/posts\/52054","targetHints":{"allow":["GET"]}}],"collection":[{"href":"https:\/\/bihavadis.com\/index.php\/wp-json\/wp\/v2\/posts"}],"about":[{"href":"https:\/\/bihavadis.com\/index.php\/wp-json\/wp\/v2\/types\/post"}],"author":[{"embeddable":true,"href":"https:\/\/bihavadis.com\/index.php\/wp-json\/wp\/v2\/users\/1"}],"replies":[{"embeddable":true,"href":"https:\/\/bihavadis.com\/index.php\/wp-json\/wp\/v2\/comments?post=52054"}],"version-history":[{"count":1,"href":"https:\/\/bihavadis.com\/index.php\/wp-json\/wp\/v2\/posts\/52054\/revisions"}],"predecessor-version":[{"id":52056,"href":"https:\/\/bihavadis.com\/index.php\/wp-json\/wp\/v2\/posts\/52054\/revisions\/52056"}],"wp:featuredmedia":[{"embeddable":true,"href":"https:\/\/bihavadis.com\/index.php\/wp-json\/wp\/v2\/media\/52055"}],"wp:attachment":[{"href":"https:\/\/bihavadis.com\/index.php\/wp-json\/wp\/v2\/media?parent=52054"}],"wp:term":[{"taxonomy":"category","embeddable":true,"href":"https:\/\/bihavadis.com\/index.php\/wp-json\/wp\/v2\/categories?post=52054"},{"taxonomy":"post_tag","embeddable":true,"href":"https:\/\/bihavadis.com\/index.php\/wp-json\/wp\/v2\/tags?post=52054"}],"curies":[{"name":"wp","href":"https:\/\/api.w.org\/{rel}","templated":true}]}}