{"id":52085,"date":"2026-02-28T00:15:12","date_gmt":"2026-02-28T00:15:12","guid":{"rendered":"https:\/\/bihavadis.com\/?p=52085"},"modified":"2026-02-28T00:15:12","modified_gmt":"2026-02-28T00:15:12","slug":"muglada-belediyenin-calismalari-nedeniyle-is-yerini-su-basan-esnaf-isyan-etti","status":"publish","type":"post","link":"https:\/\/bihavadis.com\/index.php\/2026\/02\/28\/muglada-belediyenin-calismalari-nedeniyle-is-yerini-su-basan-esnaf-isyan-etti\/","title":{"rendered":"Mu\u011fla&#8217;da belediyenin \u00e7al\u0131\u015fmalar\u0131 nedeniyle i\u015f yerini su basan esnaf isyan etti"},"content":{"rendered":"<p>Mu\u011fla\u2019n\u0131n Marmaris il\u00e7esi Tepe Mahallesi 55. Sokak\u2019ta, kapal\u0131 \u00e7ar\u015f\u0131 olarak bilinen b\u00f6lgede Marmaris Belediyesi taraf\u0131ndan y\u00fcr\u00fct\u00fclen \u00fcst a\u00e7ma ve altyap\u0131 \u00e7al\u0131\u015fmalar\u0131 s\u0131ras\u0131nda bir i\u015f yerinin \u00f6n\u00fcndeki su gideri borusu zarar g\u00f6rd\u00fc.<\/p>\n<p>Kuyum tamir at\u00f6lyesi i\u015fletmecisi Mehmet G\u00f6za\u00e7, \u00e7al\u0131\u015fma esnas\u0131nda su gideri borusunun k\u0131r\u0131ld\u0131\u011f\u0131n\u0131 ve gerekli onar\u0131m yap\u0131lmadan \u00fczerinin kapat\u0131ld\u0131\u011f\u0131n\u0131 \u00f6ne s\u00fcrd\u00fc.<\/p>\n<p>G\u00f6za\u00e7, <b><em>\u201cD\u00fckkan\u0131n \u00f6n\u00fcnde su giderinin borusunu k\u0131r\u0131yorlar, sonra tamir etmeden \u00fczerini kapat\u0131yorlar. Belediye \u00e7al\u0131\u015fan\u0131 da bize bunu s\u00f6yledi. Su gitmeyince geri tepiyor ve d\u00fckkan\u0131m\u0131n i\u00e7ine ak\u0131yor.\u201d<\/em><\/b> dedi.<\/p>\n<p>Bir g\u00fcn \u00f6nce ak\u015fam saatleri s\u0131ralar\u0131nda d\u00fckkana unuttu\u011fu bir malzemeyi almak i\u00e7in geldi\u011fini anlatan G\u00f6za\u00e7,<b><em> &#8220;\u0130\u00e7eri girer girmez aya\u011f\u0131mdan su gelmeye ba\u015flad\u0131. \u00d6nce ba\u015fka yerden girdi sand\u0131m ama lavabomdan sular gelmeye ba\u015flad\u0131. Gitmeyen su, r\u00f6gar ve ya\u011fmur suyuyla birle\u015fip lavabodan ta\u015fm\u0131\u015f. Hepsini g\u00fcvenlik kameralar\u0131na ald\u0131m, gerekli \u015fikayetleri yapaca\u011f\u0131m.&#8221; <\/em><\/b>ifadelerini kulland\u0131.<\/p>\n<p>55. Sokak&#8217;ta bulunan i\u015f yerinde mobilyalar\u0131n ve makinelerin zarar g\u00f6rd\u00fc\u011f\u00fcn\u00fc ifade eden G\u00f6za\u00e7, \u00f6zellikle elektronik makinelerin pedallar\u0131n\u0131n \u0131sland\u0131\u011f\u0131n\u0131 s\u00f6yledi. At\u00f6lyede biriken alt\u0131n tozlar\u0131n\u0131n da suyla birlikte kayboldu\u011funu belirten G\u00f6za\u00e7,<em><b> &#8220;Ben kuyum at\u00f6lyesiyim, normalde yerlerim hep alt\u0131n tozuydu. Hepsi gitti. Yakla\u015f\u0131k 100- 150 bin liral\u0131k alt\u0131n tozum gitti.&#8221; <\/b><\/em>dedi.<\/p>\n<p><strong>&#8220;B\u0130RAZ SU \u00c7EK\u0130P G\u0130TT\u0130LER&#8221;<\/strong><\/p>\n<p>Sabah saatlerinde vidanj\u00f6rle suyun \u00e7ekilmeye \u00e7al\u0131\u015f\u0131ld\u0131\u011f\u0131n\u0131 ancak sorunun tamamen \u00e7\u00f6z\u00fclmedi\u011fini iddia eden G\u00f6za\u00e7,<b><em> &#8220;Kamera kay\u0131tlar\u0131m\u0131z da var. Suyu bitiremiyorlar, \u2018Buraya 10 vidanj\u00f6r gelmesi laz\u0131m&#8217; diyorlar. Benim su\u00e7um ne? O zaman 10 vidanj\u00f6r getirin. Benim d\u00fckkan\u0131mdaki zarar ne olacak? Biraz su \u00e7ekip gittiler, yine ayn\u0131 yeri kapat\u0131p hi\u00e7bir \u015fey yapmad\u0131lar.&#8221; <\/em><\/b>diye konu\u015ftu.<\/p>\n<p><img decoding=\"async\" src=\"https:\/\/bihavadis.com\/wp-content\/uploads\/2026\/02\/muglada-belediyenin-calismalari-nedeniyle-is-yerini-su-basan-esnaf-isyan-etti-0-Nr7cjuln.jpg\"\/><\/p>\n<p><strong>&#8220;K\u0130MSE GELMED\u0130&#8221;<\/strong><\/p>\n<p>Ekiplerin sorunu kal\u0131c\u0131 olarak \u00e7\u00f6zmeden ayr\u0131ld\u0131\u011f\u0131n\u0131 savunarak<b><em>\u00a0&#8220;\u015eimdi ya\u011fmur ya\u011farsa yine burada bekleyece\u011fim&#8221;<\/em><\/b> diyen G\u00f6za\u00e7, i\u015f kayb\u0131 ya\u015fad\u0131\u011f\u0131n\u0131 ve makinelerinin \u00e7al\u0131\u015f\u0131p \u00e7al\u0131\u015fmayaca\u011f\u0131n\u0131n belirsiz oldu\u011funu dile getirdi.<\/p>\n<p><img decoding=\"async\" src=\"https:\/\/bihavadis.com\/wp-content\/uploads\/2026\/02\/muglada-belediyenin-calismalari-nedeniyle-is-yerini-su-basan-esnaf-isyan-etti-1-sUgqlybh.jpg\"\/><\/p>\n<p><strong>&#8220;B\u0130Z \u00c7AR\u015eI A\u00c7ILMASIN DEMED\u0130K&#8221;<\/strong><\/p>\n<p>Kapal\u0131 \u00e7ar\u015f\u0131daki \u00e7al\u0131\u015fmalar\u0131n ayn\u0131 anda birden fazla noktada y\u00fcr\u00fct\u00fcld\u00fc\u011f\u00fcn\u00fc belirten G\u00f6za\u00e7, <em><b>&#8220;Yukar\u0131s\u0131 a\u00e7\u0131ls\u0131n demedik ama bir soka\u011f\u0131 komple a\u00e7t\u0131n\u0131z. Buralar\u0131n yeti\u015fmeyece\u011fi belliydi. Ke\u015fke s\u0131rayla gitseydiniz. Zaten i\u015f olmuyor, esnaf gelemiyor. \u0130\u015f kayb\u0131m var.&#8221;<\/b><\/em> dedi.<\/p>\n<p>\u0130\u015f yerinin ikinci kez su bask\u0131n\u0131na maruz kald\u0131\u011f\u0131n\u0131 belirten G\u00f6za\u00e7, <b><em>&#8220;Partizanl\u0131k yapm\u0131yoruz. Sadece bizi ezmesinler, bizi g\u00f6rs\u00fcnler istiyorum. Su bast\u0131\u011f\u0131nda belediye nerede? Gelip bir \u2018Ge\u00e7mi\u015f olsun&#8217; demek \u00e7ok mu zor?&#8221; <\/em><\/b>s\u00f6zleriyle tepkisini dile getirdi.<\/p>\n<p><img decoding=\"async\" src=\"https:\/\/bihavadis.com\/wp-content\/uploads\/2026\/02\/muglada-belediyenin-calismalari-nedeniyle-is-yerini-su-basan-esnaf-isyan-etti-2-qdFxE6px.jpg\"\/><\/p>\n<p><strong>&#8220;SAVA\u015e ALANI G\u0130B\u0130&#8221;<\/strong><\/p>\n<p>O sokakta ya\u015fayan vatanda\u015flar da\u00a0<b><em>\u2018Evlerimize gidip gelirken adeta \u00e7amura bat\u0131yoruz, \u00f6zellikle ak\u015fam saatlerinde malzemeleri a\u00e7\u0131kta b\u0131rakmas\u0131nlar, borular ciddi tehlike olu\u015fturuyor.&#8217; <\/em><\/b>ifadeleri ile yetkililere duyurmak istediklerini belirtti.<\/p>\n<p><img decoding=\"async\" src=\"https:\/\/bihavadis.com\/wp-content\/uploads\/2026\/02\/muglada-belediyenin-calismalari-nedeniyle-is-yerini-su-basan-esnaf-isyan-etti-3-KPQhFXRc.jpg\"\/><\/p>\n","protected":false},"excerpt":{"rendered":"<p>Marmaris\u2019te altyap\u0131 ve \u00fcst yap\u0131 \u00e7al\u0131\u015fmalar\u0131 s\u0131ras\u0131nda bir kuyum at\u00f6lyesini su bast\u0131. \u0130\u015f yeri sahibi, zarar\u0131n\u0131n b\u00fcy\u00fck oldu\u011funu belirterek belediyeye tepki g\u00f6sterdi.<\/p>\n","protected":false},"author":1,"featured_media":52086,"comment_status":"open","ping_status":"open","sticky":false,"template":"","format":"standard","meta":{"footnotes":""},"categories":[4,13],"tags":[395],"class_list":["post-52085","post","type-post","status-publish","format-standard","has-post-thumbnail","hentry","category-gundem","category-son-dakika","tag-is"],"_links":{"self":[{"href":"https:\/\/bihavadis.com\/index.php\/wp-json\/wp\/v2\/posts\/52085","targetHints":{"allow":["GET"]}}],"collection":[{"href":"https:\/\/bihavadis.com\/index.php\/wp-json\/wp\/v2\/posts"}],"about":[{"href":"https:\/\/bihavadis.com\/index.php\/wp-json\/wp\/v2\/types\/post"}],"author":[{"embeddable":true,"href":"https:\/\/bihavadis.com\/index.php\/wp-json\/wp\/v2\/users\/1"}],"replies":[{"embeddable":true,"href":"https:\/\/bihavadis.com\/index.php\/wp-json\/wp\/v2\/comments?post=52085"}],"version-history":[{"count":1,"href":"https:\/\/bihavadis.com\/index.php\/wp-json\/wp\/v2\/posts\/52085\/revisions"}],"predecessor-version":[{"id":52091,"href":"https:\/\/bihavadis.com\/index.php\/wp-json\/wp\/v2\/posts\/52085\/revisions\/52091"}],"wp:featuredmedia":[{"embeddable":true,"href":"https:\/\/bihavadis.com\/index.php\/wp-json\/wp\/v2\/media\/52086"}],"wp:attachment":[{"href":"https:\/\/bihavadis.com\/index.php\/wp-json\/wp\/v2\/media?parent=52085"}],"wp:term":[{"taxonomy":"category","embeddable":true,"href":"https:\/\/bihavadis.com\/index.php\/wp-json\/wp\/v2\/categories?post=52085"},{"taxonomy":"post_tag","embeddable":true,"href":"https:\/\/bihavadis.com\/index.php\/wp-json\/wp\/v2\/tags?post=52085"}],"curies":[{"name":"wp","href":"https:\/\/api.w.org\/{rel}","templated":true}]}}