{"id":52100,"date":"2026-02-28T00:24:07","date_gmt":"2026-02-28T00:24:07","guid":{"rendered":"https:\/\/bihavadis.com\/?p=52100"},"modified":"2026-02-28T00:24:07","modified_gmt":"2026-02-28T00:24:07","slug":"vali-bakan-asrin-felaketinde-milletimiz-tek-yurek-oldu","status":"publish","type":"post","link":"https:\/\/bihavadis.com\/index.php\/2026\/02\/28\/vali-bakan-asrin-felaketinde-milletimiz-tek-yurek-oldu\/","title":{"rendered":"Vali Bakan: &#8220;Asr\u0131n felaketinde milletimiz tek y\u00fcrek oldu&#8221;"},"content":{"rendered":"<p> Amasya Valisi \u00d6nder Bakan, 6 \u015eubat 2023&#8217;te meydana gelen ve &#8220;Asr\u0131n Felaketi&#8221; olarak an\u0131lan Kahramanmara\u015f merkezli depremlerin \u00fc\u00e7\u00fcnc\u00fc y\u0131l d\u00f6n\u00fcm\u00fcnde, depremlerin ard\u0131ndan Amasya&#8217;n\u0131n Suluova il\u00e7esine yerle\u015fen Ceylan ailesini ziyaret etti. Ziyarette hayat\u0131n\u0131 kaybeden vatanda\u015flar\u0131 rahmet ve minnetle anan Vali Bakan, devlet\u2013millet dayan\u0131\u015fmas\u0131n\u0131n deprem s\u00fcrecindeki \u00f6nemine dikkat \u00e7ekti.<\/p>\n<p>Depremlerin ilk an\u0131ndan itibaren devletin t\u00fcm kurum ve imkanlar\u0131yla sahada olup arama kurtarma faaliyetlerinden acil bar\u0131nma ve sa\u011fl\u0131k hizmetlerine, ge\u00e7ici ya\u015fam alanlar\u0131ndan kal\u0131c\u0131 konutlar\u0131n in\u015fas\u0131na kadar kapsaml\u0131 bir m\u00fccadele y\u00fcr\u00fct\u00fcld\u00fc\u011f\u00fcne de\u011finen Vali Bakan, &#8220;Bu s\u00fcre\u00e7te altyap\u0131dan e\u011fitime, sa\u011fl\u0131ktan sosyal desteklere kadar her alanda yaralar\u0131n sar\u0131lmas\u0131 i\u00e7in yo\u011fun bir \u00e7al\u0131\u015fma ger\u00e7ekle\u015ftirilmi\u015ftir. Cumhurba\u015fkan\u0131m\u0131z Recep Tayyip Erdo\u011fan&#8217;\u0131n riyasetinde, devlet ve millet el ele vererek t\u00fcm g\u00f6n\u00fcl co\u011frafyam\u0131zla birlikte &#8220;asr\u0131n birlikteli\u011fi&#8221; ruhuyla yaralar\u0131 sarmak, kaybettiklerimizin aziz hat\u0131ras\u0131na sahip \u00e7\u0131kmak ve gelece\u011fe daha sa\u011flam ad\u0131mlarla y\u00fcr\u00fcmek amac\u0131yla b\u00fcy\u00fck bir seferberlik ba\u015flat\u0131lm\u0131\u015ft\u0131r. T\u00fcm kurumlar\u0131m\u0131z, sivil toplum kurulu\u015flar\u0131m\u0131z, g\u00f6n\u00fcll\u00fclerimiz ve aziz milletimiz tek y\u00fcrek halinde harekete ge\u00e7mi\u015ftir. Kimi g\u00f6zya\u015flar\u0131yla dua etmi\u015f, kimi elleriyle enkaz kald\u0131rm\u0131\u015f, kimi ekme\u011fini payla\u015fm\u0131\u015ft\u0131r. K\u0131sacas\u0131 herkes, bu b\u00fcy\u00fck felaket kar\u015f\u0131s\u0131nda omuz omuza vererek dayan\u0131\u015fman\u0131n ve karde\u015fli\u011fin en g\u00fc\u00e7l\u00fc \u00f6rne\u011fini sergilemi\u015f, milletimizin b\u00fcy\u00fckl\u00fc\u011f\u00fcn\u00fc, vakur duru\u015funu ve sars\u0131lmaz birli\u011fini t\u00fcm d\u00fcnyaya bir kez daha g\u00f6stermi\u015ftir&#8221; diye konu\u015ftu.<\/p>\n<p>Depremlerin ard\u0131ndan geldikleri Amasya&#8217;n\u0131n Suluova il\u00e7esine yerle\u015fen Ceylan ailesine ziyarette bulunup bug\u00fcn gelinen noktada Aral\u0131k ay\u0131nda 455 bininci konutun anahtar teslimi ger\u00e7ekle\u015ftirilmesiyle kal\u0131c\u0131 konutlar\u0131n b\u00fcy\u00fck b\u00f6l\u00fcm\u00fcn\u00fcn tamamland\u0131\u011f\u0131na i\u015faret eden Bakan, &#8220;Devletimiz bu s\u00fcre\u00e7te devrim niteli\u011finde bir kentsel d\u00f6n\u00fc\u015f\u00fcm \u00f6rne\u011fi ortaya koyarak depremden etkilenen 11 ilimizde yaln\u0131zca konutlar\u0131 de\u011fil, \u015fehirlerin tarihi dokusunu ve meydanlar\u0131n\u0131 da yeniden aya\u011fa kald\u0131rm\u0131\u015ft\u0131r. Bu do\u011frultuda, afetlere kar\u015f\u0131 daha diren\u00e7li \u015fehirler in\u015fa etmek, riskleri en aza indirmek ve vatanda\u015flar\u0131m\u0131z\u0131n g\u00fcvenli\u011fini esas alan bir anlay\u0131\u015fla \u00e7al\u0131\u015fmalar kararl\u0131l\u0131kla s\u00fcrd\u00fcr\u00fclmektedir. Bu b\u00fcy\u00fck felaket, milletimizin birlik ve beraberlik ruhunu bir kez daha ortaya koymu\u015f, devlet\u2013millet dayan\u0131\u015fmas\u0131n\u0131n en g\u00fc\u00e7l\u00fc \u00f6rneklerinden biri ya\u015fanm\u0131\u015ft\u0131r. Bu dayan\u0131\u015fma ruhu, gelece\u011fe dair umutlar\u0131m\u0131z\u0131 da diri tutmaktad\u0131r. Bu vesileyle, 6 \u015eubat depremlerinde hayat\u0131n\u0131 kaybeden t\u00fcm vatanda\u015flar\u0131m\u0131za Allah&#8217;tan rahmet, yak\u0131nlar\u0131na ve aziz milletimize sab\u0131r ve ba\u015f sa\u011fl\u0131\u011f\u0131 diliyor, Rabb&#8217;imden birli\u011fimizi ve dirli\u011fimizi daim eylemesini, \u00fclkemizi ve milletimizi her t\u00fcrl\u00fc afetten muhafaza etmesini niyaz ediyorum&#8221; ifadelerini kulland\u0131. &#8211; AMASYA<\/p>\n","protected":false},"excerpt":{"rendered":"<p>Amasya Valisi \u00d6nder Bakan, 6 \u015eubat 2023&#8217;te meydana gelen ve &#8220;Asr\u0131n Felaketi&#8221; olarak an\u0131lan Kahramanmara\u015f merkezli depremlerin \u00fc\u00e7\u00fcnc\u00fc y\u0131l d\u00f6n\u00fcm\u00fcnde, depremlerin ard\u0131ndan Amasya&#8217;n\u0131n Suluova il\u00e7esine yerle\u015fen Ceylan ailesini ziyaret etti.<\/p>\n","protected":false},"author":1,"featured_media":52101,"comment_status":"open","ping_status":"open","sticky":false,"template":"","format":"standard","meta":{"footnotes":""},"categories":[8],"tags":[6604,1247,2113],"class_list":["post-52100","post","type-post","status-publish","format-standard","has-post-thumbnail","hentry","category-ekonomi","tag-depremlerin","tag-devlet","tag-millet"],"_links":{"self":[{"href":"https:\/\/bihavadis.com\/index.php\/wp-json\/wp\/v2\/posts\/52100","targetHints":{"allow":["GET"]}}],"collection":[{"href":"https:\/\/bihavadis.com\/index.php\/wp-json\/wp\/v2\/posts"}],"about":[{"href":"https:\/\/bihavadis.com\/index.php\/wp-json\/wp\/v2\/types\/post"}],"author":[{"embeddable":true,"href":"https:\/\/bihavadis.com\/index.php\/wp-json\/wp\/v2\/users\/1"}],"replies":[{"embeddable":true,"href":"https:\/\/bihavadis.com\/index.php\/wp-json\/wp\/v2\/comments?post=52100"}],"version-history":[{"count":1,"href":"https:\/\/bihavadis.com\/index.php\/wp-json\/wp\/v2\/posts\/52100\/revisions"}],"predecessor-version":[{"id":52102,"href":"https:\/\/bihavadis.com\/index.php\/wp-json\/wp\/v2\/posts\/52100\/revisions\/52102"}],"wp:featuredmedia":[{"embeddable":true,"href":"https:\/\/bihavadis.com\/index.php\/wp-json\/wp\/v2\/media\/52101"}],"wp:attachment":[{"href":"https:\/\/bihavadis.com\/index.php\/wp-json\/wp\/v2\/media?parent=52100"}],"wp:term":[{"taxonomy":"category","embeddable":true,"href":"https:\/\/bihavadis.com\/index.php\/wp-json\/wp\/v2\/categories?post=52100"},{"taxonomy":"post_tag","embeddable":true,"href":"https:\/\/bihavadis.com\/index.php\/wp-json\/wp\/v2\/tags?post=52100"}],"curies":[{"name":"wp","href":"https:\/\/api.w.org\/{rel}","templated":true}]}}