{"id":52143,"date":"2026-02-28T01:00:11","date_gmt":"2026-02-28T01:00:11","guid":{"rendered":"https:\/\/bihavadis.com\/?p=52143"},"modified":"2026-02-28T01:00:11","modified_gmt":"2026-02-28T01:00:11","slug":"seferihisarda-sel-magdurlarina-ekonomik-yardim","status":"publish","type":"post","link":"https:\/\/bihavadis.com\/index.php\/2026\/02\/28\/seferihisarda-sel-magdurlarina-ekonomik-yardim\/","title":{"rendered":"Seferihisar&#8217;da sel ma\u011fdurlar\u0131na ekonomik yard\u0131m"},"content":{"rendered":"<p>\u0130zmir genelinde etkili olan sel felaketinin ard\u0131ndan vatanda\u015flar\u0131n ya\u015fad\u0131\u011f\u0131 ma\u011fduriyetlerin giderilmesi amac\u0131yla al\u0131nan Afet Komisyonu kararlar\u0131 do\u011frultusunda Seferihisar Belediyesi, sosyal belediyecilik anlay\u0131\u015f\u0131yla kapsaml\u0131 destek \u00e7al\u0131\u015fmalar\u0131n\u0131 hayata ge\u00e7iriyor.<\/p>\n<p>Afetten etkilenen yurtta\u015flar\u0131n ekonomik ve sosyal a\u00e7\u0131dan yeniden toparlanabilmesi i\u00e7in hem maddi hem de ayni yard\u0131mlar il\u00e7ede h\u0131zl\u0131 bir \u015fekilde uygulanmaya ba\u015flanacak.<\/p>\n<p>\u0130zmir B\u00fcy\u00fck\u015fehir Belediyesi Afet Yard\u0131m Komisyonu taraf\u0131ndan al\u0131nan karar kapsam\u0131nda; sel felaketinde a\u011f\u0131r hasar g\u00f6ren vatanda\u015flara 52 bin TL, orta hasarl\u0131 yap\u0131lara 26 bin TL, hafif hasarl\u0131 yap\u0131lara ise 15 bin TL tutar\u0131nda destek sa\u011flanacak.\u00a0<\/p>\n<p>Bunun yan\u0131 s\u0131ra, afetin etkiledi\u011fi b\u00f6lgelerde belirlenen abonelere ait su faturalar\u0131n\u0131n iki ay s\u00fcreyle sosyal destek kapsam\u0131nda kar\u015f\u0131lanmas\u0131 kararla\u015ft\u0131r\u0131ld\u0131.<\/p>\n<p>Seferihisar Belediyesi ekipleri, \u0130zmir B\u00fcy\u00fck\u015fehir Belediyesi ve ilgili birimlerle koordineli \u015fekilde y\u00fcr\u00fct\u00fclen \u00e7al\u0131\u015fmalar kapsam\u0131nda, hasar tespit s\u00fcre\u00e7lerinin ard\u0131ndan ihtiya\u00e7 sahibi vatanda\u015flara e\u015fya ve temel ya\u015fam destekleri ula\u015ft\u0131racak. Sosyal Hizmetler birimleri arac\u0131l\u0131\u011f\u0131yla ger\u00e7ekle\u015ftirilecek yard\u0131mlar, afetten etkilenen yurtta\u015flar\u0131n g\u00fcnl\u00fck ya\u015famlar\u0131n\u0131 yeniden kurabilmelerini hedefliyor.<\/p>\n<p>\u201cZor g\u00fcnleri dayan\u0131\u015fmayla a\u015faca\u011f\u0131z\u201d<\/p>\n<p>Seferihisar Belediye Ba\u015fkan\u0131 \u0130smail Yeti\u015fkin, ya\u015fanan afetin ard\u0131ndan belediyenin t\u00fcm imk\u00e2nlar\u0131yla sahada oldu\u011funu belirterek \u015fu a\u00e7\u0131klamalarda bulundu:<\/p>\n<p>\u201cSel felaketi yaln\u0131zca fiziki hasarlar b\u0131rakmad\u0131; bir\u00e7ok vatanda\u015f\u0131m\u0131z\u0131n ya\u015fam d\u00fczeni de ciddi \u015fekilde etkilendi. Sosyal belediyecilik anlay\u0131\u015f\u0131m\u0131z gere\u011fi hi\u00e7bir hem\u015fehrimizi yaln\u0131z b\u0131rakm\u0131yoruz. Dayan\u0131\u015fmay\u0131 b\u00fcy\u00fcterek yaralar\u0131 birlikte saraca\u011f\u0131z. Maddi desteklerin yan\u0131 s\u0131ra e\u015fya yard\u0131mlar\u0131, sosyal hizmet deste\u011fi ve saha \u00e7al\u0131\u015fmalar\u0131m\u0131zla vatanda\u015flar\u0131m\u0131z\u0131n yeniden g\u00fcvenli ve sa\u011fl\u0131kl\u0131 bir ya\u015fam kurmalar\u0131 i\u00e7in \u00e7al\u0131\u015f\u0131yoruz. Seferihisar\u2019da kimse kendini yaln\u0131z hissetmeyecek.\u201d<\/p>\n<p>Ba\u015fkan Yeti\u015fkin, afet sonras\u0131 s\u00fcre\u00e7te en \u00f6nemli unsurun toplumsal dayan\u0131\u015fma oldu\u011funu vurgulayarak, belediyenin kriz anlar\u0131nda yaln\u0131zca altyap\u0131 hizmetleriyle de\u011fil sosyal destek mekanizmalar\u0131yla da vatanda\u015f\u0131n yan\u0131nda olmaya devam edece\u011fini ifade etti.<\/p>\n<p>\u201cSosyal Belediyecilik\u201d \u00f6n planda<\/p>\n<p>Seferihisar Belediyesi, afet sonras\u0131 destek s\u00fcrecini yaln\u0131zca k\u0131sa vadeli yard\u0131mlarla s\u0131n\u0131rl\u0131 tutmayarak, ihtiya\u00e7 sahibi ailelerin uzun vadeli sosyal desteklere eri\u015fimini de sa\u011flayacak. Psikososyal destekten temel ev e\u015fyas\u0131 teminine kadar geni\u015f bir yelpazede planlanan \u00e7al\u0131\u015fmalar, Sosyal Hizmetler ekiplerinin koordinasyonunda s\u00fcrd\u00fcr\u00fclecek.<\/p>\n<p>Afetin ilk an\u0131ndan itibaren sahada aktif g\u00f6rev alan belediye ekipleri; temizlik, su tahliye, \u00e7evre d\u00fczenleme ve hasar tespit \u00e7al\u0131\u015fmalar\u0131n\u0131 aral\u0131ks\u0131z s\u00fcrd\u00fcr\u00fcrken, sosyal yard\u0131m ekipleri de hane ziyaretleriyle ihtiya\u00e7lar\u0131 birebir belirlemeye devam ediyor.<\/p>\n<p>Seferihisar Belediyesi, dayan\u0131\u015fma k\u00fclt\u00fcr\u00fcn\u00fc b\u00fcy\u00fcten yerel y\u00f6netim anlay\u0131\u015f\u0131yla, afetin yaratt\u0131\u011f\u0131 ma\u011fduriyetleri en k\u0131sa s\u00fcrede ortadan kald\u0131rmak ve vatanda\u015flar\u0131n ya\u015fam\u0131n\u0131 yeniden g\u00fcvence alt\u0131na almak i\u00e7in \u00e7al\u0131\u015fmalar\u0131n\u0131 kararl\u0131l\u0131kla s\u00fcrd\u00fcr\u00fcyor.<\/p>\n<p>\u00a0<\/p>\n<p>Kaynak: (BYZHA) Beyaz Haber Ajans\u0131<\/p>\n","protected":false},"excerpt":{"rendered":"<p>\u0130zmir genelinde etkili olan sel felaketinin ard\u0131ndan vatanda\u015flar\u0131n ya\u015fad\u0131\u011f\u0131 ma\u011fduriyetlerin giderilmesi amac\u0131yla al\u0131nan Afet Komisyonu kararlar\u0131 do\u011frultusunda Seferihisar Belediyesi, sosyal belediyecilik anlay\u0131\u015f\u0131yla kapsaml\u0131 destek \u00e7al\u0131\u015fmalar\u0131n\u0131 hayata ge\u00e7iriyor.<\/p>\n","protected":false},"author":1,"featured_media":52144,"comment_status":"open","ping_status":"open","sticky":false,"template":"","format":"standard","meta":{"footnotes":""},"categories":[4],"tags":[1194,372,991,498,172],"class_list":["post-52143","post","type-post","status-publish","format-standard","has-post-thumbnail","hentry","category-gundem","tag-afet","tag-belediye","tag-calismalar","tag-destek","tag-sosyal"],"_links":{"self":[{"href":"https:\/\/bihavadis.com\/index.php\/wp-json\/wp\/v2\/posts\/52143","targetHints":{"allow":["GET"]}}],"collection":[{"href":"https:\/\/bihavadis.com\/index.php\/wp-json\/wp\/v2\/posts"}],"about":[{"href":"https:\/\/bihavadis.com\/index.php\/wp-json\/wp\/v2\/types\/post"}],"author":[{"embeddable":true,"href":"https:\/\/bihavadis.com\/index.php\/wp-json\/wp\/v2\/users\/1"}],"replies":[{"embeddable":true,"href":"https:\/\/bihavadis.com\/index.php\/wp-json\/wp\/v2\/comments?post=52143"}],"version-history":[{"count":1,"href":"https:\/\/bihavadis.com\/index.php\/wp-json\/wp\/v2\/posts\/52143\/revisions"}],"predecessor-version":[{"id":52145,"href":"https:\/\/bihavadis.com\/index.php\/wp-json\/wp\/v2\/posts\/52143\/revisions\/52145"}],"wp:featuredmedia":[{"embeddable":true,"href":"https:\/\/bihavadis.com\/index.php\/wp-json\/wp\/v2\/media\/52144"}],"wp:attachment":[{"href":"https:\/\/bihavadis.com\/index.php\/wp-json\/wp\/v2\/media?parent=52143"}],"wp:term":[{"taxonomy":"category","embeddable":true,"href":"https:\/\/bihavadis.com\/index.php\/wp-json\/wp\/v2\/categories?post=52143"},{"taxonomy":"post_tag","embeddable":true,"href":"https:\/\/bihavadis.com\/index.php\/wp-json\/wp\/v2\/tags?post=52143"}],"curies":[{"name":"wp","href":"https:\/\/api.w.org\/{rel}","templated":true}]}}