{"id":52178,"date":"2026-02-28T01:30:08","date_gmt":"2026-02-28T01:30:08","guid":{"rendered":"https:\/\/bihavadis.com\/?p=52178"},"modified":"2026-02-28T01:30:08","modified_gmt":"2026-02-28T01:30:08","slug":"cin-turkiye-iliskilerinin-55-yili","status":"publish","type":"post","link":"https:\/\/bihavadis.com\/index.php\/2026\/02\/28\/cin-turkiye-iliskilerinin-55-yili\/","title":{"rendered":"\u00c7in-T\u00fcrkiye \u0130li\u015fkilerinin 55. Y\u0131l\u0131"},"content":{"rendered":"<p>\n<p>\u00c7\u0130N&#8217;in Ankara B\u00fcy\u00fckel\u00e7isi Jiang Xuebin, \u00c7in ile T\u00fcrkiye aras\u0131nda diplomatik ili\u015fkilerin tesisinin 55&#8217;inci y\u0131l d\u00f6n\u00fcm\u00fc dolay\u0131s\u0131yla yapt\u0131\u011f\u0131 de\u011ferlendirmede, iki \u00fclke aras\u0131ndaki ili\u015fkilerin daha olgun, istikrarl\u0131 ve kar\u015f\u0131l\u0131kl\u0131 faydaya dayal\u0131 yeni bir a\u015famaya girdi\u011fini s\u00f6yledi.<\/p>\n<p>B\u00fcy\u00fckel\u00e7i Jiang Xuebin, T\u00fcrkiye ile \u00c7in aras\u0131ndaki diplomatik ili\u015fkilerin tesisinin 55&#8217;inci y\u0131ld\u00f6n\u00fcm\u00fc dolay\u0131s\u0131yla yaz\u0131l\u0131 a\u00e7\u0131klamada yapt\u0131. B\u00fcy\u00fckel\u00e7i Xuebin, &#8220;Bu y\u0131l, \u00c7in-T\u00fcrkiye diplomatik ili\u015fkilerinin kurulu\u015funun 55&#8217;inci y\u0131l d\u00f6n\u00fcm\u00fcd\u00fcr. Konf\u00fc\u00e7y\u00fcs \u015f\u00f6yle der; &#8216;\u0130nsan elli ya\u015f\u0131nda kaderini kavrar, altm\u0131\u015f ya\u015f\u0131nda ise s\u00f6ylenenleri g\u00f6n\u00fcl rahatl\u0131\u011f\u0131yla dinler.&#8217; Bu s\u00f6z, \u00fclkeler aras\u0131 ili\u015fkiler i\u00e7in de ge\u00e7erlidir. \u00c7in-T\u00fcrkiye ili\u015fkileri, &#8216;ge\u00e7ici bulutlar\u0131n g\u00f6r\u00fc\u015f\u00fc engellemesine ald\u0131rmadan&#8217; ilerleyerek bir &#8216;kaderini kavrayan&#8217; y\u0131l\u0131 geride b\u0131rakm\u0131\u015f, daha olgun bir yeni a\u015famaya girmi\u015ftir. \u00c7in ve T\u00fcrkiye 1971 y\u0131l\u0131nda resmen diplomatik ili\u015fkiler kurmu\u015f, 2010 y\u0131l\u0131nda ise stratejik i\u015f birli\u011fi ili\u015fkisini tesis etmi\u015ftir. Halihaz\u0131rda iki \u00fclke aras\u0131ndaki kar\u015f\u0131l\u0131kl\u0131 siyasi g\u00fcven s\u00fcrekli g\u00fc\u00e7lenmekte, her alandaki i\u015f birli\u011fi s\u0131\u00e7ramal\u0131 bir geli\u015fme g\u00f6stermektedir&#8221; dedi.<\/p>\n<p>B\u00fcy\u00fckel\u00e7i Xuebin, iki \u00fclke aras\u0131ndaki ticaret hacminin birka\u00e7 milyon dolardan yakla\u015f\u0131k 50 milyar dolara \u00e7\u0131kt\u0131\u011f\u0131n\u0131, kar\u015f\u0131l\u0131kl\u0131 yat\u0131r\u0131mlar\u0131n ise 3,6 milyar dolara ula\u015ft\u0131\u011f\u0131n\u0131 belirtti. B\u00fcy\u00fckel\u00e7i Xuebin, T\u00fcrkiye&#8217;yi ziyaret eden \u00c7inli turist say\u0131s\u0131n\u0131n eskiden s\u0131n\u0131rl\u0131 d\u00fczeyde oldu\u011funu, \u015fimdi ise 400 bin ki\u015fiyi a\u015ft\u0131\u011f\u0131n\u0131 belirtti. B\u00fcy\u00fckel\u00e7i Xuebin, \u00c7in ve Anadolu uygarl\u0131klar\u0131n\u0131n birbirini tamamlad\u0131\u011f\u0131n\u0131, iki \u00fclkenin kalk\u0131nma, bar\u0131\u015f ve uluslararas\u0131 i\u015f birli\u011fi konular\u0131nda birlikte hareket etti\u011fini ifade etti.<\/p>\n<p>&#8216;T\u00dcRK \u015e\u0130RKETLER\u0130NDEN \u00c7\u0130N&#8217;E B\u00dcY\u00dcK YATIRIMLAR&#8217;<\/p>\n<p>B\u00fcy\u00fckel\u00e7i Xuebin, \u00c7in ile T\u00fcrkiye&#8217;nin ekonomik d\u00f6n\u00fc\u015f\u00fcm ve kalk\u0131nma, ulusal g\u00fc\u00e7lenme ve yeniden canlanma hedeflerine gidecek kritik a\u015famada bulundu\u011funu kaydetti. \u00c7in&#8217;in b\u00fcy\u00fck potansiyele sahip devasa bir pazarla, T\u00fcrk firmalar\u0131 i\u00e7in \u00f6nemli f\u0131rsatlar sundu\u011funu ifade eden B\u00fcy\u00fckel\u00e7i Xuebin, K\u00d6KSAN Grubu&#8217;nun Jiangsu eyaletinde 700 milyon dolar\u0131 a\u015fan ye\u015fil polyester \u00fcretim yat\u0131r\u0131m\u0131 yapt\u0131\u011f\u0131n\u0131, Sampa Otomotiv&#8217;in de ilk yurt d\u0131\u015f\u0131 \u00fcretim tesisini yine bu eyalette kurdu\u011funu hat\u0131rlatt\u0131. T\u00fcrk f\u0131st\u0131\u011f\u0131, s\u00fct \u00fcr\u00fcnleri ve zeytinya\u011f\u0131n\u0131n \u00c7in pazar\u0131na girdi\u011fini belirten B\u00fcy\u00fckel\u00e7i Xuebin, Arzum ve LAVA gibi markalar\u0131n da \u00c7inli t\u00fcketicilerden yo\u011fun ilgi g\u00f6rd\u00fc\u011f\u00fcn\u00fc s\u00f6yledi. B\u00fcy\u00fckel\u00e7i Xuebin, MADO ve T\u00fcrk kebaplar\u0131n\u0131n toplu \u015fekilde \u00c7in pazar\u0131na girdi\u011fini ve fenomen bir mekan haline geldi\u011fini belirtti.<\/p>\n<p>&#8216;\u00c7\u0130NL\u0130 \u015e\u0130RKETLER\u0130N T\u00dcRK\u0130YE&#8217;YE YATIRIM \u0130LG\u0130S\u0130 S\u00dcREKL\u0130 ARTMAKTADIR&#8217;<\/p>\n<p>B\u00fcy\u00fckel\u00e7i Xuebin, \u00c7inli \u015firketlerin yurt d\u0131\u015f\u0131na a\u00e7\u0131l\u0131rken \u00c7in standartlar\u0131n\u0131 ve teknolojilerini de yurtd\u0131\u015f\u0131na ta\u015f\u0131d\u0131\u011f\u0131n\u0131, T\u00fcrkiye&#8217;nin kalk\u0131nmas\u0131 ve d\u00f6n\u00fc\u015f\u00fcm\u00fcne yeni bir ivme kazand\u0131rd\u0131\u011f\u0131n\u0131 s\u00f6yledi. Ankara-\u0130stanbul Y\u00fcksek H\u0131zl\u0131 Tren Projesi&#8217;nin 2&#8217;nci etab\u0131n\u0131n hizmete girmesiyle T\u00fcrkiye&#8217;nin y\u00fcksek h\u0131zl\u0131 tren \u00e7a\u011f\u0131n\u0131n kap\u0131lar\u0131n\u0131n araland\u0131\u011f\u0131n\u0131 belirten B\u00fcy\u00fckel\u00e7i Xuebin, T\u00fcrkiye&#8217;nin ilk y\u00fcksek h\u0131zl\u0131 metro hatt\u0131 olan &#8216;Gayrettepe-\u0130stanbul Havaliman\u0131 Metro Hatt\u0131&#8217;n\u0131n halk\u0131n ula\u015f\u0131m\u0131na yeni ve pratik bir se\u00e7enek sundu\u011funu ifade etti. Aksaray ilindeki Tuz G\u00f6l\u00fc Do\u011fal Gaz Depolama Tesisi&#8217;nin ise T\u00fcrkiye&#8217;nin do\u011falgaz depolama kapasitesini \u00f6nemli \u00f6l\u00e7\u00fcde art\u0131rarak enerji arz\u0131 ve g\u00fcvenli\u011fini g\u00fc\u00e7l\u00fc bi\u00e7imde sa\u011flad\u0131\u011f\u0131n\u0131 belirtti.<\/p>\n<p>\u00c7inli \u015firketlerin T\u00fcrkiye&#8217;ye yat\u0131r\u0131m ilgisinin s\u00fcrekli artt\u0131\u011f\u0131n\u0131 vurgulayan B\u00fcy\u00fckel\u00e7i Xuebin, &#8220;\u00c7in&#8217;in T\u00fcrkiye&#8217;ye yapt\u0131\u011f\u0131 toplam do\u011frudan yat\u0131r\u0131m 3,2 milyar ABD dolar\u0131n\u0131 a\u015fm\u0131\u015ft\u0131r. \u00c7ok say\u0131da \u00c7in sermayeli \u015firket T\u00fcrkiye&#8217;nin \u00e7e\u015fitli sekt\u00f6rlerinde faaliyet g\u00f6stermekte, bir\u00e7ok istihdam yaratman\u0131n yan\u0131 s\u0131ra sosyal sorumluluklar\u0131n\u0131 da aktif bi\u00e7imde yerine getirmektedir. \u00c7in&#8217;in T\u00fcrkiye&#8217;deki en b\u00fcy\u00fck do\u011frudan yat\u0131r\u0131m projesi olan Emba Hunutlu Termik Elektrik Santrali, elektrik talebini etkili bir \u015fekilde kar\u015f\u0131larken, ar\u0131t\u0131lm\u0131\u015f at\u0131k suyun tar\u0131msal sulamada kullan\u0131lmas\u0131yla su sorununa da \u00e7\u00f6z\u00fcm sa\u011flam\u0131\u015ft\u0131r. 2023 y\u0131l\u0131nda T\u00fcrkiye&#8217;de meydana gelen \u015fiddetli deprem sonras\u0131nda, \u00c7inli \u015firketler hayatlar\u0131 korumak i\u00e7in g\u00f6n\u00fcll\u00fc olarak afet b\u00f6lgelerine cesurca ko\u015ftu&#8221; dedi.<\/p>\n<p>&#8216;TEKST\u0130L SEKT\u00d6R\u00dcN\u00dcN YURT DI\u015eI DO\u011eRUDAN YATIRIM STOKU 12 M\u0130LYAR ABD DOLARINA ULA\u015eMI\u015eTIR&#8217;<\/p>\n<p>B\u00fcy\u00fckel\u00e7i Xuebin, s\u00f6zlerine \u015f\u00f6yle devam etti; &#8220;\u00c7in-T\u00fcrkiye i\u015f birli\u011fi, dalgalar\u0131 yararak ilerleyen b\u00fcy\u00fck bir gemi gibi yol al\u0131rken baz\u0131 risk ve zorluklarla da kar\u015f\u0131la\u015fabilir. Bu s\u00fcre\u00e7te ileti\u015fimin g\u00fc\u00e7lendirilmesi ve yanl\u0131\u015f anlamalar\u0131n giderilmesi gerekmektedir. \u00d6rne\u011fin, \u015f\u00f6yle bir iddia dikkatimi \u00e7ekmi\u015ftir; \u00c7in sanayisinin geli\u015fimi, pazar\u0131 daralt\u0131p sanayi zincirini ele ge\u00e7irerek T\u00fcrk \u015firketlerinin zarar etmesine hatta iflas etmesine yol a\u00e7m\u0131\u015ft\u0131r. Bu iddia ger\u00e7e\u011fi yans\u0131tmamaktad\u0131r. Tekstil sekt\u00f6r\u00fc bunun iyi bir \u00f6rne\u011fidir. Son d\u00f6nemde T\u00fcrkiye tekstil sekt\u00f6r\u00fcn\u00fcn ihracatlar\u0131 ve pazar pay\u0131nda farkl\u0131 oranlarda d\u00fc\u015f\u00fc\u015fler ya\u015fanm\u0131\u015f, bir\u00e7ok firma \u00fcretim hatlar\u0131n\u0131 yurt d\u0131\u015f\u0131na ta\u015f\u0131may\u0131 tercih etmi\u015ftir. Baz\u0131lar\u0131 \u00c7in&#8217;i su\u00e7lamaktad\u0131r. Asl\u0131nda k\u00fcresel talepteki zay\u0131flama, i\u015f g\u00fcc\u00fc ve \u00fcretim maliyetlerindeki art\u0131\u015f ile finansmana eri\u015fimde ya\u015fanan zorluklar, sekt\u00f6r\u00fcn daralmas\u0131n\u0131n temel nedenleridir. 2010&#8217;lu y\u0131llar\u0131n ba\u015flar\u0131nda, genel \u00fcretim maliyetlerindeki art\u0131\u015fla birlikte bir\u00e7ok uluslararas\u0131 al\u0131c\u0131 daha d\u00fc\u015f\u00fck maliyetli G\u00fcneydo\u011fu Asya ve G\u00fcney Asya \u00fclkelerine y\u00f6nelmi\u015ftir. 2018 sonras\u0131nda &#8216;yak\u0131n k\u0131y\u0131 d\u0131\u015f kaynak kullan\u0131m\u0131&#8217; (Nearshoring) ve &#8216;dost \u00fclkelerle d\u0131\u015f kaynak kullan\u0131m\u0131n\u0131n&#8217; (Friendshoring) tedarik zinciri d\u00fczenlemelerinde yeni bir e\u011filim haline gelmesiyle Latin Amerika, Afrika \u00fclkeleri ve Avrupa Birli\u011fi i\u00e7i ticaretin rol\u00fc artm\u0131\u015ft\u0131r. \u00c7in tekstil sekt\u00f6r\u00fc ise, \u00e7oktan fakt\u00f6r maliyetlerine dayal\u0131 rekabetten uzakla\u015fm\u0131\u015f, k\u00fcresel sanayi yap\u0131lanmas\u0131na aktif bi\u00e7imde kat\u0131larak k\u00fcresel tedarik zincirleri tesis etmi\u015ftir. Bug\u00fcn itibar\u0131yla sekt\u00f6r\u00fcn yurt d\u0131\u015f\u0131 do\u011frudan yat\u0131r\u0131m stoku 12 milyar ABD dolar\u0131na ula\u015fm\u0131\u015ft\u0131r.&#8221;<\/p>\n<p>&#8216;\u00c7\u0130N-T\u00dcRK\u0130YE \u0130\u015e B\u0130RL\u0130\u011e\u0130, T\u00dcRK\u0130YE&#8217;N\u0130N ULUSLARARASI REKABET G\u00dcC\u00dcN\u00dc Y\u00dcKSELTMES\u0130NE DESTEK SA\u011eLAMI\u015eTIR&#8217;<\/p>\n<p>\u00c7in-T\u00fcrkiye ticaretindeki dengesizlik konusunun da s\u0131kl\u0131kla g\u00fcndeme geldi\u011fini hat\u0131rlatan B\u00fcy\u00fckel\u00e7i Xuebin, &#8220;Asl\u0131nda, T\u00fcrkiye&#8217;nin \u00c7in&#8217;den ithal etti\u011fi \u00fcr\u00fcnlerin y\u00fczde 80&#8217;i elektronik \u00fcr\u00fcnler, makine ve ekipmanlar, end\u00fcstriyel hammaddeler gibi ara mallardan olu\u015fmaktad\u0131r. Bunlar tam da T\u00fcrkiye&#8217;nin ba\u015fl\u0131ca ihra\u00e7 \u00fcr\u00fcnleridir. Yine tekstil sekt\u00f6r\u00fcn\u00fc \u00f6rnek alal\u0131m. \u0130plik, T\u00fcrkiye&#8217;nin tekstil ihracat\u0131n\u0131n yakla\u015f\u0131k y\u00fczde 21&#8217;ini olu\u015fturmaktad\u0131r. T\u00fcrkiye, k\u00fcresel iplik ticaretinde y\u00fczde 3,1 paya sahip bulunmakta ve bu ipli\u011fin b\u00fcy\u00fck bir k\u0131sm\u0131 \u00c7in&#8217;den tedarik edilmektedir. Bu durum \u015funu a\u00e7\u0131k\u00e7a g\u00f6stermektedir ki; \u00c7in-T\u00fcrkiye i\u015f birli\u011fi, T\u00fcrkiye&#8217;nin kendi kalk\u0131nmas\u0131n\u0131 zay\u0131flatmak bir yana, aksine \u00fcst ve alt sekt\u00f6rlerin entegrasyonunu g\u00fc\u00e7lendirmi\u015f, T\u00fcrkiye imalat sanayisinin temelini sa\u011flamla\u015ft\u0131rm\u0131\u015f ve ihracat\u0131n\u0131 art\u0131rarak uluslararas\u0131 rekabet g\u00fcc\u00fcn\u00fc y\u00fckseltmesine g\u00fc\u00e7l\u00fc destek sa\u011flam\u0131\u015ft\u0131r&#8221; dedi.<\/p>\n<p>&#8216;KAR\u015eILIKLI FAYDA VE ORTAK KAZANCA DAYALI \u0130\u015e B\u0130RL\u0130\u011e\u0130 GER\u00c7EKLE\u015eT\u0130REB\u0130L\u0130RLER&#8217;<\/p>\n<p>B\u00fcy\u00fckel\u00e7i Xuebin, s\u00f6zlerini \u015f\u00f6yle tamamlad\u0131: <\/p>\n<p>&#8220;Gelecekte, \u00c7in y\u00fcksek kaliteli kalk\u0131nmay\u0131 kararl\u0131l\u0131kla ilerletecek, modern bir sanayi sistemi tesis edecek, ak\u0131ll\u0131la\u015fma, ye\u015fil d\u00f6n\u00fc\u015f\u00fcm ve entegrasyon do\u011frultusunda hizmet sekt\u00f6r\u00fcn\u00fcn nitelikli ve verimli geli\u015fimini ve d\u0131\u015fa a\u00e7\u0131l\u0131m\u0131n\u0131 te\u015fvik edecektir. Kendine \u00f6zg\u00fcn jeostratejik konumu ve sa\u011flam sanayi altyap\u0131s\u0131yla T\u00fcrkiye k\u00fcresel \u00fcretim ve tedarik zincirlerinde \u00f6ne \u00e7\u0131kmakta ve &#8216;2030 Sanayi ve Teknoloji Stratejisi&#8217;ni h\u0131zla hayata ge\u00e7irmektedir. Taraflar stratejilerin entegrasyonunu g\u00fc\u00e7lendirerek kar\u015f\u0131la\u015ft\u0131rmal\u0131 \u00fcst\u00fcnl\u00fcklerinden yararlanabilir. \u00dcst ve alt sekt\u00f6rlerin birbirini tamamlad\u0131\u011f\u0131, kendi g\u00fc\u00e7l\u00fc y\u00f6nlerini ortaya koydu\u011fu ve ayn\u0131 hedef do\u011frultusunda g\u00fc\u00e7 birli\u011fi yapt\u0131\u011f\u0131 bir olumlu etkile\u015fim modeli olu\u015fturabilir. Bilim ve teknoloji ile sanayi inovasyonunun derinlemesine entegrasyonunu te\u015fvik edilebilir, hizmet sekt\u00f6r\u00fc ba\u015fta olmak \u00fczere yeni i\u015f birli\u011fi alanlar\u0131 ke\u015ffedebilir, \u00fc\u00e7\u00fcnc\u00fc \u00fclke pazarlar\u0131nda ortak projeler geli\u015ftirebilir. B\u00f6ylelikle kar\u015f\u0131l\u0131kl\u0131 ad\u0131mlar atarak birbirine yak\u0131nla\u015f\u0131rken daha y\u00fcksek d\u00fczeyde, daha derin ve kar\u015f\u0131l\u0131kl\u0131 fayda ve ortak kazanca dayal\u0131 i\u015f birli\u011fi ger\u00e7ekle\u015ftirebilirler.&#8221;<\/p>\n","protected":false},"excerpt":{"rendered":"<p>B\u00fcy\u00fckel\u00e7i Xuebin, iki \u00fclke ili\u015fkilerinin olgunla\u015ft\u0131\u011f\u0131n\u0131 ve i\u015f birli\u011finin artt\u0131\u011f\u0131n\u0131 vurgulad\u0131.<\/p>\n","protected":false},"author":1,"featured_media":52179,"comment_status":"open","ping_status":"open","sticky":false,"template":"","format":"standard","meta":{"footnotes":""},"categories":[12],"tags":[400,1946,1662,197,700],"class_list":["post-52178","post","type-post","status-publish","format-standard","has-post-thumbnail","hentry","category-siyaset","tag-cin","tag-guc","tag-is-birligi","tag-turkiye","tag-ulke"],"_links":{"self":[{"href":"https:\/\/bihavadis.com\/index.php\/wp-json\/wp\/v2\/posts\/52178","targetHints":{"allow":["GET"]}}],"collection":[{"href":"https:\/\/bihavadis.com\/index.php\/wp-json\/wp\/v2\/posts"}],"about":[{"href":"https:\/\/bihavadis.com\/index.php\/wp-json\/wp\/v2\/types\/post"}],"author":[{"embeddable":true,"href":"https:\/\/bihavadis.com\/index.php\/wp-json\/wp\/v2\/users\/1"}],"replies":[{"embeddable":true,"href":"https:\/\/bihavadis.com\/index.php\/wp-json\/wp\/v2\/comments?post=52178"}],"version-history":[{"count":1,"href":"https:\/\/bihavadis.com\/index.php\/wp-json\/wp\/v2\/posts\/52178\/revisions"}],"predecessor-version":[{"id":52180,"href":"https:\/\/bihavadis.com\/index.php\/wp-json\/wp\/v2\/posts\/52178\/revisions\/52180"}],"wp:featuredmedia":[{"embeddable":true,"href":"https:\/\/bihavadis.com\/index.php\/wp-json\/wp\/v2\/media\/52179"}],"wp:attachment":[{"href":"https:\/\/bihavadis.com\/index.php\/wp-json\/wp\/v2\/media?parent=52178"}],"wp:term":[{"taxonomy":"category","embeddable":true,"href":"https:\/\/bihavadis.com\/index.php\/wp-json\/wp\/v2\/categories?post=52178"},{"taxonomy":"post_tag","embeddable":true,"href":"https:\/\/bihavadis.com\/index.php\/wp-json\/wp\/v2\/tags?post=52178"}],"curies":[{"name":"wp","href":"https:\/\/api.w.org\/{rel}","templated":true}]}}