{"id":5218,"date":"2026-01-29T20:54:06","date_gmt":"2026-01-29T20:54:06","guid":{"rendered":"https:\/\/bihavadis.com\/?p=5218"},"modified":"2026-01-29T20:54:06","modified_gmt":"2026-01-29T20:54:06","slug":"hava-degisimleri-cocuklarda-astim-ataklarini-tetikleyebilir","status":"publish","type":"post","link":"https:\/\/bihavadis.com\/index.php\/2026\/01\/29\/hava-degisimleri-cocuklarda-astim-ataklarini-tetikleyebilir\/","title":{"rendered":"Hava de\u011fi\u015fimleri \u00e7ocuklarda ast\u0131m ataklar\u0131n\u0131 tetikleyebilir"},"content":{"rendered":"<p><strong>Ast\u0131m\u0131n \u00e7ocuklarda s\u0131k g\u00f6r\u00fclen bir akci\u011fer hastal\u0131\u011f\u0131 oldu\u011funu belirten \u00c7ocuk Alerji ve \u0130mm\u00fcnoloji Uzman\u0131 Do\u00e7. Dr. Ayhan S\u00f6\u011f\u00fct, \u201cAst\u0131m ataklar\u0131 yazdan sonbahara ge\u00e7i\u015fte (okullar\u0131n a\u00e7\u0131lmas\u0131 ile) ve k\u0131\u015f aylar\u0131nda artar. Hava de\u011fi\u015fiminde, mevsim ge\u00e7i\u015flerinde, egzersizle, stres durumlar\u0131nda (a\u011flama veya g\u00fclme ile), so\u011fuk-r\u00fczgar ve esintiye maruz kald\u0131\u011f\u0131nda, kokularla (sigara duman\u0131, boya, yumu\u015fat\u0131c\u0131), grip-so\u011fuk alg\u0131nl\u0131\u011f\u0131 ile ast\u0131ma ba\u011fl\u0131 \u00f6ks\u00fcr\u00fck ve h\u0131r\u0131lt\u0131l\u0131 solunum yak\u0131nmalar\u0131 ba\u015flayabilir\u201d dedi.<\/strong><\/p>\n<p>Medical Park Y\u0131ld\u0131zl\u0131 Hastanesi \u00c7ocuk Alerji ve \u0130mm\u00fcnoloji Uzman\u0131 Do\u00e7. Dr. Ayhan S\u00f6\u011f\u00fct, \u00e7ocuklarda ast\u0131m hakk\u0131nda a\u00e7\u0131klamalarda bulundu.<\/p>\n<p>Ast\u0131m\u0131n \u00e7ocuklarda s\u0131k g\u00f6r\u00fclen bir akci\u011fer hastal\u0131\u011f\u0131 oldu\u011funa de\u011finen Do\u00e7. Dr. S\u00f6\u011f\u00fct, \u201cHastal\u0131\u011f\u0131n ortaya \u00e7\u0131kmas\u0131nda genetik ve \u00e7evresel fakt\u00f6rler \u00f6nemlidir. Ast\u0131m i\u00e7in risk fakt\u00f6rleri; anne ya da babada ast\u0131m olmas\u0131, \u00e7ocukta egzama, saman nezlesi veya besin alerjisi olmas\u0131, cilt ve\/veya kandaki alerji testlerinin y\u00fcksek bulunmas\u0131d\u0131r. Ast\u0131ml\u0131 \u00e7ocuklarda en s\u0131k g\u00f6r\u00fclen yak\u0131nmalar tekrarlayan \u00f6ks\u00fcr\u00fck ataklar\u0131d\u0131r. Ayr\u0131ca h\u0131\u015f\u0131lt\u0131l\u0131 solunum, nefes darl\u0131\u011f\u0131 ve g\u00f6\u011f\u00fcste s\u0131k\u0131\u015fma hissi de g\u00f6r\u00fclebilir. Bu yak\u0131nmalar genellikle buhar \u015feklinde verilen ila\u00e7larla d\u00fczelir\u201d diye konu\u015ftu.<\/p>\n<p><strong>YAZDAN SONBAHARA GE\u00c7\u0130\u015eTE \u015e\u0130K\u00c2YETLER ARTAB\u0130L\u0130R<\/strong><\/p>\n<p>Ast\u0131m hastalar\u0131n\u0131n genellikle yaz\u0131n daha rahat oldu\u011funu s\u00f6yleyen Do\u00e7. Dr. S\u00f6\u011f\u00fct, \u201cAst\u0131m ataklar\u0131 yazdan sonbahara ge\u00e7i\u015fte (okullar\u0131n a\u00e7\u0131lmas\u0131 ile) ve k\u0131\u015f aylar\u0131nda artar. Hava de\u011fi\u015fiminde, mevsim ge\u00e7i\u015flerinde, egzersizle, stres durumlar\u0131nda (a\u011flama veya g\u00fclme ile), so\u011fuk-r\u00fczgar ve esintiye maruz kald\u0131\u011f\u0131nda, kokularla (sigara duman\u0131, boya, yumu\u015fat\u0131c\u0131), grip-so\u011fuk alg\u0131nl\u0131\u011f\u0131 ile ast\u0131ma ba\u011fl\u0131 \u00f6ks\u00fcr\u00fck ve h\u0131r\u0131lt\u0131l\u0131 solunum yak\u0131nmalar\u0131 ba\u015flayabilir\u201d \u015feklinde konu\u015ftu.<\/p>\n<p><strong>TEKRARLAYAN \u00d6KS\u00dcR\u00dcKLER VARSA UZMAN HEK\u0130ME DANI\u015eILMALI<\/strong><\/p>\n<p>Hangi durumlarda uzman hekime dan\u0131\u015f\u0131lmas\u0131 gerekti\u011fini dile getiren Do\u00e7. Dr. S\u00f6\u011f\u00fct, \u201cTekrarlayan \u00f6ks\u00fcr\u00fckler, g\u00f6\u011f\u00fcste h\u0131r\u0131lt\u0131l\u0131 solunum veya nefes darl\u0131\u011f\u0131 olan, sonbahar ve k\u0131\u015f aylar\u0131nda grip-so\u011fuk alg\u0131nl\u0131\u011f\u0131 akci\u011ferlerine inen ve buhar \u015feklinde al\u0131nan ila\u00e7larla \u00f6ks\u00fcr\u00fckleri rahatlayan \u00e7ocuklarda ilk \u00f6nce ast\u0131m akla gelmelidir. B\u00f6yle bir \u00e7ocu\u011fun \u00e7ocuk alerji uzman\u0131 taraf\u0131ndan de\u011ferlendirilmesi daha uygundur. \u00c7\u00fcnk\u00fc ast\u0131mla kar\u0131\u015fan ba\u015fka hastal\u0131klar da (imm\u00fcn yetmezlik, kistik fibozis, yabanc\u0131 cisim aspirasyonu, t\u00fcberk\u00fcloz, mide refl\u00fcs\u00fc vb.) bu yak\u0131nmalara neden olabilir. \u00c7ocuk alerji uzman\u0131 taraf\u0131ndan yap\u0131lacak muayene ve istenecek testler ile do\u011fru tan\u0131ya ula\u015fmak daha kolayd\u0131r\u201d dedi.<\/p>\n<p><strong>HASTALI\u011eIN TANISI MUAYENE VE TESTLERLE KONULUR<\/strong><\/p>\n<p>Tan\u0131 konma s\u00fcrecinden bahseden Do\u00e7. Dr. S\u00f6\u011f\u00fct, \u015fu bilgileri payla\u015ft\u0131:<\/p>\n<p>\u201cHastal\u0131\u011f\u0131n tan\u0131s\u0131 muayene ve testlerle (kanda ve\/veya ciltte alerji testleri, solunum fonksiyon testi) konulabilir. Ast\u0131m hastas\u0131n\u0131n duyarl\u0131 oldu\u011fu alerjenler \u00e7ocuk alerji uzman\u0131 taraf\u0131ndan yap\u0131lacak cilt ve kan testleri ile belirlenebilir. Solunum fonksiyon testleri akci\u011fer fonksiyonlar\u0131ndaki bozuklu\u011fun derecesini belirlemek i\u00e7in kullan\u0131l\u0131r. Ast\u0131m hastas\u0131n\u0131n bir \u00e7ocuk alerji uzman\u0131 taraf\u0131ndan muayene edilmesi, alerji testlerinin yap\u0131lmas\u0131 ve ila\u00e7 tedavisinin d\u00fczenlenerek takibe al\u0131nmas\u0131 daha uygundur. \u00c7\u00fcnk\u00fc ast\u0131m kronik bir hastal\u0131k oldu\u011fu i\u00e7in ila\u00e7lar\u0131n dozu ve \u00e7e\u015fitlili\u011fi, ila\u00e7 tedavisinin ne zaman kesilece\u011fi konusu ve hastal\u0131\u011f\u0131n kontrol alt\u0131na al\u0131n\u0131p al\u0131nmad\u0131\u011f\u0131 y\u00f6n\u00fcndeki de\u011ferlendirme uzmanl\u0131k gerektirir. Ayr\u0131ca alerjen duyarl\u0131l\u0131\u011f\u0131 saptanan baz\u0131 ast\u0131ml\u0131 hastalarda \u00e7ocuk alerji uzman\u0131n\u0131n uygulayaca\u011f\u0131 a\u015f\u0131 tedavisi (imm\u00fcnoterapi) ba\u015flamak da gerekebilir.\u201d<\/p>\n<p><strong>GEN\u0130Z AKINTISI VE HAP\u015eIRIK G\u00d6R\u00dcL\u00dcR<\/strong><\/p>\n<p>G\u00f6r\u00fclebilecek belirtilere dikkat \u00e7eken Do\u00e7. Dr. S\u00f6\u011f\u00fct, \u201cAst\u0131m hastalar\u0131n\u0131n \u00e7o\u011funda alerjik nezle (burunda ka\u015f\u0131nt\u0131, geniz ak\u0131nt\u0131s\u0131, t\u0131kan\u0131kl\u0131k, hap\u015f\u0131r\u0131k), uyku apne hastal\u0131\u011f\u0131 (geceleri uykuda horlama, a\u011fz\u0131 a\u00e7\u0131k uyuma, nefesini tutma) gibi olumsuz etkilere rastlan\u0131lmaktad\u0131r. Gastro\u00f6zofageal refl\u00fc hastal\u0131\u011f\u0131 (geceleri a\u011fz\u0131ndan yast\u0131\u011f\u0131na su akmas\u0131, geceleri yalanma, yutkunma, g\u00fcnd\u00fczleri kar\u0131n a\u011fr\u0131s\u0131, bulant\u0131, ge\u011firme, a\u011fza ac\u0131-ek\u015fi su gelmesi, bo\u011fazda a\u011fr\u0131 ve yanma, ses k\u0131s\u0131kl\u0131\u011f\u0131) ve sin\u00fczit de g\u00f6r\u00fclebilir. Bunlar\u0131n da muayene s\u0131ras\u0131nda sorgulanmas\u0131 \u00f6nemlidir\u201d ifadelerini kulland\u0131.<\/p>\n<p><strong>ASTIMLI B\u0130REYLERE \u00d6NER\u0130LER<\/strong><\/p>\n<p>Do\u00e7. Dr. S\u00f6\u011f\u00fct, son olarak ast\u0131m hastalar\u0131n\u0131n dikkat etmesi gerekenleri ise \u015f\u00f6yle s\u0131ralad\u0131:<\/p>\n<ul>\n<li>\u201cAst\u0131m ila\u00e7lar\u0131n\u0131 \u00e7ocuk alerji uzman\u0131n\u0131n tarif etti\u011fi \u015fekilde (d\u00fczenli olarak, \u00a0uygun teknikle ve \u00f6nerilen dozda) kullanmal\u0131.\u00a0<\/li>\n<li>Hastan\u0131n \u00c7ocuk Alerji Uzman\u0131 taraf\u0131ndan belli aral\u0131klarla (iki &#8211; \u00fc\u00e7 ayda bir kere) kontrol muayeneleri yap\u0131lmal\u0131.<\/li>\n<li>Bir \u00e7ocuk ast\u0131m ata\u011f\u0131 (\u00f6ks\u00fcr\u00fck, h\u0131r\u0131lt\u0131l\u0131 solunum) ge\u00e7irdi\u011finde \u00e7ocuk alerji uzman\u0131 taraf\u0131ndan tekrar de\u011ferlendirilmeli.\u00a0<\/li>\n<li>Alerjen duyarl\u0131l\u0131\u011f\u0131 saptanm\u0131\u015f ise bu alerjenden mutlaka uzak durmal\u0131.<\/li>\n<li>So\u011fuk, r\u00fczgarl\u0131 ve esintili havalarda d\u0131\u015f ortamda egzersiz yapmamal\u0131.<\/li>\n<li>Sigara duman\u0131, boya ve parf\u00fcm kokular\u0131na maruz kalmamal\u0131.<\/li>\n<li>Kalabal\u0131k, kapal\u0131, tozlu ve rutubetli ortamlardan uzak durmal\u0131.<\/li>\n<li>Ast\u0131ml\u0131 \u00e7ocu\u011fun odas\u0131 ayd\u0131nl\u0131k, g\u00fcne\u015f g\u00f6ren ve havadar bir oda olmal\u0131. Odada rutubet olmamal\u0131. Hastan\u0131n odas\u0131nda haftada 3 g\u00fcn \u0131slak bezle toz temizli\u011fi yap\u0131lmal\u0131, hastan\u0131n yan\u0131nda elektrik s\u00fcp\u00fcrgesi ile temizlik yap\u0131lmamal\u0131.\u00a0<\/li>\n<li>Ast\u0131ml\u0131 hastan\u0131n odas\u0131n\u0131n zemininde kal\u0131n hal\u0131, kilim, hal\u0131flex ve kuma\u015ftan koltuklar bulunmamal\u0131. \u0130nce bir kilim bulundurulmal\u0131, bu kilim de haftada bir silkelenmeli. Y\u00fcn yast\u0131\u011f\u0131, y\u00fcnl\u00fc battaniye, y\u00fcn yata\u011f\u0131 kullan\u0131lmamal\u0131. Pamuktan yap\u0131lm\u0131\u015f yast\u0131k kullan\u0131labilir.\u00a0<\/li>\n<li>Ast\u0131ml\u0131 hasta katk\u0131 maddeli ve baharatl\u0131 g\u0131da yememeli, asitli i\u00e7eceklerden uzak durmal\u0131d\u0131r.<\/li>\n<li>S\u00fct, yumurta, et, meyve ve sebze yeterli miktarda almal\u0131, haftada 1-2 kez bal\u0131k t\u00fcketmelidir.\u201d<\/li>\n<\/ul>\n<p>Kaynak: (BYZHA) Beyaz Haber Ajans\u0131<\/p>\n","protected":false},"excerpt":{"rendered":"<p>Ast\u0131m\u0131n \u00e7ocuklarda s\u0131k g\u00f6r\u00fclen bir akci\u011fer hastal\u0131\u011f\u0131 oldu\u011funu belirten \u00c7ocuk Alerji ve \u0130mm\u00fcnoloji Uzman\u0131 Do\u00e7. Dr. Ayhan S\u00f6\u011f\u00fct, \u201cAst\u0131m ataklar\u0131 yazdan sonbahara ge\u00e7i\u015fte (okullar\u0131n a\u00e7\u0131lmas\u0131 ile) ve k\u0131\u015f aylar\u0131nda artar.<\/p>\n","protected":false},"author":1,"featured_media":5219,"comment_status":"open","ping_status":"open","sticky":false,"template":"","format":"standard","meta":{"footnotes":""},"categories":[11],"tags":[575,1129,467,1131,1130],"class_list":["post-5218","post","type-post","status-publish","format-standard","has-post-thumbnail","hentry","category-saglik","tag-alerji","tag-astim","tag-hasta","tag-hastaligi","tag-testler"],"_links":{"self":[{"href":"https:\/\/bihavadis.com\/index.php\/wp-json\/wp\/v2\/posts\/5218","targetHints":{"allow":["GET"]}}],"collection":[{"href":"https:\/\/bihavadis.com\/index.php\/wp-json\/wp\/v2\/posts"}],"about":[{"href":"https:\/\/bihavadis.com\/index.php\/wp-json\/wp\/v2\/types\/post"}],"author":[{"embeddable":true,"href":"https:\/\/bihavadis.com\/index.php\/wp-json\/wp\/v2\/users\/1"}],"replies":[{"embeddable":true,"href":"https:\/\/bihavadis.com\/index.php\/wp-json\/wp\/v2\/comments?post=5218"}],"version-history":[{"count":1,"href":"https:\/\/bihavadis.com\/index.php\/wp-json\/wp\/v2\/posts\/5218\/revisions"}],"predecessor-version":[{"id":5220,"href":"https:\/\/bihavadis.com\/index.php\/wp-json\/wp\/v2\/posts\/5218\/revisions\/5220"}],"wp:featuredmedia":[{"embeddable":true,"href":"https:\/\/bihavadis.com\/index.php\/wp-json\/wp\/v2\/media\/5219"}],"wp:attachment":[{"href":"https:\/\/bihavadis.com\/index.php\/wp-json\/wp\/v2\/media?parent=5218"}],"wp:term":[{"taxonomy":"category","embeddable":true,"href":"https:\/\/bihavadis.com\/index.php\/wp-json\/wp\/v2\/categories?post=5218"},{"taxonomy":"post_tag","embeddable":true,"href":"https:\/\/bihavadis.com\/index.php\/wp-json\/wp\/v2\/tags?post=5218"}],"curies":[{"name":"wp","href":"https:\/\/api.w.org\/{rel}","templated":true}]}}