{"id":52208,"date":"2026-02-28T01:57:06","date_gmt":"2026-02-28T01:57:06","guid":{"rendered":"https:\/\/bihavadis.com\/?p=52208"},"modified":"2026-02-28T01:57:06","modified_gmt":"2026-02-28T01:57:06","slug":"kapanan-ulus-pazarinin-elektrik-tesisati-sokuldu-edirne-belediyesi-22-yildir-kurulan-pazari-kapatti","status":"publish","type":"post","link":"https:\/\/bihavadis.com\/index.php\/2026\/02\/28\/kapanan-ulus-pazarinin-elektrik-tesisati-sokuldu-edirne-belediyesi-22-yildir-kurulan-pazari-kapatti\/","title":{"rendered":"Kapanan Ulus Pazar\u0131&#8217;n\u0131n elektrik tesisat\u0131 s\u00f6k\u00fcld\u00fc: Edirne Belediyesi 22 y\u0131ld\u0131r kurulan pazar\u0131 kapatt\u0131"},"content":{"rendered":"<p> Edirne&#8217;de 22 y\u0131ld\u0131r her hafta cuma g\u00fcnleri kurulan Ulus (Cuma) Pazar\u0131&#8217;n\u0131n Edirne Belediyesi taraf\u0131ndan ge\u00e7en ay kapat\u0131lmas\u0131n\u0131n ard\u0131ndan, pazar alan\u0131ndaki elektrik tesisat\u0131 da s\u00f6k\u00fcld\u00fc. \u00c7al\u0131\u015fmalar, uzun y\u0131llar kentin simgelerinden biri haline gelen pazar\u0131n art\u0131k tamamen devre d\u0131\u015f\u0131 b\u0131rak\u0131ld\u0131\u011f\u0131n\u0131 ortaya koydu.<\/p>\n<p>Y\u0131llar boyunca yaln\u0131zca bir al\u0131\u015fveri\u015f alan\u0131 de\u011fil, ayn\u0131 zamanda Edirne ekonomisinin lokomotifi, sosyal hayat\u0131n merkezi ve turizmin \u00f6nemli cazibe noktalar\u0131ndan biri olan Ulus Pazar\u0131&#8217;n\u0131n Edirne Belediyesi&#8217;nin kapatmas\u0131 kentte adeta hayat\u0131 durdurdu. Pazar\u0131n kurulmad\u0131\u011f\u0131 g\u00fcnlerde al\u0131\u015f\u0131k olunan kalabal\u0131k yerini sessizli\u011fe b\u0131rakt\u0131.<\/p>\n<p>Esnaf ve vatanda\u015flar, pazar\u0131n yoklu\u011funun \u00e7ar\u015f\u0131y\u0131 da olumsuz etkiledi\u011fini belirtirken, b\u00f6lgedeki hareketlili\u011fin ciddi \u015fekilde azald\u0131\u011f\u0131n\u0131 ifade etti. Ulus Pazar\u0131&#8217;n\u0131n kapat\u0131lmas\u0131yla birlikte Edirne&#8217;nin y\u0131llard\u0131r s\u00fcregelen pazar k\u00fclt\u00fcr\u00fcnde de \u00f6nemli bir bo\u015fluk olu\u015ftu\u011fu dile getiriliyor.<\/p>\n<p>Kapanan pazar alan\u0131yla ilgili bundan sonraki s\u00fcrecin nas\u0131l i\u015fleyece\u011fi ise merakla bekleniyor. &#8211; ED\u0130RNE<\/p>\n","protected":false},"excerpt":{"rendered":"<p>Edirne&#8217;de 22 y\u0131ld\u0131r her hafta kurulan Ulus Pazar\u0131, Edirne Belediyesi taraf\u0131ndan kapat\u0131ld\u0131. Pazar alan\u0131nda elektrik tesisat\u0131n\u0131n s\u00f6k\u00fcm\u00fc ile birlikte \u015fehrin sosyal ve ekonomik hayat\u0131nda b\u00fcy\u00fck bir bo\u015fluk olu\u015ftu. Esnaf ve vatanda\u015flar, pazar\u0131n yoklu\u011funun \u00e7ar\u015f\u0131da olumsuz etkiler yaratt\u0131\u011f\u0131n\u0131 belirtiyor.<\/p>\n","protected":false},"author":1,"featured_media":52209,"comment_status":"open","ping_status":"open","sticky":false,"template":"","format":"standard","meta":{"footnotes":""},"categories":[8],"tags":[476,347],"class_list":["post-52208","post","type-post","status-publish","format-standard","has-post-thumbnail","hentry","category-ekonomi","tag-edirne","tag-pazar"],"_links":{"self":[{"href":"https:\/\/bihavadis.com\/index.php\/wp-json\/wp\/v2\/posts\/52208","targetHints":{"allow":["GET"]}}],"collection":[{"href":"https:\/\/bihavadis.com\/index.php\/wp-json\/wp\/v2\/posts"}],"about":[{"href":"https:\/\/bihavadis.com\/index.php\/wp-json\/wp\/v2\/types\/post"}],"author":[{"embeddable":true,"href":"https:\/\/bihavadis.com\/index.php\/wp-json\/wp\/v2\/users\/1"}],"replies":[{"embeddable":true,"href":"https:\/\/bihavadis.com\/index.php\/wp-json\/wp\/v2\/comments?post=52208"}],"version-history":[{"count":1,"href":"https:\/\/bihavadis.com\/index.php\/wp-json\/wp\/v2\/posts\/52208\/revisions"}],"predecessor-version":[{"id":52210,"href":"https:\/\/bihavadis.com\/index.php\/wp-json\/wp\/v2\/posts\/52208\/revisions\/52210"}],"wp:featuredmedia":[{"embeddable":true,"href":"https:\/\/bihavadis.com\/index.php\/wp-json\/wp\/v2\/media\/52209"}],"wp:attachment":[{"href":"https:\/\/bihavadis.com\/index.php\/wp-json\/wp\/v2\/media?parent=52208"}],"wp:term":[{"taxonomy":"category","embeddable":true,"href":"https:\/\/bihavadis.com\/index.php\/wp-json\/wp\/v2\/categories?post=52208"},{"taxonomy":"post_tag","embeddable":true,"href":"https:\/\/bihavadis.com\/index.php\/wp-json\/wp\/v2\/tags?post=52208"}],"curies":[{"name":"wp","href":"https:\/\/api.w.org\/{rel}","templated":true}]}}