{"id":52244,"date":"2026-02-28T02:27:12","date_gmt":"2026-02-28T02:27:12","guid":{"rendered":"https:\/\/bihavadis.com\/?p=52244"},"modified":"2026-02-28T02:27:12","modified_gmt":"2026-02-28T02:27:12","slug":"bilal-erdoganin-ramazanin-ilk-gunu-bangladeste","status":"publish","type":"post","link":"https:\/\/bihavadis.com\/index.php\/2026\/02\/28\/bilal-erdoganin-ramazanin-ilk-gunu-bangladeste\/","title":{"rendered":"Bilal Erdo\u011fan\u2019\u0131n Ramazan\u2019\u0131n ilk g\u00fcn\u00fc Banglade\u015f\u2019te"},"content":{"rendered":"<p>\u0130lim Yayma Vakf\u0131 M\u00fctevelli Heyeti Ba\u015fkan\u0131 Necmeddin Bilal Erdo\u011fan, bir tak\u0131m programlara kat\u0131lmak \u00fczere Banglade\u015f\u2019in ba\u015fkenti Dakka\u2019da.<\/p>\n<p>T\u0130KA Ba\u015fkan\u0131 Abdullah Eren ile birlikte a\u00e7\u0131l\u0131\u015flara kat\u0131lan Bilal Erdo\u011fan burada yo\u011fun bir ilgiyle kar\u015f\u0131la\u015ft\u0131.<\/p>\n<p><img decoding=\"async\" src=\"https:\/\/bihavadis.com\/wp-content\/uploads\/2026\/02\/bilal-erdoganin-ramazanin-ilk-gunu-bangladeste-0-ufP6mIIE.jpg\"\/><\/p>\n<p>Bilal Erdo\u011fan sonras\u0131nda T\u00fcrkiye mezunlar\u0131 ve \u00f6\u011frenci liderleriyle bir araya geldi.<\/p>\n<p>Ramazan ay\u0131n\u0131n ilk teravih namaz\u0131n\u0131 k\u0131lmak i\u00e7in camiye y\u00fcr\u00fcyerek giden Bilal Erdo\u011fan\u2019a, T\u0130KA Ba\u015fkan\u0131 Abdullah Eren ve AK Parti MKYK \u00fcyesi Mesut \u00d6zil de e\u015flik etti.<\/p>\n<p><img decoding=\"async\" src=\"https:\/\/bihavadis.com\/wp-content\/uploads\/2026\/02\/bilal-erdoganin-ramazanin-ilk-gunu-bangladeste-1-enNyQ9gv.jpg\"\/><\/p>\n<p>Bilal Erdo\u011fan\u2019\u0131n Banglade\u015f program\u0131n\u0131 yerinde takip eden Ensonhaber Genel Yay\u0131n Y\u00f6netmeni \u0130lyas Efe \u00dcnal, programdan \u00f6zel g\u00f6r\u00fcnt\u00fcleri size aktar\u0131yor.\u00a0<\/p>\n<p><img decoding=\"async\" src=\"https:\/\/bihavadis.com\/wp-content\/uploads\/2026\/02\/bilal-erdoganin-ramazanin-ilk-gunu-bangladeste-2-UawpvQYJ.jpg\"\/><\/p>\n","protected":false},"excerpt":{"rendered":"<p>Banglade\u015f ile T\u00fcrkiye aras\u0131ndaki ba\u011f, y\u00fcz y\u0131llar \u00f6ncesine dayan\u0131yor. T\u00fcrkiye\u2019nin son y\u0131llardaki d\u0131\u015f politikas\u0131, T\u0130KA\u2019n\u0131n \u00fclkedeki \u00e7al\u0131\u015fmalar\u0131, T\u00fcrkiye\u2019ye olan sempatiyi g\u00fcnden g\u00fcne art\u0131rd\u0131.<\/p>\n","protected":false},"author":1,"featured_media":52245,"comment_status":"open","ping_status":"open","sticky":false,"template":"","format":"standard","meta":{"footnotes":""},"categories":[9,13],"tags":[4037],"class_list":["post-52244","post","type-post","status-publish","format-standard","has-post-thumbnail","hentry","category-genel","category-son-dakika","tag-bilal-erdogan"],"_links":{"self":[{"href":"https:\/\/bihavadis.com\/index.php\/wp-json\/wp\/v2\/posts\/52244","targetHints":{"allow":["GET"]}}],"collection":[{"href":"https:\/\/bihavadis.com\/index.php\/wp-json\/wp\/v2\/posts"}],"about":[{"href":"https:\/\/bihavadis.com\/index.php\/wp-json\/wp\/v2\/types\/post"}],"author":[{"embeddable":true,"href":"https:\/\/bihavadis.com\/index.php\/wp-json\/wp\/v2\/users\/1"}],"replies":[{"embeddable":true,"href":"https:\/\/bihavadis.com\/index.php\/wp-json\/wp\/v2\/comments?post=52244"}],"version-history":[{"count":1,"href":"https:\/\/bihavadis.com\/index.php\/wp-json\/wp\/v2\/posts\/52244\/revisions"}],"predecessor-version":[{"id":52249,"href":"https:\/\/bihavadis.com\/index.php\/wp-json\/wp\/v2\/posts\/52244\/revisions\/52249"}],"wp:featuredmedia":[{"embeddable":true,"href":"https:\/\/bihavadis.com\/index.php\/wp-json\/wp\/v2\/media\/52245"}],"wp:attachment":[{"href":"https:\/\/bihavadis.com\/index.php\/wp-json\/wp\/v2\/media?parent=52244"}],"wp:term":[{"taxonomy":"category","embeddable":true,"href":"https:\/\/bihavadis.com\/index.php\/wp-json\/wp\/v2\/categories?post=52244"},{"taxonomy":"post_tag","embeddable":true,"href":"https:\/\/bihavadis.com\/index.php\/wp-json\/wp\/v2\/tags?post=52244"}],"curies":[{"name":"wp","href":"https:\/\/api.w.org\/{rel}","templated":true}]}}