{"id":52312,"date":"2026-02-28T03:21:08","date_gmt":"2026-02-28T03:21:08","guid":{"rendered":"https:\/\/bihavadis.com\/?p=52312"},"modified":"2026-02-28T03:21:08","modified_gmt":"2026-02-28T03:21:08","slug":"cumhurbaskani-erdogan-ramazanin-tum-insanlik-icin-hayirlar-getirmesini-diliyorum","status":"publish","type":"post","link":"https:\/\/bihavadis.com\/index.php\/2026\/02\/28\/cumhurbaskani-erdogan-ramazanin-tum-insanlik-icin-hayirlar-getirmesini-diliyorum\/","title":{"rendered":"Cumhurba\u015fkan\u0131 Erdo\u011fan: Ramazan&#8217;\u0131n t\u00fcm insanl\u0131k i\u00e7in hay\u0131rlar getirmesini diliyorum"},"content":{"rendered":"<p>M\u00fcsl\u00fcmanlar i\u00e7in b\u00fcy\u00fck \u00f6neme sahip \u00fc\u00e7 aylar\u0131n sonuncusu Ramazan&#8217;\u0131n ba\u015flamas\u0131na saatler kald\u0131.<\/p>\n<p>On bir ay\u0131n sultan\u0131 Ramazan&#8217;\u0131n ilk teravih namaz\u0131, bu gece k\u0131l\u0131nacak, bug\u00fcn\u00fc 19 \u015eubat&#8217;ta ba\u011flayan gece sahura kalk\u0131lacak ve ilk iftar yap\u0131lacak.<\/p>\n<p>Geri say\u0131m ba\u015flarken yurdun d\u00f6rt bir yan\u0131n\u0131 heyecan sard\u0131.\u00a0<\/p>\n<p><strong>CUMHURBA\u015eKANI ERDO\u011eAN&#8217;DAN RAMAZAN PAYLA\u015eIMI<\/strong><\/p>\n<p>\u00d6te yandan Cumhurba\u015fkan\u0131 Recep Tayyip Erdo\u011fan&#8217;dan yeni bir a\u00e7\u0131klama geldi.\u00a0<\/p>\n<p>Sosyal medya hesab\u0131 \u00fczerinden bir a\u00e7\u0131klama yapan Cumhurba\u015fkan\u0131 Erdo\u011fan, Ramazan ay\u0131n\u0131 kutlad\u0131.\u00a0<\/p>\n<p><strong>&#8220;T\u00dcM \u0130NSANLIK \u0130\u00c7\u0130N HAYIRLAR GET\u0130RMES\u0130N\u0130 D\u0130L\u0130YORUM&#8221;<\/strong><\/p>\n<p>Erdo\u011fan, payla\u015f\u0131m\u0131nda \u015funlar\u0131 kaydetti:<\/p>\n<p>Ramazan-\u0131 \u015eerif\u2019in milletimiz, \u0130slam \u00e2lemi ve t\u00fcm insanl\u0131k i\u00e7in hay\u0131rlar getirmesini diliyorum.<\/p>\n<p>Rahmet kap\u0131lar\u0131n\u0131n a\u00e7\u0131ld\u0131\u011f\u0131 bu m\u00fcbarek g\u00fcnlerin birlik ve beraberli\u011fimizi g\u00fc\u00e7lendirmesini Rabb\u2019imden niyaz ediyorum.<\/p>\n<p>Hay\u0131rl\u0131 Ramazanlar\u2026<\/p>\n<p><img decoding=\"async\" src=\"https:\/\/bihavadis.com\/wp-content\/uploads\/2026\/02\/cumhurbaskani-erdogan-ramazanin-tum-insanlik-icin-hayirlar-getirmesini-diliyorum-0-ifBGzi3a.jpg\"\/><\/p>\n","protected":false},"excerpt":{"rendered":"<p>Ramazan ay\u0131na girmeye saatler kala sosyal medya hesab\u0131 \u00fczerinden bir payla\u015f\u0131m yapan Cumhurba\u015fkan\u0131 Erdo\u011fan, &#8220;Rahmet kap\u0131lar\u0131n\u0131n a\u00e7\u0131ld\u0131\u011f\u0131 bu m\u00fcbarek g\u00fcnlerin birlik ve beraberli\u011fimizi g\u00fc\u00e7lendirmesini Rabb\u2019imden niyaz ediyorum.&#8221; dedi.<\/p>\n","protected":false},"author":1,"featured_media":52313,"comment_status":"open","ping_status":"open","sticky":false,"template":"","format":"standard","meta":{"footnotes":""},"categories":[9,13],"tags":[2714],"class_list":["post-52312","post","type-post","status-publish","format-standard","has-post-thumbnail","hentry","category-genel","category-son-dakika","tag-ramazan"],"_links":{"self":[{"href":"https:\/\/bihavadis.com\/index.php\/wp-json\/wp\/v2\/posts\/52312","targetHints":{"allow":["GET"]}}],"collection":[{"href":"https:\/\/bihavadis.com\/index.php\/wp-json\/wp\/v2\/posts"}],"about":[{"href":"https:\/\/bihavadis.com\/index.php\/wp-json\/wp\/v2\/types\/post"}],"author":[{"embeddable":true,"href":"https:\/\/bihavadis.com\/index.php\/wp-json\/wp\/v2\/users\/1"}],"replies":[{"embeddable":true,"href":"https:\/\/bihavadis.com\/index.php\/wp-json\/wp\/v2\/comments?post=52312"}],"version-history":[{"count":1,"href":"https:\/\/bihavadis.com\/index.php\/wp-json\/wp\/v2\/posts\/52312\/revisions"}],"predecessor-version":[{"id":52315,"href":"https:\/\/bihavadis.com\/index.php\/wp-json\/wp\/v2\/posts\/52312\/revisions\/52315"}],"wp:featuredmedia":[{"embeddable":true,"href":"https:\/\/bihavadis.com\/index.php\/wp-json\/wp\/v2\/media\/52313"}],"wp:attachment":[{"href":"https:\/\/bihavadis.com\/index.php\/wp-json\/wp\/v2\/media?parent=52312"}],"wp:term":[{"taxonomy":"category","embeddable":true,"href":"https:\/\/bihavadis.com\/index.php\/wp-json\/wp\/v2\/categories?post=52312"},{"taxonomy":"post_tag","embeddable":true,"href":"https:\/\/bihavadis.com\/index.php\/wp-json\/wp\/v2\/tags?post=52312"}],"curies":[{"name":"wp","href":"https:\/\/api.w.org\/{rel}","templated":true}]}}