{"id":52330,"date":"2026-02-28T03:36:06","date_gmt":"2026-02-28T03:36:06","guid":{"rendered":"https:\/\/bihavadis.com\/?p=52330"},"modified":"2026-02-28T03:36:06","modified_gmt":"2026-02-28T03:36:06","slug":"baskan-koymen-baglarbasinda-vatandaslarin-sorunlarini-dinledi","status":"publish","type":"post","link":"https:\/\/bihavadis.com\/index.php\/2026\/02\/28\/baskan-koymen-baglarbasinda-vatandaslarin-sorunlarini-dinledi\/","title":{"rendered":"Ba\u015fkan K\u00f6ymen Ba\u011flarba\u015f\u0131&#8217;nda vatanda\u015flar\u0131n sorunlar\u0131n\u0131 dinledi"},"content":{"rendered":"<p>Maltepe Belediye Ba\u015fkan\u0131 Esin K\u00f6ymen, Ba\u011flarba\u015f\u0131 Mahallesi&#8217;nde vatanda\u015flar ve esnafla bir araya gelerek talepleri ve ya\u015fad\u0131klar\u0131 sorunlar\u0131 dinledi.<\/p>\n<p>Maltepe Belediye Ba\u015fkan\u0131 Esin K\u00f6ymen, Ba\u011flarba\u015f\u0131 Mahallesi\u2019nde mahalle sakinleri ve esnafla bir araya geldi. Vatanda\u015flar\u0131n taleplerini, beklentilerini ve ya\u015fad\u0131klar\u0131 sorunlar\u0131 yerinde dinleyen K\u00f6ymen, g\u00fcnl\u00fck ya\u015fam\u0131 iyile\u015ftirecek projeler, altyap\u0131 \u00e7al\u0131\u015fmalar\u0131, ye\u015fil alan d\u00fczenlemeleri ve sosyal destek faaliyetleri hakk\u0131nda g\u00f6r\u00fc\u015f al\u0131\u015fveri\u015finde bulundu. Maltepeliler; Belediye Ba\u015fkan\u0131n\u0131 sahada, sorunlarla birebir ilgilenirken g\u00f6rmekten duyduklar\u0131 memnuniyeti dile getirirken Ba\u015fkan K\u00f6ymen de Maltepe&#8217;nin t\u00fcm mahallelerini kapsayan kat\u0131l\u0131mc\u0131 ve \u015feffaf bir y\u00f6netim anlay\u0131\u015f\u0131yla hareket ettiklerini belirterek, \u201cKom\u015fular\u0131m\u0131z\u0131n sesini duymak bizim en temel \u00f6nceli\u011fimiz. T\u00fcm mahallelerimizde, daha ya\u015fanabilir bir Maltepe in\u015fa etmek i\u00e7in omuz omuza \u00e7al\u0131\u015fmaya devam edece\u011fiz\u201d dedi.<\/p>\n<p>\u00a0<\/p>\n<p>\u00a0<\/p>\n<p>Kaynak: (BYZHA) Beyaz Haber Ajans\u0131<\/p>\n","protected":false},"excerpt":{"rendered":"<p>Maltepe Belediye Ba\u015fkan\u0131 Esin K\u00f6ymen, Ba\u011flarba\u015f\u0131 Mahallesi&#8217;nde vatanda\u015flar ve esnafla bir araya gelerek talepleri ve ya\u015fad\u0131klar\u0131 sorunlar\u0131 dinledi.<\/p>\n","protected":false},"author":1,"featured_media":52331,"comment_status":"open","ping_status":"open","sticky":false,"template":"","format":"standard","meta":{"footnotes":""},"categories":[4],"tags":[1018],"class_list":["post-52330","post","type-post","status-publish","format-standard","has-post-thumbnail","hentry","category-gundem","tag-mahalle"],"_links":{"self":[{"href":"https:\/\/bihavadis.com\/index.php\/wp-json\/wp\/v2\/posts\/52330","targetHints":{"allow":["GET"]}}],"collection":[{"href":"https:\/\/bihavadis.com\/index.php\/wp-json\/wp\/v2\/posts"}],"about":[{"href":"https:\/\/bihavadis.com\/index.php\/wp-json\/wp\/v2\/types\/post"}],"author":[{"embeddable":true,"href":"https:\/\/bihavadis.com\/index.php\/wp-json\/wp\/v2\/users\/1"}],"replies":[{"embeddable":true,"href":"https:\/\/bihavadis.com\/index.php\/wp-json\/wp\/v2\/comments?post=52330"}],"version-history":[{"count":1,"href":"https:\/\/bihavadis.com\/index.php\/wp-json\/wp\/v2\/posts\/52330\/revisions"}],"predecessor-version":[{"id":52332,"href":"https:\/\/bihavadis.com\/index.php\/wp-json\/wp\/v2\/posts\/52330\/revisions\/52332"}],"wp:featuredmedia":[{"embeddable":true,"href":"https:\/\/bihavadis.com\/index.php\/wp-json\/wp\/v2\/media\/52331"}],"wp:attachment":[{"href":"https:\/\/bihavadis.com\/index.php\/wp-json\/wp\/v2\/media?parent=52330"}],"wp:term":[{"taxonomy":"category","embeddable":true,"href":"https:\/\/bihavadis.com\/index.php\/wp-json\/wp\/v2\/categories?post=52330"},{"taxonomy":"post_tag","embeddable":true,"href":"https:\/\/bihavadis.com\/index.php\/wp-json\/wp\/v2\/tags?post=52330"}],"curies":[{"name":"wp","href":"https:\/\/api.w.org\/{rel}","templated":true}]}}