{"id":52338,"date":"2026-02-28T03:42:09","date_gmt":"2026-02-28T03:42:09","guid":{"rendered":"https:\/\/bihavadis.com\/?p=52338"},"modified":"2026-02-28T03:42:09","modified_gmt":"2026-02-28T03:42:09","slug":"75-yasindaki-efsane-kosucu-saffet-acar","status":"publish","type":"post","link":"https:\/\/bihavadis.com\/index.php\/2026\/02\/28\/75-yasindaki-efsane-kosucu-saffet-acar\/","title":{"rendered":"75 Ya\u015f\u0131ndaki Efsane Ko\u015fucu: Saffet Acar"},"content":{"rendered":"<p>\n<p>AYDIN&#8217;da 40 y\u0131l \u00f6nce spora ba\u015flayan veteran maraton ko\u015fucusu Saffet Acar (75), azmiyle \u00e7evresine \u00f6rnek oluyor. Sporu, ya\u015fam bi\u00e7imi haline getiren ve girdi\u011fi bir\u00e7ok yar\u0131\u015ftan \u00f6d\u00fclle d\u00f6nen Acar, &#8220;Sa\u011fl\u0131\u011f\u0131m\u0131 spora bor\u00e7luyum&#8221; dedi.<\/p>\n<p>Efeler il\u00e7esi Fatih Mahallesi&#8217;nde ya\u015fayan Saffet Acar, 40 sene \u00f6nce ba\u015flad\u0131\u011f\u0131 spor hayat\u0131na \u00f6d\u00fcller ve birincilikler kazanan maraton ko\u015fucusu olarak devam ediyor. \u0130lerleyen ya\u015f\u0131na ra\u011fmen spordan bir an olsun vazge\u00e7meyen veteran maratoncu Acar, g\u00fcnde en az 2 saat ko\u015fuyor ve hocas\u0131yla antrenman yap\u0131yor. Spor yapt\u0131\u011f\u0131 parkurda kendisini izleyenlere de ilham olan Acar, bir\u00e7ok ki\u015finin spora ba\u015flamas\u0131na vesile oluyor.<\/p>\n<p>ARABAMDAN DAHA \u00c7OK K\u0130LOMETRE YAPIYORUM<\/p>\n<p>K\u00f6y Hizmetleri M\u00fcd\u00fcrl\u00fc\u011f\u00fc&#8217;nden emekli oldu\u011funu belirten Saffet Acar, &#8220;40 y\u0131l \u00f6nce spora ba\u015flad\u0131m. 2012 y\u0131l\u0131nda milli tak\u0131m antren\u00f6r\u00fc olan Muzaffer Kaplan hocamla tan\u0131\u015ft\u0131m. Ondan sonra daha bilin\u00e7li, idman yapmaya ba\u015flad\u0131m. En iyi yar\u0131 maraton zaman\u0131m\u0131 Trabzon&#8217;da 1: 27: 00 ile ko\u015ftum. En iyi maratonumu da 3: 30: 00 ile Uluslararas\u0131 Mersin Maratonu&#8217;nda tamamlay\u0131p, T\u00fcrkiye birincisi oldum. Her g\u00fcn spor yapmaya \u00e7al\u0131\u015f\u0131yorum. Sa\u011fl\u0131\u011f\u0131m\u0131 spora bor\u00e7luyum. 1993 model bir arabam var. Y\u0131llar ge\u00e7mesine ra\u011fmen kilometresi daha 85 binde. Ben o arabadan daha \u00e7ok kilometre yap\u0131yorum. Spor benim i\u00e7in hayat tarz\u0131 oldu. 18 May\u0131s 2025&#8217;te Konya&#8217;da ko\u015ftu\u011fum yar\u0131 maratonu 1: 40: 00&#8217;ta bitirip, T\u00fcrkiye birincisi oldum. Rakiplerimi sayg\u0131yla kar\u015f\u0131l\u0131yorum ama \u015fu an gitsem 75 ya\u015f grubunda zaten yine birinci olurum. \u00c7\u00fcnk\u00fc rakibim yok gibi bir \u015fey. \u00c7\u00fcnk\u00fc ben isteyerek, bu sporu yaparak ya\u015fam\u0131m\u0131 s\u00fcrd\u00fcr\u00fcyorum&#8221; diye konu\u015ftu.<\/p>\n<p>Evinde, kat\u0131ld\u0131\u011f\u0131 \u00e7e\u015fitli yar\u0131\u015flarda kazand\u0131\u011f\u0131 kupalar\u0131n\u0131 da g\u00f6steren Acar, daha iyi dereceler elde etmek i\u00e7in ko\u015fmaya devam edece\u011fini kaydetti.<\/p>\n<p>&#8216;ECZANEDE SATILMAYAN TEK \u0130LA\u00c7 SPORDUR&#8217;<\/p>\n<p>Herkesin g\u00fcc\u00fcne g\u00f6re spor yapmas\u0131 tavsiyesinde bulunan Acar, &#8220;Herkesin hayat\u0131nda bir spor mutlaka olsun. Ko\u015fabilen ko\u015fsun, hi\u00e7bir \u015fey yapam\u0131yorsan\u0131z y\u00fcr\u00fcy\u00fc\u015f yapabilirsiniz. En az\u0131ndan kendinize kaliteli bir zaman ay\u0131rm\u0131\u015f olursunuz. Eczanede sat\u0131lmayan tek ila\u00e7, spordur&#8221; dedi.<\/p>\n<p>&#8216;KO\u015eAN EFSANE&#8217;<\/p>\n<p>Milli Tak\u0131m Atletizm antren\u00f6r\u00fc Muzaffer Kaplan, &#8220;2012 y\u0131l\u0131nda Ayd\u0131n&#8217;a tayin oldum. 2012 y\u0131l\u0131na geldi\u011fimde, kendi milli sporcular\u0131m vard\u0131. Onlarla ko\u015farken Saffet a\u011fabey statta bizi g\u00f6rd\u00fc. Kendisi tek ba\u015f\u0131na spor yapan biriydi. Bizimle tan\u0131\u015ft\u0131ktan sonra profesyonel anlamda spor yapmaya ba\u015flad\u0131. Yol yar\u0131\u015flar\u0131na kat\u0131ld\u0131. Kat\u0131ld\u0131\u011f\u0131 her yar\u0131\u015fta da derece yapmay\u0131 ba\u015fard\u0131. Maraton, yar\u0131 maraton, 10 kilometre yol yar\u0131\u015f\u0131, tam maraton, hepsini ko\u015ftu. Saffet a\u011fabey \u015fu an T\u00fcrkiye&#8217;de bir ekol. Kendisine &#8216;Ko\u015fan efsane&#8217; diyoruz. 75 ya\u015f\u0131nda olmas\u0131na ra\u011fmen fiziki yap\u0131s\u0131 ma\u015fallah \u00e7ok geriden gidiyor. Bu da bilin\u00e7li spor yapmas\u0131yla alakal\u0131&#8221; dedi.<\/p>\n<p>Saffet Acar&#8217;\u0131n hedefleri oldu\u011funa da dikkati \u00e7eken Kaplan, &#8220;\u0130stanbul ve Konya yar\u0131 maratonlar\u0131nda ko\u015facak. Bunun d\u0131\u015f\u0131nda salon, a\u00e7\u0131k sahada piste ko\u015fmay\u0131 da d\u00fc\u015f\u00fcn\u00fcyor. Ayr\u0131ca Balkan \u015eampiyonas\u0131, Avrupa \u015eampiyonas\u0131 ve D\u00fcnya \u015eampiyonas\u0131 gibi hedefleri var. \u0130n\u015fallah bunlar\u0131 da ger\u00e7ekle\u015ftirece\u011fiz. \u015eu an salon dereceleri Saffet a\u011fabey i\u00e7in \u00e7ok rahat a\u015f\u0131labilecek dereceler&#8221; diye konu\u015ftu.<\/p>\n<p>&#8216;\u00d6ZEN\u0130P SPORA BA\u015eLADIM&#8217;<\/p>\n<p>Saffet Acar&#8217;\u0131n azmini g\u00f6r\u00fcp spora ba\u015flayan Erdal T\u00fcrkan (60) da &#8220;Kendisi idol\u00fcmd\u00fcr&#8221; dedi.<\/p>\n<p>Cemal Tan (36) ise 7 ay \u00f6nce spor yapmaya ba\u015flad\u0131\u011f\u0131n\u0131 belirterek, &#8220;Dahil oldu\u011fum grupta Saffet Acar ile tan\u0131\u015ft\u0131k. Kendisi, benim 2 kat \u00fczerimde ya\u015fa sahip olmas\u0131na ra\u011fmen performans\u0131 \u00e7ok \u00fczerinde. Arkas\u0131ndan yeti\u015femiyorum, bana uzaktan el sall\u0131yor. Kendisini tebrik ediyor ve \u00f6rnek al\u0131yorum. \u0130n\u015fallah biz de spora devam ederek onun ya\u015flar\u0131na sa\u011fl\u0131kl\u0131 bir \u015fekilde ula\u015f\u0131r ve daha iyi performanslar eri\u015febiliriz&#8221; ifadelerini kulland\u0131. <\/p>\n","protected":false},"excerpt":{"rendered":"<p>Veteran maratoncu Saffet Acar, 40 y\u0131ll\u0131k sporu ya\u015fam tarz\u0131 haline getirerek \u00f6rnek oluyor.<\/p>\n","protected":false},"author":1,"featured_media":52339,"comment_status":"open","ping_status":"open","sticky":false,"template":"","format":"standard","meta":{"footnotes":""},"categories":[14],"tags":[556,3968,440,6621,379],"class_list":["post-52338","post","type-post","status-publish","format-standard","has-post-thumbnail","hentry","category-spor","tag-acar","tag-maraton","tag-spor","tag-spora","tag-yas"],"_links":{"self":[{"href":"https:\/\/bihavadis.com\/index.php\/wp-json\/wp\/v2\/posts\/52338","targetHints":{"allow":["GET"]}}],"collection":[{"href":"https:\/\/bihavadis.com\/index.php\/wp-json\/wp\/v2\/posts"}],"about":[{"href":"https:\/\/bihavadis.com\/index.php\/wp-json\/wp\/v2\/types\/post"}],"author":[{"embeddable":true,"href":"https:\/\/bihavadis.com\/index.php\/wp-json\/wp\/v2\/users\/1"}],"replies":[{"embeddable":true,"href":"https:\/\/bihavadis.com\/index.php\/wp-json\/wp\/v2\/comments?post=52338"}],"version-history":[{"count":1,"href":"https:\/\/bihavadis.com\/index.php\/wp-json\/wp\/v2\/posts\/52338\/revisions"}],"predecessor-version":[{"id":52340,"href":"https:\/\/bihavadis.com\/index.php\/wp-json\/wp\/v2\/posts\/52338\/revisions\/52340"}],"wp:featuredmedia":[{"embeddable":true,"href":"https:\/\/bihavadis.com\/index.php\/wp-json\/wp\/v2\/media\/52339"}],"wp:attachment":[{"href":"https:\/\/bihavadis.com\/index.php\/wp-json\/wp\/v2\/media?parent=52338"}],"wp:term":[{"taxonomy":"category","embeddable":true,"href":"https:\/\/bihavadis.com\/index.php\/wp-json\/wp\/v2\/categories?post=52338"},{"taxonomy":"post_tag","embeddable":true,"href":"https:\/\/bihavadis.com\/index.php\/wp-json\/wp\/v2\/tags?post=52338"}],"curies":[{"name":"wp","href":"https:\/\/api.w.org\/{rel}","templated":true}]}}