{"id":52349,"date":"2026-02-28T03:51:09","date_gmt":"2026-02-28T03:51:09","guid":{"rendered":"https:\/\/bihavadis.com\/?p=52349"},"modified":"2026-02-28T03:51:09","modified_gmt":"2026-02-28T03:51:09","slug":"altinorduda-gokhan-suzen-sakatlandi","status":"publish","type":"post","link":"https:\/\/bihavadis.com\/index.php\/2026\/02\/28\/altinorduda-gokhan-suzen-sakatlandi\/","title":{"rendered":"Alt\u0131nordu&#8217;da G\u00f6khan S\u00fczen Sakatland\u0131"},"content":{"rendered":"<p>\n<p>2&#8217;nci Lig Beyaz Grup&#8217;ta d\u00fc\u015fme hatt\u0131nda yer alan Alt\u0131nordu&#8217;da ara transfer d\u00f6neminde anla\u015fma sa\u011flanan 38 ya\u015f\u0131ndaki sol bek G\u00f6khan S\u00fczen&#8217;in \u00e7apraz ba\u011flar\u0131ndan sakatland\u0131\u011f\u0131 \u00f6\u011frenildi. K\u0131rm\u0131z\u0131-lacivertli ekiple ligde ilk ma\u00e7\u0131na Erbaaspor deplasman\u0131nda \u00e7\u0131kt\u0131ktan sonra 17 Ocak&#8217;ta i\u00e7 sahada oynanan \u0130skenderunspor m\u00fcsabakas\u0131nda sakatlanan G\u00f6khan&#8217;\u0131n ameliyat edilmeden tedaviye al\u0131naca\u011f\u0131 ifade edildi. Aya\u011f\u0131n\u0131n \u00e7ime tak\u0131lmas\u0131 nedeniyle sakatlanan tecr\u00fcbeli futbolcunun tedavisinin yan\u0131t vermesi durumunda 1 ay sonra sahalara d\u00f6nebilece\u011fi bildirildi. Son olarak ge\u00e7en sezon Denizlispor&#8217;da oynayan G\u00f6khan ilk yar\u0131da hi\u00e7bir kul\u00fcple anla\u015fmay\u0131p Alt\u0131nordu&#8217;da sahalara d\u00f6nm\u00fc\u015ft\u00fc.<\/p>\n<p>Ligde pazar g\u00fcn\u00fc evinde Ankarag\u00fcc\u00fc&#8217;n\u00fc yenerek bu sezon kendi sahas\u0131ndaki ilk galibiyetini almay\u0131 ve 3 haftal\u0131k ma\u011flubiyet serisini sonland\u0131rmay\u0131 hedefleyen Alt\u0131nordu&#8217;da sar\u0131 kart cezal\u0131s\u0131 Kerim Avc\u0131 ile Bilal Demira\u011f forma giyemeyecek. Bilal, bu hafta U17 Milli Tak\u0131m\u0131&#8217;n\u0131n Antalya&#8217;da yapaca\u011f\u0131 haz\u0131rl\u0131k kamp\u0131na kat\u0131lacak. \u0130zmir ekibinde adale sakatl\u0131\u011f\u0131 ya\u015fayan stoper Eren Tokat da g\u00f6rev alamayacak. Sar\u0131 kart cezalar\u0131 sona eren stoperler Hasan Berat ve Birhan ile bahis soru\u015fturmas\u0131nda ald\u0131\u011f\u0131 3 ayl\u0131k cezas\u0131 biten kaleci Arif ise ilk 11&#8217;deki yerlerine d\u00f6necek.<\/p>\n","protected":false},"excerpt":{"rendered":"<p>Alt\u0131nordu&#8217;nun sol beki G\u00f6khan S\u00fczen, sakatl\u0131k nedeniyle tedavi s\u00fcrecine girdi. 1 ay i\u00e7inde d\u00f6nebilir.<\/p>\n","protected":false},"author":1,"featured_media":52350,"comment_status":"open","ping_status":"open","sticky":false,"template":"","format":"standard","meta":{"footnotes":""},"categories":[14],"tags":[],"class_list":["post-52349","post","type-post","status-publish","format-standard","has-post-thumbnail","hentry","category-spor"],"_links":{"self":[{"href":"https:\/\/bihavadis.com\/index.php\/wp-json\/wp\/v2\/posts\/52349","targetHints":{"allow":["GET"]}}],"collection":[{"href":"https:\/\/bihavadis.com\/index.php\/wp-json\/wp\/v2\/posts"}],"about":[{"href":"https:\/\/bihavadis.com\/index.php\/wp-json\/wp\/v2\/types\/post"}],"author":[{"embeddable":true,"href":"https:\/\/bihavadis.com\/index.php\/wp-json\/wp\/v2\/users\/1"}],"replies":[{"embeddable":true,"href":"https:\/\/bihavadis.com\/index.php\/wp-json\/wp\/v2\/comments?post=52349"}],"version-history":[{"count":1,"href":"https:\/\/bihavadis.com\/index.php\/wp-json\/wp\/v2\/posts\/52349\/revisions"}],"predecessor-version":[{"id":52351,"href":"https:\/\/bihavadis.com\/index.php\/wp-json\/wp\/v2\/posts\/52349\/revisions\/52351"}],"wp:featuredmedia":[{"embeddable":true,"href":"https:\/\/bihavadis.com\/index.php\/wp-json\/wp\/v2\/media\/52350"}],"wp:attachment":[{"href":"https:\/\/bihavadis.com\/index.php\/wp-json\/wp\/v2\/media?parent=52349"}],"wp:term":[{"taxonomy":"category","embeddable":true,"href":"https:\/\/bihavadis.com\/index.php\/wp-json\/wp\/v2\/categories?post=52349"},{"taxonomy":"post_tag","embeddable":true,"href":"https:\/\/bihavadis.com\/index.php\/wp-json\/wp\/v2\/tags?post=52349"}],"curies":[{"name":"wp","href":"https:\/\/api.w.org\/{rel}","templated":true}]}}