{"id":52364,"date":"2026-02-28T04:03:06","date_gmt":"2026-02-28T04:03:06","guid":{"rendered":"https:\/\/bihavadis.com\/?p=52364"},"modified":"2026-02-28T04:03:06","modified_gmt":"2026-02-28T04:03:06","slug":"torbalidaki-fabrika-yangini-kontrol-altina-alindi","status":"publish","type":"post","link":"https:\/\/bihavadis.com\/index.php\/2026\/02\/28\/torbalidaki-fabrika-yangini-kontrol-altina-alindi\/","title":{"rendered":"Torbal\u0131&#8217;daki fabrika yang\u0131n\u0131 kontrol alt\u0131na al\u0131nd\u0131"},"content":{"rendered":"<p>Torbal\u0131\u2019daki geri d\u00f6n\u00fc\u015f\u00fcm fabrikas\u0131nda \u00e7\u0131kan yang\u0131n, itfaiye ekiplerinin h\u0131zl\u0131 ve koordineli m\u00fcdahalesiyle kontrol alt\u0131na al\u0131nd\u0131. Alevlerin \u00e7evredeki di\u011fer fabrikalara s\u0131\u00e7ramas\u0131 engellenerek b\u00fcy\u00fck bir facian\u0131n \u00f6n\u00fcne ge\u00e7ildi.<\/p>\n<p>\u0130zmir\u2019in Torbal\u0131 il\u00e7esi G\u00f6ksu Mahallesi\u2019nde bulunan bir geri d\u00f6n\u00fc\u015f\u00fcm fabrikas\u0131nda bug\u00fcn saat 14.30 s\u0131ralar\u0131nda yang\u0131n \u00e7\u0131kt\u0131. Fabrika \u00e7al\u0131\u015fanlar\u0131 yang\u0131n\u0131 fark eder etmez ilk m\u00fcdahaleyi yang\u0131n t\u00fcpleriyle yapmaya \u00e7al\u0131\u015ft\u0131, ancak alevler k\u0131sa s\u00fcrede kontrol edilemez h\u00e2le geldi. Personel h\u0131zla fabrikay\u0131 terk ederek durumu 112 Acil \u00c7a\u011fr\u0131 Merkezi\u2019ne bildirdi. Fabrika i\u00e7inde yo\u011fun miktarda kimyasal madde bulunmas\u0131 nedeniyle alevler h\u0131zla yay\u0131larak binay\u0131 ve bah\u00e7esini sard\u0131. \u0130hbar \u00fczerine \u0130zmir B\u00fcy\u00fck\u015fehir Belediyesi \u0130tfaiye Dairesi Ba\u015fkanl\u0131\u011f\u0131 ekipleri, 7 ara\u00e7 ve \u00e7ok say\u0131da personel ile k\u0131sa s\u00fcrede olay yerine intikal etti. \u0130tfaiye ekipleri, yo\u011fun ve titiz bir \u00e7al\u0131\u015fma sonucunda yang\u0131n\u0131 yakla\u015f\u0131k 30 dakika i\u00e7inde kontrol alt\u0131na ald\u0131. Ekiplerin h\u0131zl\u0131 ve koordineli m\u00fcdahalesi sayesinde alevlerin \u00e7evredeki fabrikalara sirayeti engellenerek olas\u0131 bir facian\u0131n \u00f6n\u00fcne ge\u00e7ildi. Yang\u0131n sonucunda fabrika kullan\u0131lamaz h\u00e2le gelirken, olayda herhangi bir can kayb\u0131 veya yaralanma ya\u015fanmad\u0131.<\/p>\n<p>\u00a0<\/p>\n<p>Kaynak: (BYZHA) Beyaz Haber Ajans\u0131<\/p>\n","protected":false},"excerpt":{"rendered":"<p>Torbal\u0131\u2019daki geri d\u00f6n\u00fc\u015f\u00fcm fabrikas\u0131nda \u00e7\u0131kan yang\u0131n, itfaiye ekiplerinin h\u0131zl\u0131 ve koordineli m\u00fcdahalesiyle kontrol alt\u0131na al\u0131nd\u0131.<\/p>\n","protected":false},"author":1,"featured_media":52365,"comment_status":"open","ping_status":"open","sticky":false,"template":"","format":"standard","meta":{"footnotes":""},"categories":[4],"tags":[1578,600],"class_list":["post-52364","post","type-post","status-publish","format-standard","has-post-thumbnail","hentry","category-gundem","tag-fabrika","tag-yangin"],"_links":{"self":[{"href":"https:\/\/bihavadis.com\/index.php\/wp-json\/wp\/v2\/posts\/52364","targetHints":{"allow":["GET"]}}],"collection":[{"href":"https:\/\/bihavadis.com\/index.php\/wp-json\/wp\/v2\/posts"}],"about":[{"href":"https:\/\/bihavadis.com\/index.php\/wp-json\/wp\/v2\/types\/post"}],"author":[{"embeddable":true,"href":"https:\/\/bihavadis.com\/index.php\/wp-json\/wp\/v2\/users\/1"}],"replies":[{"embeddable":true,"href":"https:\/\/bihavadis.com\/index.php\/wp-json\/wp\/v2\/comments?post=52364"}],"version-history":[{"count":1,"href":"https:\/\/bihavadis.com\/index.php\/wp-json\/wp\/v2\/posts\/52364\/revisions"}],"predecessor-version":[{"id":52366,"href":"https:\/\/bihavadis.com\/index.php\/wp-json\/wp\/v2\/posts\/52364\/revisions\/52366"}],"wp:featuredmedia":[{"embeddable":true,"href":"https:\/\/bihavadis.com\/index.php\/wp-json\/wp\/v2\/media\/52365"}],"wp:attachment":[{"href":"https:\/\/bihavadis.com\/index.php\/wp-json\/wp\/v2\/media?parent=52364"}],"wp:term":[{"taxonomy":"category","embeddable":true,"href":"https:\/\/bihavadis.com\/index.php\/wp-json\/wp\/v2\/categories?post=52364"},{"taxonomy":"post_tag","embeddable":true,"href":"https:\/\/bihavadis.com\/index.php\/wp-json\/wp\/v2\/tags?post=52364"}],"curies":[{"name":"wp","href":"https:\/\/api.w.org\/{rel}","templated":true}]}}