{"id":52423,"date":"2026-02-28T04:51:11","date_gmt":"2026-02-28T04:51:11","guid":{"rendered":"https:\/\/bihavadis.com\/?p=52423"},"modified":"2026-02-28T04:51:11","modified_gmt":"2026-02-28T04:51:11","slug":"camiler-ilk-teravih-namazi-icin-doldu","status":"publish","type":"post","link":"https:\/\/bihavadis.com\/index.php\/2026\/02\/28\/camiler-ilk-teravih-namazi-icin-doldu\/","title":{"rendered":"Camiler ilk teravih namaz\u0131 i\u00e7in doldu"},"content":{"rendered":"<p>Ba\u015f\u0131 rahmet, ortas\u0131 bereket, sonu ma\u011ffiret vesilesi olan, 11 ay\u0131n sultan\u0131 Ramazan, hilalin g\u00f6r\u00fcnd\u00fc\u011f\u00fc co\u011frafyalarda ilk teravih namaz\u0131yla ba\u015flad\u0131.<\/p>\n<p>Yar\u0131n ilk oru\u00e7 i\u00e7in sahura kalkacak olan M\u00fcsl\u00fcmanlar, Ramazan ay\u0131n\u0131n ilk teravih namaz\u0131n\u0131 k\u0131lmak i\u00e7in camileri doldurdu.<\/p>\n<p>T\u00fcrkiye&#8217;nin bir\u00e7ok ilinde de vatanda\u015flar, genci ve ya\u015fl\u0131s\u0131yla camilere ak\u0131n etti.<\/p>\n<p><strong>BATMAN<\/strong><\/p>\n<p>Batman&#8217;da Hamidiye Camisi&#8217;nde ramazan ay\u0131n\u0131n ilk teravih namaz\u0131 k\u0131l\u0131nd\u0131.<\/p>\n<p><img decoding=\"async\" src=\"https:\/\/bihavadis.com\/wp-content\/uploads\/2026\/02\/camiler-ilk-teravih-namazi-icin-doldu-0-FMelPCGg.jpg\"\/><\/p>\n<p><img decoding=\"async\" src=\"https:\/\/bihavadis.com\/wp-content\/uploads\/2026\/02\/camiler-ilk-teravih-namazi-icin-doldu-1-CHAHQJpO.jpg\"\/><\/p>\n<p><strong>KIR\u015eEH\u0130R<\/strong><\/p>\n<p>K\u0131r\u015fehir\u2019de vatanda\u015flar, ramazan ay\u0131n\u0131n ilk teravih namaz\u0131n\u0131 k\u0131lmak i\u00e7in camilere ak\u0131n etti. Hoca Ahmet Yesevi Camisi&#8217;ne gelen vatanda\u015flar, ilk teravih namaz\u0131n\u0131 eda etti.<\/p>\n<p><img decoding=\"async\" src=\"https:\/\/bihavadis.com\/wp-content\/uploads\/2026\/02\/camiler-ilk-teravih-namazi-icin-doldu-2-g1tnzJfK.jpg\"\/><\/p>\n<p><strong>YOZGAT<\/strong><\/p>\n<p>Yozgat&#8217;ta \u00c7apano\u011flu B\u00fcy\u00fck Camisi&#8217;nde ramazan ay\u0131n\u0131n ilk teravih namaz\u0131 k\u0131l\u0131nd\u0131.<\/p>\n<p><img decoding=\"async\" src=\"https:\/\/bihavadis.com\/wp-content\/uploads\/2026\/02\/camiler-ilk-teravih-namazi-icin-doldu-3-KxIbav5u.jpg\"\/><\/p>\n<p><strong>K\u0130L\u0130S<\/strong><\/p>\n<p>Kilis&#8217;te Hac\u0131 Mustafa C\u00fcmb\u00fc\u015f Camisi&#8217;nde ramazan ay\u0131n\u0131n ilk teravih namaz\u0131 k\u0131l\u0131nd\u0131.\u00a0<\/p>\n<p><img decoding=\"async\" src=\"https:\/\/bihavadis.com\/wp-content\/uploads\/2026\/02\/camiler-ilk-teravih-namazi-icin-doldu-4-rbgjF9pk.jpg\"\/><\/p>\n<p><strong>KAHRAMANMARA\u015e<\/strong><\/p>\n<p>Kahramanmara\u015f&#8217;taki camilerde ramazan ay\u0131n\u0131n ilk teravih namaz\u0131 k\u0131l\u0131nd\u0131. Vatanda\u015flar, Abdulhamithan Camii&#8217;ne ilk teravih i\u00e7in geldi.<\/p>\n<p><img decoding=\"async\" src=\"https:\/\/bihavadis.com\/wp-content\/uploads\/2026\/02\/camiler-ilk-teravih-namazi-icin-doldu-5-DFNgTbqF.jpg\"\/><\/p>\n<p><strong>NEV\u015eEH\u0130R<\/strong><\/p>\n<p>Nev\u015fehir&#8217;de, Nev\u015fehir K\u00fclliyesi Hac\u0131 S\u00fcleyman K\u00f6yba\u015f\u0131 Camisi&#8217;nde ramazan ay\u0131n\u0131n ilk teravih namaz\u0131 k\u0131l\u0131nd\u0131.<\/p>\n<p><img decoding=\"async\" src=\"https:\/\/bihavadis.com\/wp-content\/uploads\/2026\/02\/camiler-ilk-teravih-namazi-icin-doldu-6-Er9XgNUY.jpg\"\/><\/p>\n<p><strong>KIRKLAREL\u0130<\/strong><\/p>\n<p>K\u0131rklareli&#8217;nde H\u0131z\u0131rbey Camisi&#8217;nde ramazan ay\u0131n\u0131n ilk teravih namaz\u0131 k\u0131l\u0131nd\u0131.<\/p>\n<p><img decoding=\"async\" src=\"https:\/\/bihavadis.com\/wp-content\/uploads\/2026\/02\/camiler-ilk-teravih-namazi-icin-doldu-7-9gyYEPYh.jpg\"\/><\/p>\n","protected":false},"excerpt":{"rendered":"<p>Ramazan ay\u0131n\u0131n ilk teravih namaz\u0131 i\u00e7in vatanda\u015flar, genci ve ya\u015fl\u0131s\u0131yla camilere ak\u0131n etti.<\/p>\n","protected":false},"author":1,"featured_media":52424,"comment_status":"open","ping_status":"open","sticky":false,"template":"","format":"standard","meta":{"footnotes":""},"categories":[9,13],"tags":[],"class_list":["post-52423","post","type-post","status-publish","format-standard","has-post-thumbnail","hentry","category-genel","category-son-dakika"],"_links":{"self":[{"href":"https:\/\/bihavadis.com\/index.php\/wp-json\/wp\/v2\/posts\/52423","targetHints":{"allow":["GET"]}}],"collection":[{"href":"https:\/\/bihavadis.com\/index.php\/wp-json\/wp\/v2\/posts"}],"about":[{"href":"https:\/\/bihavadis.com\/index.php\/wp-json\/wp\/v2\/types\/post"}],"author":[{"embeddable":true,"href":"https:\/\/bihavadis.com\/index.php\/wp-json\/wp\/v2\/users\/1"}],"replies":[{"embeddable":true,"href":"https:\/\/bihavadis.com\/index.php\/wp-json\/wp\/v2\/comments?post=52423"}],"version-history":[{"count":1,"href":"https:\/\/bihavadis.com\/index.php\/wp-json\/wp\/v2\/posts\/52423\/revisions"}],"predecessor-version":[{"id":52433,"href":"https:\/\/bihavadis.com\/index.php\/wp-json\/wp\/v2\/posts\/52423\/revisions\/52433"}],"wp:featuredmedia":[{"embeddable":true,"href":"https:\/\/bihavadis.com\/index.php\/wp-json\/wp\/v2\/media\/52424"}],"wp:attachment":[{"href":"https:\/\/bihavadis.com\/index.php\/wp-json\/wp\/v2\/media?parent=52423"}],"wp:term":[{"taxonomy":"category","embeddable":true,"href":"https:\/\/bihavadis.com\/index.php\/wp-json\/wp\/v2\/categories?post=52423"},{"taxonomy":"post_tag","embeddable":true,"href":"https:\/\/bihavadis.com\/index.php\/wp-json\/wp\/v2\/tags?post=52423"}],"curies":[{"name":"wp","href":"https:\/\/api.w.org\/{rel}","templated":true}]}}