{"id":5248,"date":"2026-01-29T21:24:06","date_gmt":"2026-01-29T21:24:06","guid":{"rendered":"https:\/\/bihavadis.com\/?p=5248"},"modified":"2026-01-29T21:24:06","modified_gmt":"2026-01-29T21:24:06","slug":"can-dostlar-patifestte-yeni-yuvalara-kavusacak","status":"publish","type":"post","link":"https:\/\/bihavadis.com\/index.php\/2026\/01\/29\/can-dostlar-patifestte-yeni-yuvalara-kavusacak\/","title":{"rendered":"Can dostlar &#8216;Patifest&#8217;te yeni yuvalara kavu\u015facak"},"content":{"rendered":"<p><b>Kar\u015f\u0131yaka Belediyesi, bu hafta sonu hayvanseverleri \u2018Patifest\u2019te bulu\u015fturacak. Taypark\u2019ta ger\u00e7ekle\u015fecek festivalde, hem sahipsiz hayvanlara yeni yuvalar bulunacak hem de birbirinden renkli etkinliklerle keyif dolu bir g\u00fcn ya\u015fanacak. Ba\u015fkan Y\u0131ld\u0131z \u00dcnsal \u201cHayat\u0131 payla\u015ft\u0131\u011f\u0131m\u0131z can dostlar\u0131m\u0131za sahip \u00e7\u0131kmak i\u00e7in herkesi 5 Ekim\u2019de Taypark\u2019a bekliyoruz\u201d dedi.<\/b><\/p>\n<p>\u00a0<\/p>\n<p>Can dostlar\u0131n ya\u015fam \u015fartlar\u0131n\u0131 iyile\u015ftirmek ve hayvan haklar\u0131na dair fark\u0131ndal\u0131k yaratmak i\u00e7in \u00e7al\u0131\u015fan Kar\u015f\u0131yaka Belediyesi, \u201cD\u00fcnya Hayvanlar\u0131 Koruma G\u00fcn\u00fc\u201d dolay\u0131s\u0131yla anlaml\u0131 bir bulu\u015fmaya imza atacak. Her y\u0131l geleneksel olarak d\u00fczenlenen Patifest, bu kez \u00e7ok say\u0131da k\u00f6pek ve kediyi sahiplendirme hedefiyle, 5 Ekim Cumartesi g\u00fcn\u00fc Taypark\u2019ta ger\u00e7ekle\u015ftirilecek. T\u00fcm \u0130zmirlilerin kat\u0131l\u0131m\u0131na a\u00e7\u0131k olan festival, her ya\u015ftan hayvanseverlere can dostlar ile birlikte keyifli bir g\u00fcn ya\u015fatacak.<\/p>\n<p>\u00a0<\/p>\n<p><b>RENKL\u0130 ETK\u0130NL\u0130KLER, E\u011eLENCEL\u0130 SAATLER<\/b><\/p>\n<p>Saat 14.00\u2019da ba\u015flayacak Kar\u015f\u0131yaka Patifest kapsam\u0131nda, sahiplendirme stand\u0131 kurularak hayvanseverler ile s\u0131cak yuva arayan can dostlar bir araya getirilecek. Stantta, s\u00f6zle\u015fmeli olarak \u00fccretsiz sahiplendirme i\u015flemleri yap\u0131lacak. Vatanda\u015flar\u0131n kendi k\u00f6pekleriyle de kat\u0131labilece\u011fi festivalde e\u011flenceli yar\u0131\u015fmalar d\u00fczenlenecek, s\u00fcrpriz hediyeler da\u011f\u0131t\u0131lacak. Canl\u0131 m\u00fczik dinletisi ve \u00e7ocuklar i\u00e7in y\u00fcz boyama gibi, her ya\u015ftan konuklara y\u00f6nelik renkli etkinlikler ger\u00e7ekle\u015ftirilecek. Ziyaret\u00e7iler, dan\u0131\u015fma stand\u0131nda da veteriner hekimlerden merak ettikleri konular hakk\u0131nda bilgi alabilecek. Ayr\u0131ca, Kar\u015f\u0131yaka Patifest\u2019in sponsoru Reflex Plus, konuklara kedi ve k\u00f6pek mamalar\u0131 hediye edecek.<\/p>\n<p>\u00a0<\/p>\n<p><b>\u201cHAYVAN SEVG\u0130S\u0130N\u0130 B\u0130RL\u0130KTE B\u00dcY\u00dcTEL\u0130M\u201d<\/b><\/p>\n<p>Kar\u015f\u0131yaka Belediye Ba\u015fkan\u0131 Y\u0131ld\u0131z \u00dcnsal \u201c\u00dclkemizde hayvan haklar\u0131 ad\u0131na b\u00fcy\u00fck s\u0131k\u0131nt\u0131lar\u0131n ya\u015fand\u0131\u011f\u0131 bu s\u00fcre\u00e7te, can dostlar\u0131m\u0131za sahip \u00e7\u0131kmak ve y\u00fcreklerimizdeki hayvan sevgisini daha da b\u00fcy\u00fctmek i\u00e7in bir araya geliyoruz. Hayat\u0131 payla\u015ft\u0131\u011f\u0131m\u0131z sokak hayvanlar\u0131n\u0131 hak ettikleri gibi sevgi dolu yuvalara kavu\u015ftururken, dostlar\u0131m\u0131zla birlikte olup keyifli saatler ge\u00e7irece\u011fiz. Dayan\u0131\u015fmam\u0131za, sevgimize ve e\u011flencemize ortak olmak isteyen t\u00fcm hayvan dostlar\u0131n\u0131, 5 Ekim\u2019de Taypark\u2019a bekliyoruz\u201d diye konu\u015ftu.<\/p>\n<p>Kaynak: (BYZHA) Beyaz Haber Ajans\u0131<\/p>\n","protected":false},"excerpt":{"rendered":"<p>Kar\u015f\u0131yaka Belediyesi, bu hafta sonu hayvanseverleri \u2018Patifest\u2019te bulu\u015fturacak. Taypark\u2019ta ger\u00e7ekle\u015fecek festivalde, hem sahipsiz hayvanlara yeni yuvalar bulunacak hem de birbirinden renkli etkinliklerle keyif dolu bir g\u00fcn ya\u015fanacak.<\/p>\n","protected":false},"author":1,"featured_media":5249,"comment_status":"open","ping_status":"open","sticky":false,"template":"","format":"standard","meta":{"footnotes":""},"categories":[4],"tags":[1153,386,1066],"class_list":["post-5248","post","type-post","status-publish","format-standard","has-post-thumbnail","hentry","category-gundem","tag-can-dostlar","tag-hayvan","tag-karsiyaka"],"_links":{"self":[{"href":"https:\/\/bihavadis.com\/index.php\/wp-json\/wp\/v2\/posts\/5248","targetHints":{"allow":["GET"]}}],"collection":[{"href":"https:\/\/bihavadis.com\/index.php\/wp-json\/wp\/v2\/posts"}],"about":[{"href":"https:\/\/bihavadis.com\/index.php\/wp-json\/wp\/v2\/types\/post"}],"author":[{"embeddable":true,"href":"https:\/\/bihavadis.com\/index.php\/wp-json\/wp\/v2\/users\/1"}],"replies":[{"embeddable":true,"href":"https:\/\/bihavadis.com\/index.php\/wp-json\/wp\/v2\/comments?post=5248"}],"version-history":[{"count":1,"href":"https:\/\/bihavadis.com\/index.php\/wp-json\/wp\/v2\/posts\/5248\/revisions"}],"predecessor-version":[{"id":5250,"href":"https:\/\/bihavadis.com\/index.php\/wp-json\/wp\/v2\/posts\/5248\/revisions\/5250"}],"wp:featuredmedia":[{"embeddable":true,"href":"https:\/\/bihavadis.com\/index.php\/wp-json\/wp\/v2\/media\/5249"}],"wp:attachment":[{"href":"https:\/\/bihavadis.com\/index.php\/wp-json\/wp\/v2\/media?parent=5248"}],"wp:term":[{"taxonomy":"category","embeddable":true,"href":"https:\/\/bihavadis.com\/index.php\/wp-json\/wp\/v2\/categories?post=5248"},{"taxonomy":"post_tag","embeddable":true,"href":"https:\/\/bihavadis.com\/index.php\/wp-json\/wp\/v2\/tags?post=5248"}],"curies":[{"name":"wp","href":"https:\/\/api.w.org\/{rel}","templated":true}]}}