{"id":52515,"date":"2026-02-28T05:51:09","date_gmt":"2026-02-28T05:51:09","guid":{"rendered":"https:\/\/bihavadis.com\/?p=52515"},"modified":"2026-02-28T05:51:09","modified_gmt":"2026-02-28T05:51:09","slug":"chpli-vekil-hasan-ozturkmenden-ramazan-genelgesine-tepki","status":"publish","type":"post","link":"https:\/\/bihavadis.com\/index.php\/2026\/02\/28\/chpli-vekil-hasan-ozturkmenden-ramazan-genelgesine-tepki\/","title":{"rendered":"CHP&#8217;li vekil Hasan \u00d6zt\u00fcrkmen&#8217;den Ramazan genelgesine tepki"},"content":{"rendered":"<p>11 ay\u0131n sultan\u0131 Ramazan&#8217;\u0131 kar\u015f\u0131lamaya art\u0131k saatler kald\u0131.<\/p>\n<p>D\u00fcnyada t\u00fcm \u0130slam aleminin heyecanla bekledi\u011fi Ramazan, T\u00fcrkiye&#8217;de de \u00f6zellikle okullarda sevin\u00e7le kar\u015f\u0131lan\u0131yor.<\/p>\n<p>Milli E\u011fitim Bakanl\u0131\u011f\u0131 taraf\u0131ndan okullara g\u00f6nderilen Ramazan genelgesi kapsam\u0131nda, okullar \u0131\u015f\u0131l \u0131\u015f\u0131l s\u00fcslenerek, \u00e7e\u015fitli etkinlikler d\u00fczenlenerek \u00e7ocuklara Ramazan ruhu a\u015f\u0131lan\u0131yor.<\/p>\n<p>Ancak bu durum baz\u0131 kesimleri rahats\u0131z etti.<\/p>\n<p><strong>CHP&#8217;DEN TEPK\u0130<\/strong><\/p>\n<p>Okullarda Ramazan ruhunun ya\u015fat\u0131lmas\u0131n\u0131 istemeyenlerin ba\u015f\u0131nda ise yine CHP oldu.<\/p>\n<p><strong>&#8220;OKULLARDA D\u0130N\u0130 ETK\u0130NL\u0130KLER ANAYASA&#8217;YA AYKIRI&#8221;<\/strong><\/p>\n<p>TBMM Genel Kurulu&#8217;nda konu\u015fan\u00a0CHP Gaziantep Milletvekili Hasan \u00d6zt\u00fcrkmen, genelgenin Anayasa&#8217;ya ayk\u0131r\u0131 oldu\u011funu belirterek \u015funlar\u0131 s\u00f6yledi:<\/p>\n<p>Okullarda dini etkinlikler d\u00fczenlemek a\u00e7\u0131k\u00e7a Anayasa\u2019ya, e\u011fitim bilimine ve uluslararas\u0131 \u00e7ocuk haklar\u0131 s\u00f6zle\u015fmesine ayk\u0131r\u0131d\u0131r.<\/p>\n<p><img decoding=\"async\" src=\"https:\/\/bihavadis.com\/wp-content\/uploads\/2026\/02\/chpli-vekil-hasan-ozturkmenden-ramazan-genelgesine-tepki-0-Lri8GCbh.jpg\"\/><\/p>\n<p><strong>BAKAN TEK\u0130N&#8217;DEN RAMAZAN GENELGES\u0130N\u0130 ELE\u015eT\u0130RENLERE &#8216;NOEL&#8217; YANITI<\/strong><\/p>\n<p>\u00d6te yandan genelgeyle ilgili gelen ele\u015ftirilere yan\u0131t veren Milli E\u011fitim Bakan\u0131 Yusuf Tekin, &#8216;Noel&#8217;i \u00f6rnek vererek \u015fu ifadeleri kullanm\u0131\u015ft\u0131:<\/p>\n<p>Noel a\u011fa\u00e7lar\u0131 s\u00fcslenirken bu ki\u015filerin sesinin \u00e7\u0131kmas\u0131n\u0131 beklerdim. Bunu ele\u015ftirmelerini beklerdim. Bizim k\u00fclt\u00fcr\u00fcm\u00fczde Noel nereye oturuyor? Bunu s\u00f6ylemelerini beklerdim.<\/p>\n<p><img decoding=\"async\" src=\"https:\/\/bihavadis.com\/wp-content\/uploads\/2026\/02\/chpli-vekil-hasan-ozturkmenden-ramazan-genelgesine-tepki-1-JYGYLEXN.jpg\"\/><\/p>\n","protected":false},"excerpt":{"rendered":"<p>Okullarda Ramazan etkinliklerinin d\u00fczenlemesine kar\u015f\u0131 \u00e7\u0131kan CHP Gaziantep Milletvekili Hasan \u00d6zt\u00fcrkmen &#8220;A\u00e7\u0131k\u00e7a Anayasa\u2019ya ayk\u0131r\u0131&#8221; dedi.<\/p>\n","protected":false},"author":1,"featured_media":52516,"comment_status":"open","ping_status":"open","sticky":false,"template":"","format":"standard","meta":{"footnotes":""},"categories":[9,13],"tags":[1457,2714],"class_list":["post-52515","post","type-post","status-publish","format-standard","has-post-thumbnail","hentry","category-genel","category-son-dakika","tag-okullar","tag-ramazan"],"_links":{"self":[{"href":"https:\/\/bihavadis.com\/index.php\/wp-json\/wp\/v2\/posts\/52515","targetHints":{"allow":["GET"]}}],"collection":[{"href":"https:\/\/bihavadis.com\/index.php\/wp-json\/wp\/v2\/posts"}],"about":[{"href":"https:\/\/bihavadis.com\/index.php\/wp-json\/wp\/v2\/types\/post"}],"author":[{"embeddable":true,"href":"https:\/\/bihavadis.com\/index.php\/wp-json\/wp\/v2\/users\/1"}],"replies":[{"embeddable":true,"href":"https:\/\/bihavadis.com\/index.php\/wp-json\/wp\/v2\/comments?post=52515"}],"version-history":[{"count":1,"href":"https:\/\/bihavadis.com\/index.php\/wp-json\/wp\/v2\/posts\/52515\/revisions"}],"predecessor-version":[{"id":52519,"href":"https:\/\/bihavadis.com\/index.php\/wp-json\/wp\/v2\/posts\/52515\/revisions\/52519"}],"wp:featuredmedia":[{"embeddable":true,"href":"https:\/\/bihavadis.com\/index.php\/wp-json\/wp\/v2\/media\/52516"}],"wp:attachment":[{"href":"https:\/\/bihavadis.com\/index.php\/wp-json\/wp\/v2\/media?parent=52515"}],"wp:term":[{"taxonomy":"category","embeddable":true,"href":"https:\/\/bihavadis.com\/index.php\/wp-json\/wp\/v2\/categories?post=52515"},{"taxonomy":"post_tag","embeddable":true,"href":"https:\/\/bihavadis.com\/index.php\/wp-json\/wp\/v2\/tags?post=52515"}],"curies":[{"name":"wp","href":"https:\/\/api.w.org\/{rel}","templated":true}]}}