{"id":52541,"date":"2026-02-28T06:12:06","date_gmt":"2026-02-28T06:12:06","guid":{"rendered":"https:\/\/bihavadis.com\/?p=52541"},"modified":"2026-02-28T06:12:06","modified_gmt":"2026-02-28T06:12:06","slug":"baskan-colakbayrakdar-depremzede-kardeslerimizin-her-daim-yanindayiz","status":"publish","type":"post","link":"https:\/\/bihavadis.com\/index.php\/2026\/02\/28\/baskan-colakbayrakdar-depremzede-kardeslerimizin-her-daim-yanindayiz\/","title":{"rendered":"Ba\u015fkan \u00c7olakbayrakdar: &#8220;Depremzede karde\u015flerimizin her daim yan\u0131nday\u0131z&#8221;"},"content":{"rendered":"<p>Kocasinan Belediye Ba\u015fkan\u0131 Ahmet \u00c7olakbayrakdar, &#8220;asr\u0131n felaketi&#8221; olarak nitelendirilen 6 \u015eubat 2023 Kahramanmara\u015f merkezli depremlerin y\u0131l d\u00f6n\u00fcm\u00fc dolay\u0131s\u0131yla bir mesaj yay\u0131mlad\u0131. T\u00fcrkiye&#8217;nin her zaman oldu\u011fu gibi bu felakette de tek y\u00fcrek oldu\u011funu vurgulayan Ba\u015fkan \u00c7olakbayrakdar, ihtiya\u00e7 duyulan her alanda 7 g\u00fcn 24 saat kesintisiz depremzedelerin yan\u0131nda olduklar\u0131n\u0131 ve olmaya da devam ettiklerini s\u00f6yledi.<\/p>\n<p>Depremin meydana geldi\u011fi ilk andan itibaren devletin t\u00fcm kurumlar\u0131yla sahada oldu\u011funa dikkat \u00e7eken Ba\u015fkan \u00c7olakbayrakdar, Kocasinan Belediyesi olarak da deprem b\u00f6lgesinde ve depremzede vatanda\u015flar\u0131n ihtiya\u00e7 duydu\u011fu her alanda 7 g\u00fcn 24 saat esas\u0131na g\u00f6re kesintisiz hizmet verdiklerini belirtti. T\u00fcrkiye&#8217;nin en b\u00fcy\u00fck g\u00fcc\u00fcn\u00fcn birlik ve beraberlik oldu\u011funun alt\u0131n\u0131 \u00e7izen Ba\u015fkan \u00c7olakbayrakdar, &#8220;6 \u015eubat 2023&#8217;te ya\u015fanan ve 11 ilimizde derin yaralar a\u00e7an bu b\u00fcy\u00fck felakette on binlerce can\u0131m\u0131z\u0131 kaybettik. Ac\u0131m\u0131z tarifsizdi. Ancak o g\u00fcn, milletimizin fedakarl\u0131\u011f\u0131n\u0131, dayan\u0131\u015fmas\u0131n\u0131 ve merhametini en g\u00fc\u00e7l\u00fc \u015fekilde hissetti\u011fimiz anlardan biri oldu.&#8221; dedi.<\/p>\n<p>Ba\u015fkan \u00c7olakbayrakdar mesaj\u0131nda, &#8220;Depremzede karde\u015flerimizin her daim yan\u0131nday\u0131z. Ya\u015fanan b\u00fcy\u00fck afetin ilk an\u0131ndan itibaren devletimiz t\u00fcm kurumlar\u0131yla sahadayd\u0131 ve bug\u00fcn gelinen noktada 455 bin konutun yap\u0131m\u0131n\u0131 tamamlayarak vatanda\u015flar\u0131m\u0131z\u0131 s\u0131cak yuvalar\u0131na kavu\u015fturma kararl\u0131l\u0131\u011f\u0131n\u0131 a\u00e7\u0131k\u00e7a ortaya koymu\u015ftur. Yaralar\u0131n h\u0131zla sar\u0131ld\u0131\u011f\u0131, hayat\u0131n ad\u0131m ad\u0131m yeniden normalle\u015fti\u011fi bu s\u00fcre\u00e7; g\u00fc\u00e7l\u00fc, b\u00fcy\u00fck ve sosyal devlet anlay\u0131\u015f\u0131m\u0131z\u0131n en somut g\u00f6stergesidir. \u015eehirlerimizin aya\u011fa kalkmas\u0131, esnaf\u0131m\u0131z\u0131n yeniden nefes almas\u0131, \u00e7ocuklar\u0131m\u0131z\u0131n g\u00fcvenle gelece\u011fe bakabilmesi i\u00e7in gece g\u00fcnd\u00fcz demeden \u00e7al\u0131\u015f\u0131yoruz. Milletimizin birli\u011fi ve devletimizin kudreti sayesinde umudu b\u00fcy\u00fct\u00fcyor, dayan\u0131\u015fmay\u0131 g\u00fc\u00e7lendiriyor ve daha diren\u00e7li \u015fehirler in\u015fa ederek yar\u0131nlara emin ad\u0131mlarla ilerliyoruz. Bu vesileyle depremde hayat\u0131n\u0131 kaybeden vatanda\u015flar\u0131m\u0131za Allah&#8217;tan rahmet, yak\u0131nlar\u0131na ba\u015fsa\u011fl\u0131\u011f\u0131 ve sab\u0131r diliyorum. Allah milletimizi ve vatan\u0131m\u0131z\u0131 her t\u00fcrl\u00fc afetten muhafaza eylesin, Rabbim bir daha b\u00f6yle ac\u0131lar ya\u015fatmas\u0131n&#8221; ifadelerine yer verdi. &#8211; KAYSER\u0130<\/p>\n","protected":false},"excerpt":{"rendered":"<p>Kocasinan Belediye Ba\u015fkan\u0131 Ahmet \u00c7olakbayrakdar, 6 \u015eubat 2023 Kahramanmara\u015f merkezli depremlerin y\u0131l d\u00f6n\u00fcm\u00fc dolay\u0131s\u0131yla \u00f6nemli bir mesaj yay\u0131mlad\u0131. Birlik ve dayan\u0131\u015fman\u0131n \u00f6nemine vurgu yapan Ba\u015fkan, depremzedelerin ihtiya\u00e7lar\u0131n\u0131n her an kar\u015f\u0131lanmaya devam edece\u011fini belirtti.<\/p>\n","protected":false},"author":1,"featured_media":52542,"comment_status":"open","ping_status":"open","sticky":false,"template":"","format":"standard","meta":{"footnotes":""},"categories":[12],"tags":[516,60],"class_list":["post-52541","post","type-post","status-publish","format-standard","has-post-thumbnail","hentry","category-siyaset","tag-baskan","tag-deprem"],"_links":{"self":[{"href":"https:\/\/bihavadis.com\/index.php\/wp-json\/wp\/v2\/posts\/52541","targetHints":{"allow":["GET"]}}],"collection":[{"href":"https:\/\/bihavadis.com\/index.php\/wp-json\/wp\/v2\/posts"}],"about":[{"href":"https:\/\/bihavadis.com\/index.php\/wp-json\/wp\/v2\/types\/post"}],"author":[{"embeddable":true,"href":"https:\/\/bihavadis.com\/index.php\/wp-json\/wp\/v2\/users\/1"}],"replies":[{"embeddable":true,"href":"https:\/\/bihavadis.com\/index.php\/wp-json\/wp\/v2\/comments?post=52541"}],"version-history":[{"count":1,"href":"https:\/\/bihavadis.com\/index.php\/wp-json\/wp\/v2\/posts\/52541\/revisions"}],"predecessor-version":[{"id":52543,"href":"https:\/\/bihavadis.com\/index.php\/wp-json\/wp\/v2\/posts\/52541\/revisions\/52543"}],"wp:featuredmedia":[{"embeddable":true,"href":"https:\/\/bihavadis.com\/index.php\/wp-json\/wp\/v2\/media\/52542"}],"wp:attachment":[{"href":"https:\/\/bihavadis.com\/index.php\/wp-json\/wp\/v2\/media?parent=52541"}],"wp:term":[{"taxonomy":"category","embeddable":true,"href":"https:\/\/bihavadis.com\/index.php\/wp-json\/wp\/v2\/categories?post=52541"},{"taxonomy":"post_tag","embeddable":true,"href":"https:\/\/bihavadis.com\/index.php\/wp-json\/wp\/v2\/tags?post=52541"}],"curies":[{"name":"wp","href":"https:\/\/api.w.org\/{rel}","templated":true}]}}