{"id":52577,"date":"2026-02-28T06:42:08","date_gmt":"2026-02-28T06:42:08","guid":{"rendered":"https:\/\/bihavadis.com\/?p=52577"},"modified":"2026-02-28T06:42:08","modified_gmt":"2026-02-28T06:42:08","slug":"sultangazide-yer-alti-elektrik-kablolarinda-patlama","status":"publish","type":"post","link":"https:\/\/bihavadis.com\/index.php\/2026\/02\/28\/sultangazide-yer-alti-elektrik-kablolarinda-patlama\/","title":{"rendered":"Sultangazi&#8217;de Yer Alt\u0131 Elektrik Kablolar\u0131nda Patlama"},"content":{"rendered":"<p> Sultangazi&#8217;de yer alt\u0131ndaki elektrik kablolar\u0131n\u0131n olu\u015fan patlama sonucu alev almas\u0131 cep telefonu kameras\u0131yla kaydedildi.<\/p>\n<p>Cebeci Mahallesi 1. Cebeci Caddesi&#8217;ndeki yer alt\u0131 elektrik kablolar\u0131nda gece saatlerinde hen\u00fcz belirlenemeyen nedenle patlama meydana geldi.<\/p>\n<p>Patlaman\u0131n ard\u0131ndan kablolar alev al\u0131rken, sese uyanan mahalle sakinleri durumu itfaiyeye ve elektrik da\u011f\u0131t\u0131m \u015firketine haber verdi.<\/p>\n<p>Kald\u0131r\u0131m ta\u015flar\u0131 aras\u0131ndan y\u00fckselen alevler \u00e7evrede pani\u011fe neden oldu. Alevlerin park halindeki ara\u00e7lara s\u0131\u00e7rama ihtimaline kar\u015f\u0131 s\u00fcr\u00fcc\u00fcler ara\u00e7lar\u0131n\u0131 bulundu\u011fu yerden g\u00fcvenli bir noktaya g\u00f6t\u00fcrd\u00fc.<\/p>\n<p> \u0130tfaiye ekipleri kablolarda \u00e7\u0131kan yang\u0131n\u0131 s\u00f6nd\u00fcr\u00fcrken, b\u00f6lgede elektrik enerjisi de kesildi.<\/p>\n<p>Elektrik da\u011f\u0131t\u0131m \u015firketi g\u00f6revlileri, hasar g\u00f6ren hatt\u0131n onar\u0131m\u0131 i\u00e7in \u00e7al\u0131\u015fma ba\u015flatt\u0131.<\/p>\n<p>B\u00f6lgede esnafl\u0131k yapan Ahmet \u00c7elik, patlama sesi duyup \u00f6nce itfaiyeye ard\u0131ndan ara\u00e7 sahiplerine haber verdiklerini ve s\u00fcr\u00fcc\u00fclerin korkuyla ara\u00e7lar\u0131n\u0131 kurtarmaya \u00e7al\u0131\u015ft\u0131\u011f\u0131n\u0131 anlatt\u0131.<\/p>\n<p>Kablolar\u0131n alev almas\u0131, cep telefonu kameras\u0131yla da kaydedildi.<\/p>\n","protected":false},"excerpt":{"rendered":"<p>Sultangazi&#8217;de elektrik kablolar\u0131ndaki patlama alevlere neden oldu, itfaiye yang\u0131n\u0131 s\u00f6nd\u00fcrd\u00fc.<\/p>\n","protected":false},"author":1,"featured_media":52578,"comment_status":"open","ping_status":"open","sticky":false,"template":"","format":"standard","meta":{"footnotes":""},"categories":[9,4,13],"tags":[3500,392,6635],"class_list":["post-52577","post","type-post","status-publish","format-standard","has-post-thumbnail","hentry","category-genel","category-gundem","category-son-dakika","tag-alev","tag-elektrik","tag-kablolar"],"_links":{"self":[{"href":"https:\/\/bihavadis.com\/index.php\/wp-json\/wp\/v2\/posts\/52577","targetHints":{"allow":["GET"]}}],"collection":[{"href":"https:\/\/bihavadis.com\/index.php\/wp-json\/wp\/v2\/posts"}],"about":[{"href":"https:\/\/bihavadis.com\/index.php\/wp-json\/wp\/v2\/types\/post"}],"author":[{"embeddable":true,"href":"https:\/\/bihavadis.com\/index.php\/wp-json\/wp\/v2\/users\/1"}],"replies":[{"embeddable":true,"href":"https:\/\/bihavadis.com\/index.php\/wp-json\/wp\/v2\/comments?post=52577"}],"version-history":[{"count":1,"href":"https:\/\/bihavadis.com\/index.php\/wp-json\/wp\/v2\/posts\/52577\/revisions"}],"predecessor-version":[{"id":52579,"href":"https:\/\/bihavadis.com\/index.php\/wp-json\/wp\/v2\/posts\/52577\/revisions\/52579"}],"wp:featuredmedia":[{"embeddable":true,"href":"https:\/\/bihavadis.com\/index.php\/wp-json\/wp\/v2\/media\/52578"}],"wp:attachment":[{"href":"https:\/\/bihavadis.com\/index.php\/wp-json\/wp\/v2\/media?parent=52577"}],"wp:term":[{"taxonomy":"category","embeddable":true,"href":"https:\/\/bihavadis.com\/index.php\/wp-json\/wp\/v2\/categories?post=52577"},{"taxonomy":"post_tag","embeddable":true,"href":"https:\/\/bihavadis.com\/index.php\/wp-json\/wp\/v2\/tags?post=52577"}],"curies":[{"name":"wp","href":"https:\/\/api.w.org\/{rel}","templated":true}]}}