{"id":52593,"date":"2026-02-28T06:57:07","date_gmt":"2026-02-28T06:57:07","guid":{"rendered":"https:\/\/bihavadis.com\/?p=52593"},"modified":"2026-02-28T06:57:07","modified_gmt":"2026-02-28T06:57:07","slug":"epsteinin-guvenlik-sistemini-israil-hukumetinin-kurdugu-iddiasi","status":"publish","type":"post","link":"https:\/\/bihavadis.com\/index.php\/2026\/02\/28\/epsteinin-guvenlik-sistemini-israil-hukumetinin-kurdugu-iddiasi\/","title":{"rendered":"Epstein&#8217;in g\u00fcvenlik sistemini \u0130srail h\u00fck\u00fcmetinin kurdu\u011fu iddias\u0131"},"content":{"rendered":"<p>ABD&#8217;de re\u015fit olmayan k\u0131z \u00e7ocuklar\u0131na y\u00f6nelik fuhu\u015f a\u011f\u0131 kurdu\u011fu iddias\u0131yla yarg\u0131land\u0131\u011f\u0131 s\u0131rada hapishanede \u00f6l\u00fc bulunan milyarder Jeffrey Epstein&#8217;in New York&#8217;a geldi\u011fi d\u00f6nemlerde kald\u0131\u011f\u0131 apartmana g\u00fcvenlik sistemlerinin \u0130srail h\u00fck\u00fcmeti taraf\u0131ndan yerle\u015ftirildi\u011fini \u00f6ne s\u00fcr\u00fcld\u00fc.<\/p>\n<p>Kar amac\u0131 g\u00fctmeyen Drop Site News adl\u0131 haber sitesinin\u00a0haberinde s\u00f6z konusu g\u00fcvenlik ekipmanlar\u0131n\u0131n 2016&#8217;n\u0131n ba\u015flar\u0131nda eski \u0130srail Ba\u015fbakan\u0131 Ehud Barak&#8217;\u0131n da s\u0131k s\u0131k kald\u0131\u011f\u0131 Manhattan 66. Sokak&#8217;taki 301 numaral\u0131 binaya kurulmaya ba\u015fland\u0131\u011f\u0131 belirtildi.<\/p>\n<p>E-posta yaz\u0131\u015fmalar\u0131nda Epstein&#8217;in bizzat ekipman\u0131n kurulumunu onaylad\u0131\u011f\u0131 ve \u00e7al\u0131\u015fanlar\u0131 ile \u0130srail g\u00fcvenlik yetkilileri aras\u0131nda toplant\u0131lar yap\u0131lmas\u0131na izin verdi\u011fi ifade edildi.<\/p>\n<p><img decoding=\"async\" src=\"https:\/\/bihavadis.com\/wp-content\/uploads\/2026\/02\/epsteinin-guvenlik-sistemini-israil-hukumetinin-kurdugu-iddiasi-0-xgGTTTMZ.jpg\"\/><\/p>\n<p><strong>EPSTEIN&#8217;\u0130N BA\u011eLANTIDA OLDU\u011eU K\u0130\u015e\u0130LERE K\u0130RALANMI\u015e<\/strong><\/p>\n<p>Ehud Barak&#8217;\u0131n kald\u0131\u011f\u0131 dairedeki g\u00fcvenlik \u00e7al\u0131\u015fmalar\u0131n\u0131n en az iki y\u0131l devam etti\u011fi ve \u0130srail&#8217;in Birle\u015fmi\u015f Milletler Daimi Temsilcili\u011fi yetkililerinin g\u00fcvenlik konusunda Epstein&#8217;in personeliyle d\u00fczenli olarak yaz\u0131\u015ft\u0131\u011f\u0131n\u0131n ortaya \u00e7\u0131kt\u0131\u011f\u0131 aktar\u0131ld\u0131.<\/p>\n<p>Haberde ayr\u0131ca binadaki dairelerin s\u0131k \u200b\u200bs\u0131k Epstein&#8217;in ba\u011flant\u0131da oldu\u011fu ki\u015filere kiraland\u0131\u011f\u0131 ve re\u015fit olmayan mankenlerin bar\u0131nd\u0131r\u0131lmas\u0131 i\u00e7in kullan\u0131ld\u0131\u011f\u0131 bilgilerine de yer verildi.<\/p>\n<p><strong>BARAK-EPSTEIN BA\u011eLANTISI 2019&#8217;DA BASINA YANSIMI\u015eTI<\/strong><\/p>\n<p>Epstein&#8217;in 2019&#8217;da Manhattan&#8217;daki hapishanede intihar etti\u011fi haberlerinin ard\u0131ndan Barak&#8217;\u0131n milyarder i\u015f insan\u0131yla birka\u00e7 kez g\u00f6r\u00fc\u015ft\u00fc\u011f\u00fc haberlere yans\u0131m\u0131\u015ft\u0131.<\/p>\n<p>\u0130srail Ba\u015fbakan\u0131 Binyamin Netanyahu, Epstein&#8217;in rakibi olan Barak ile yak\u0131n ili\u015fkisinin onun \u0130srail ile olan ba\u011flar\u0131n\u0131 g\u00fc\u00e7lendirmekten ziyade zay\u0131flatt\u0131\u011f\u0131n\u0131 iddia etmi\u015fti.<\/p>\n","protected":false},"excerpt":{"rendered":"<p>Jeffrey Epstein&#8217;in New York&#8217;ta ya\u015fad\u0131\u011f\u0131 apartman\u0131n g\u00fcvenlik sisteminin \u0130srail h\u00fck\u00fcmeti taraf\u0131ndan kuruldu\u011fu iddia edildi.<\/p>\n","protected":false},"author":1,"featured_media":52594,"comment_status":"open","ping_status":"open","sticky":false,"template":"","format":"standard","meta":{"footnotes":""},"categories":[6],"tags":[2237,3584,737,792],"class_list":["post-52593","post","type-post","status-publish","format-standard","has-post-thumbnail","hentry","category-dunya","tag-barak","tag-epsteinin","tag-guvenlik","tag-israil"],"_links":{"self":[{"href":"https:\/\/bihavadis.com\/index.php\/wp-json\/wp\/v2\/posts\/52593","targetHints":{"allow":["GET"]}}],"collection":[{"href":"https:\/\/bihavadis.com\/index.php\/wp-json\/wp\/v2\/posts"}],"about":[{"href":"https:\/\/bihavadis.com\/index.php\/wp-json\/wp\/v2\/types\/post"}],"author":[{"embeddable":true,"href":"https:\/\/bihavadis.com\/index.php\/wp-json\/wp\/v2\/users\/1"}],"replies":[{"embeddable":true,"href":"https:\/\/bihavadis.com\/index.php\/wp-json\/wp\/v2\/comments?post=52593"}],"version-history":[{"count":1,"href":"https:\/\/bihavadis.com\/index.php\/wp-json\/wp\/v2\/posts\/52593\/revisions"}],"predecessor-version":[{"id":52596,"href":"https:\/\/bihavadis.com\/index.php\/wp-json\/wp\/v2\/posts\/52593\/revisions\/52596"}],"wp:featuredmedia":[{"embeddable":true,"href":"https:\/\/bihavadis.com\/index.php\/wp-json\/wp\/v2\/media\/52594"}],"wp:attachment":[{"href":"https:\/\/bihavadis.com\/index.php\/wp-json\/wp\/v2\/media?parent=52593"}],"wp:term":[{"taxonomy":"category","embeddable":true,"href":"https:\/\/bihavadis.com\/index.php\/wp-json\/wp\/v2\/categories?post=52593"},{"taxonomy":"post_tag","embeddable":true,"href":"https:\/\/bihavadis.com\/index.php\/wp-json\/wp\/v2\/tags?post=52593"}],"curies":[{"name":"wp","href":"https:\/\/api.w.org\/{rel}","templated":true}]}}